{"id":2164,"date":"2018-11-27T21:41:40","date_gmt":"2018-11-27T21:41:40","guid":{"rendered":"http:\/\/www.cedol.org.ar\/logistica\/?p=2164"},"modified":"2018-11-27T21:42:09","modified_gmt":"2018-11-27T21:42:09","slug":"noticias-del-sector-noviembre","status":"publish","type":"post","link":"https:\/\/www.cedol.org.ar\/logistica\/noticias-del-sector-noviembre\/","title":{"rendered":"NOTICIAS DEL SECTOR &#8211; NOVIEMBRE"},"content":{"rendered":"<h2>Novedades del mes: Mejor rendimiento financiero (Grupo Gefco); Configuraciones de transporte terrestre; Renovaci\u00f3n de autoridades (APROCAM) y Premio ADE 2018 a Oscar Andreani.<\/h2>\n<h3>Mejor rendimiento financiero<\/h3>\n<p>Grupo GEFCO anunci\u00f3 s\u00f3lidos resultados financieros para la primera mitad de 2018 y un crecimiento de 6,2% en ingresos, impulsado por las fuertes ventas de soluciones log\u00edsticas integrales y por los resultados de un esfuerzo continuo para aprovechar su experiencia en soluciones complejas, que le permitan ganar confianza de nuevos clientes y aumentar el negocio con los ya existentes.<\/p>\n<p>Luc Nadal, presidente de la Junta Directiva, destac\u00f3: <em>\u201cestos resultados resaltan la capacidad para satisfacer de manera constante las necesidades de los clientes. Nuestro modelo de negocios, basado en activos, junto a una s\u00f3lida posici\u00f3n financiera, ofrece enormes oportunidades para perseguir una estrategia de crecimiento din\u00e1mica y diversificada\u00bb<\/em>.<\/p>\n<h3>Configuraciones de transporte terrestre<\/h3>\n<p>La C\u00e1mara de la Industria Qu\u00edmica y Petroqu\u00edmica (CIQyP), en colaboraci\u00f3n con CATAMP (C\u00e1mara Argentina de Transporte Automotor de Mercanc\u00edas y Residuos Peligrosos) y FADEEAC (Federaci\u00f3n Argentina de Entidades Empresarias del Autotransporte de Cargas) llevaron adelante un seminario instructivo denominado <em>\u201cConfiguraciones de Transporte Terrestre\u201d<\/em>.<\/p>\n<p>El encuentro cont\u00f3 con la disertaci\u00f3n del Lic. Julio Vel\u00e1zquez Arancibia, gerente de FADEEAC; el Ing. Guido Heras, Director del Departamento T\u00e9cnico de la Fundaci\u00f3n Profesional para el Transporte (FPT); y de la T\u00e9c. Mariana Leoni, Coordinadora de los proyectos de la Fundaci\u00f3n Biodiversidad Argentina y de la Asociaci\u00f3n Argentina de M\u00e9dicos por el Medio Ambiente (AAMMA) y miembro del equipo del componente de salud del Programa Rango Verde; quien inform\u00f3 acerca de los efectos sobre la salud de la contaminaci\u00f3n atmosf\u00e9rica y la necesidad de reducirla.<\/p>\n<h3>Renovaci\u00f3n de autoridades<\/h3>\n<p>En Asamblea Anual Ordinaria se renovaron las autoridades de <strong>APROCAM<\/strong> por mandato de sus socios, quedando como presidente <strong>Daniel Luis Gallart<\/strong> y como vicepresidente <strong>Leonardo Andreu<\/strong>. Por su parte, Guido Calzetti, ex presidente de la entidad, permanece en la Comisi\u00f3n Directiva como Secretario.<\/p>\n<p>Gracias a la amplia participaci\u00f3n de los miembros de la Asociaci\u00f3n se pudo desarrollar normalmente el cambio de autoridades, que regir\u00e1 por dos a\u00f1os en el caso de presidente y vice. Gallart marca una continuidad en la conducci\u00f3n ya que ha trabajado en todos los temas de importancia junto a la Comisi\u00f3n Directiva desde su anterior posici\u00f3n.<\/p>\n<h3>Premio ADE 2018 al Dirigente de Empresa<\/h3>\n<p>La Asociaci\u00f3n Dirigentes de Empresa (ADE) le otorg\u00f3 a <strong>Oscar Andreani<\/strong>, presidente del <strong>Grupo Log\u00edstico Andreani<\/strong>, el <em>\u201cPremio al Dirigente de Empresa 2018\u201d<\/em>, que distingue a ejecutivos que se han destacado por su continua labor para lograr la excelencia y el liderazgo de sus organizaciones.<\/p>\n<p><em>\u00abEl gran valor de nuestra empresa son las personas que la integran. La innovaci\u00f3n, la implementaci\u00f3n de tecnolog\u00edas para mejorar el servicio, la integraci\u00f3n con las comunidades y la b\u00fasqueda de pr\u00e1cticas amigables con el ambiente viene de ellas. Aprendo, me nutro y construyo desde sus ideas. Son las responsables de la vitalidad y sustentabilidad de la organizaci\u00f3n que presido\u00bb<\/em>, se\u00f1al\u00f3 Oscar Andreani, reconocido en la categor\u00eda Servicios.<\/p>\n","protected":false},"excerpt":{"rendered":"<p>Novedades del mes: Mejor rendimiento financiero (Grupo Gefco); Configuraciones de transporte terrestre; Renovaci\u00f3n de autoridades (APROCAM) y Premio ADE 2018 a Oscar Andreani. Mejor rendimiento [&hellip;]<\/p>\n","protected":false},"author":1,"featured_media":2165,"comment_status":"open","ping_status":"open","sticky":false,"template":"","format":"standard","meta":{"_monsterinsights_skip_tracking":false,"_monsterinsights_sitenote_active":false,"_monsterinsights_sitenote_note":"","_monsterinsights_sitenote_category":0,"footnotes":""},"categories":[4],"tags":[],"class_list":["post-2164","post","type-post","status-publish","format-standard","has-post-thumbnail","hentry","category-noticias"],"yoast_head":"<!-- This site is optimized with the Yoast SEO plugin v22.3 - https:\/\/yoast.com\/wordpress\/plugins\/seo\/ -->\n<title>NOTICIAS DEL SECTOR - NOVIEMBRE &#187; CEDOL<\/title>\n<meta name=\"description\" content=\"Mejor rendimiento financiero (Grupo Gefco); Configuraciones de transporte terrestre; Renovaci\u00f3n de autoridades (APROCAM) y Premio ADE 2018 a Oscar Andreani.\" \/>\n<meta name=\"robots\" content=\"index, follow, max-snippet:-1, max-image-preview:large, max-video-preview:-1\" \/>\n<link rel=\"canonical\" href=\"https:\/\/www.cedol.org.ar\/logistica\/noticias-del-sector-noviembre\/\" \/>\n<meta property=\"og:locale\" content=\"es_ES\" \/>\n<meta property=\"og:type\" content=\"article\" \/>\n<meta property=\"og:title\" content=\"NOTICIAS DEL SECTOR - NOVIEMBRE &#187; CEDOL\" \/>\n<meta property=\"og:description\" content=\"Mejor rendimiento financiero (Grupo Gefco); Configuraciones de transporte terrestre; Renovaci\u00f3n de autoridades (APROCAM) y Premio ADE 2018 a Oscar Andreani.\" \/>\n<meta property=\"og:url\" content=\"https:\/\/www.cedol.org.ar\/logistica\/noticias-del-sector-noviembre\/\" \/>\n<meta property=\"og:site_name\" content=\"CEDOL\" \/>\n<meta property=\"article:published_time\" content=\"2018-11-27T21:41:40+00:00\" \/>\n<meta property=\"article:modified_time\" content=\"2018-11-27T21:42:09+00:00\" \/>\n<meta property=\"og:image\" content=\"https:\/\/www.cedol.org.ar\/logistica\/wp-content\/uploads\/2018\/11\/FOTO-4.jpg\" \/>\n\t<meta property=\"og:image:width\" content=\"1070\" \/>\n\t<meta property=\"og:image:height\" content=\"540\" \/>\n\t<meta property=\"og:image:type\" content=\"image\/jpeg\" \/>\n<meta name=\"author\" content=\"admin\" \/>\n<meta name=\"twitter:card\" content=\"summary_large_image\" \/>\n<meta name=\"twitter:label1\" content=\"Escrito por\" \/>\n\t<meta name=\"twitter:data1\" content=\"admin\" \/>\n\t<meta name=\"twitter:label2\" content=\"Tiempo de lectura\" \/>\n\t<meta name=\"twitter:data2\" content=\"3 minutos\" \/>\n<script type=\"application\/ld+json\" class=\"yoast-schema-graph\">{\"@context\":\"https:\/\/schema.org\",\"@graph\":[{\"@type\":\"WebPage\",\"@id\":\"https:\/\/www.cedol.org.ar\/logistica\/noticias-del-sector-noviembre\/\",\"url\":\"https:\/\/www.cedol.org.ar\/logistica\/noticias-del-sector-noviembre\/\",\"name\":\"NOTICIAS DEL SECTOR - NOVIEMBRE &#187; CEDOL\",\"isPartOf\":{\"@id\":\"https:\/\/www.cedol.org.ar\/logistica\/#website\"},\"primaryImageOfPage\":{\"@id\":\"https:\/\/www.cedol.org.ar\/logistica\/noticias-del-sector-noviembre\/#primaryimage\"},\"image\":{\"@id\":\"https:\/\/www.cedol.org.ar\/logistica\/noticias-del-sector-noviembre\/#primaryimage\"},\"thumbnailUrl\":\"https:\/\/www.cedol.org.ar\/logistica\/wp-content\/uploads\/2018\/11\/FOTO-4.jpg\",\"datePublished\":\"2018-11-27T21:41:40+00:00\",\"dateModified\":\"2018-11-27T21:42:09+00:00\",\"author\":{\"@id\":\"https:\/\/www.cedol.org.ar\/logistica\/#\/schema\/person\/40275bdb20446824fc74d51aabe22e83\"},\"description\":\"Mejor rendimiento financiero (Grupo Gefco); Configuraciones de transporte terrestre; Renovaci\u00f3n de autoridades (APROCAM) y Premio ADE 2018 a Oscar Andreani.\",\"breadcrumb\":{\"@id\":\"https:\/\/www.cedol.org.ar\/logistica\/noticias-del-sector-noviembre\/#breadcrumb\"},\"inLanguage\":\"es\",\"potentialAction\":[{\"@type\":\"ReadAction\",\"target\":[\"https:\/\/www.cedol.org.ar\/logistica\/noticias-del-sector-noviembre\/\"]}]},{\"@type\":\"ImageObject\",\"inLanguage\":\"es\",\"@id\":\"https:\/\/www.cedol.org.ar\/logistica\/noticias-del-sector-noviembre\/#primaryimage\",\"url\":\"https:\/\/www.cedol.org.ar\/logistica\/wp-content\/uploads\/2018\/11\/FOTO-4.jpg\",\"contentUrl\":\"https:\/\/www.cedol.org.ar\/logistica\/wp-content\/uploads\/2018\/11\/FOTO-4.jpg\",\"width\":1070,\"height\":540},{\"@type\":\"BreadcrumbList\",\"@id\":\"https:\/\/www.cedol.org.ar\/logistica\/noticias-del-sector-noviembre\/#breadcrumb\",\"itemListElement\":[{\"@type\":\"ListItem\",\"position\":1,\"name\":\"Home\",\"item\":\"https:\/\/www.cedol.org.ar\/logistica\/\"},{\"@type\":\"ListItem\",\"position\":2,\"name\":\"NOTICIAS DEL SECTOR &#8211; NOVIEMBRE\"}]},{\"@type\":\"WebSite\",\"@id\":\"https:\/\/www.cedol.org.ar\/logistica\/#website\",\"url\":\"https:\/\/www.cedol.org.ar\/logistica\/\",\"name\":\"CEDOL\",\"description\":\"C\u00c1MARA EMPRESARIA DE OPERADORES LOG\u00cdSTICOS\",\"potentialAction\":[{\"@type\":\"SearchAction\",\"target\":{\"@type\":\"EntryPoint\",\"urlTemplate\":\"https:\/\/www.cedol.org.ar\/logistica\/?s={search_term_string}\"},\"query-input\":\"required name=search_term_string\"}],\"inLanguage\":\"es\"},{\"@type\":\"Person\",\"@id\":\"https:\/\/www.cedol.org.ar\/logistica\/#\/schema\/person\/40275bdb20446824fc74d51aabe22e83\",\"name\":\"admin\"}]}<\/script>\n<!-- \/ Yoast SEO plugin. -->","yoast_head_json":{"title":"NOTICIAS DEL SECTOR - NOVIEMBRE &#187; CEDOL","description":"Mejor rendimiento financiero (Grupo Gefco); Configuraciones de transporte terrestre; Renovaci\u00f3n de autoridades (APROCAM) y Premio ADE 2018 a Oscar Andreani.","robots":{"index":"index","follow":"follow","max-snippet":"max-snippet:-1","max-image-preview":"max-image-preview:large","max-video-preview":"max-video-preview:-1"},"canonical":"https:\/\/www.cedol.org.ar\/logistica\/noticias-del-sector-noviembre\/","og_locale":"es_ES","og_type":"article","og_title":"NOTICIAS DEL SECTOR - NOVIEMBRE &#187; CEDOL","og_description":"Mejor rendimiento financiero (Grupo Gefco); Configuraciones de transporte terrestre; Renovaci\u00f3n de autoridades (APROCAM) y Premio ADE 2018 a Oscar Andreani.","og_url":"https:\/\/www.cedol.org.ar\/logistica\/noticias-del-sector-noviembre\/","og_site_name":"CEDOL","article_published_time":"2018-11-27T21:41:40+00:00","article_modified_time":"2018-11-27T21:42:09+00:00","og_image":[{"width":1070,"height":540,"url":"https:\/\/www.cedol.org.ar\/logistica\/wp-content\/uploads\/2018\/11\/FOTO-4.jpg","type":"image\/jpeg"}],"author":"admin","twitter_card":"summary_large_image","twitter_misc":{"Escrito por":"admin","Tiempo de lectura":"3 minutos"},"schema":{"@context":"https:\/\/schema.org","@graph":[{"@type":"WebPage","@id":"https:\/\/www.cedol.org.ar\/logistica\/noticias-del-sector-noviembre\/","url":"https:\/\/www.cedol.org.ar\/logistica\/noticias-del-sector-noviembre\/","name":"NOTICIAS DEL SECTOR - NOVIEMBRE &#187; CEDOL","isPartOf":{"@id":"https:\/\/www.cedol.org.ar\/logistica\/#website"},"primaryImageOfPage":{"@id":"https:\/\/www.cedol.org.ar\/logistica\/noticias-del-sector-noviembre\/#primaryimage"},"image":{"@id":"https:\/\/www.cedol.org.ar\/logistica\/noticias-del-sector-noviembre\/#primaryimage"},"thumbnailUrl":"https:\/\/www.cedol.org.ar\/logistica\/wp-content\/uploads\/2018\/11\/FOTO-4.jpg","datePublished":"2018-11-27T21:41:40+00:00","dateModified":"2018-11-27T21:42:09+00:00","author":{"@id":"https:\/\/www.cedol.org.ar\/logistica\/#\/schema\/person\/40275bdb20446824fc74d51aabe22e83"},"description":"Mejor rendimiento financiero (Grupo Gefco); Configuraciones de transporte terrestre; Renovaci\u00f3n de autoridades (APROCAM) y Premio ADE 2018 a Oscar Andreani.","breadcrumb":{"@id":"https:\/\/www.cedol.org.ar\/logistica\/noticias-del-sector-noviembre\/#breadcrumb"},"inLanguage":"es","potentialAction":[{"@type":"ReadAction","target":["https:\/\/www.cedol.org.ar\/logistica\/noticias-del-sector-noviembre\/"]}]},{"@type":"ImageObject","inLanguage":"es","@id":"https:\/\/www.cedol.org.ar\/logistica\/noticias-del-sector-noviembre\/#primaryimage","url":"https:\/\/www.cedol.org.ar\/logistica\/wp-content\/uploads\/2018\/11\/FOTO-4.jpg","contentUrl":"https:\/\/www.cedol.org.ar\/logistica\/wp-content\/uploads\/2018\/11\/FOTO-4.jpg","width":1070,"height":540},{"@type":"BreadcrumbList","@id":"https:\/\/www.cedol.org.ar\/logistica\/noticias-del-sector-noviembre\/#breadcrumb","itemListElement":[{"@type":"ListItem","position":1,"name":"Home","item":"https:\/\/www.cedol.org.ar\/logistica\/"},{"@type":"ListItem","position":2,"name":"NOTICIAS DEL SECTOR &#8211; NOVIEMBRE"}]},{"@type":"WebSite","@id":"https:\/\/www.cedol.org.ar\/logistica\/#website","url":"https:\/\/www.cedol.org.ar\/logistica\/","name":"CEDOL","description":"C\u00c1MARA EMPRESARIA DE OPERADORES LOG\u00cdSTICOS","potentialAction":[{"@type":"SearchAction","target":{"@type":"EntryPoint","urlTemplate":"https:\/\/www.cedol.org.ar\/logistica\/?s={search_term_string}"},"query-input":"required name=search_term_string"}],"inLanguage":"es"},{"@type":"Person","@id":"https:\/\/www.cedol.org.ar\/logistica\/#\/schema\/person\/40275bdb20446824fc74d51aabe22e83","name":"admin"}]}},"_links":{"self":[{"href":"https:\/\/www.cedol.org.ar\/logistica\/wp-json\/wp\/v2\/posts\/2164","targetHints":{"allow":["GET"]}}],"collection":[{"href":"https:\/\/www.cedol.org.ar\/logistica\/wp-json\/wp\/v2\/posts"}],"about":[{"href":"https:\/\/www.cedol.org.ar\/logistica\/wp-json\/wp\/v2\/types\/post"}],"author":[{"embeddable":true,"href":"https:\/\/www.cedol.org.ar\/logistica\/wp-json\/wp\/v2\/users\/1"}],"replies":[{"embeddable":true,"href":"https:\/\/www.cedol.org.ar\/logistica\/wp-json\/wp\/v2\/comments?post=2164"}],"version-history":[{"count":1,"href":"https:\/\/www.cedol.org.ar\/logistica\/wp-json\/wp\/v2\/posts\/2164\/revisions"}],"predecessor-version":[{"id":2166,"href":"https:\/\/www.cedol.org.ar\/logistica\/wp-json\/wp\/v2\/posts\/2164\/revisions\/2166"}],"wp:featuredmedia":[{"embeddable":true,"href":"https:\/\/www.cedol.org.ar\/logistica\/wp-json\/wp\/v2\/media\/2165"}],"wp:attachment":[{"href":"https:\/\/www.cedol.org.ar\/logistica\/wp-json\/wp\/v2\/media?parent=2164"}],"wp:term":[{"taxonomy":"category","embeddable":true,"href":"https:\/\/www.cedol.org.ar\/logistica\/wp-json\/wp\/v2\/categories?post=2164"},{"taxonomy":"post_tag","embeddable":true,"href":"https:\/\/www.cedol.org.ar\/logistica\/wp-json\/wp\/v2\/tags?post=2164"}],"curies":[{"name":"wp","href":"https:\/\/api.w.org\/{rel}","templated":true}]}}