{"id":2133,"date":"2018-10-30T00:32:05","date_gmt":"2018-10-30T00:32:05","guid":{"rendered":"http:\/\/www.cedol.org.ar\/logistica\/?p=2133"},"modified":"2018-10-30T00:32:05","modified_gmt":"2018-10-30T00:32:05","slug":"cedol-celebro-20-anos","status":"publish","type":"post","link":"https:\/\/www.cedol.org.ar\/logistica\/cedol-celebro-20-anos\/","title":{"rendered":"CEDOL CELEBR\u00d3 SUS 20 A\u00d1OS"},"content":{"rendered":"<p>Hace 20 a\u00f1os, un grupo de 15 empresas de log\u00edstica decidi\u00f3 unirse para compartir pr\u00e1cticas y valores, desarrollar la actividad y generar confianza en un sector que se consolidaba a nivel local. En ese momento nac\u00eda la C\u00e1mara Empresaria de Operadores Log\u00edsticos (Cedol) y, entre sus fundadoras, se encontraban compa\u00f1\u00edas como Agrocom, Andreani, ATA, CAT, Celsur, Distribuidora Metropolitana, Emery, Gargano, Loginter, Oliva, Provinter, Ryder, Saf, Trans y Villalonga Furlong.<\/p>\n<p>En aquella reuni\u00f3n de 1998, este conjunto de empresas daba un paso clave para la profesionalizaci\u00f3n de la log\u00edstica argentina. Hoy, Cedol cuenta con 39 socios activos que, en conjunto, facturan m\u00e1s de $30.000 millones al a\u00f1o; organiz\u00f3 10 Encuentros Profesionales que se volvieron un cl\u00e1sico, edit\u00f3 publicaciones t\u00e9cnicas, un Manual de Buenas Pr\u00e1cticas y, por sobre todas las cosas, llev\u00f3 a la log\u00edstica nacional a convertirse en referente regional y latinoamericano.<\/p>\n<p>Con este recorrido, y pese a la dif\u00edcil situaci\u00f3n econ\u00f3mica que atraviesa la econom\u00eda en general, los directivos consideraron necesario celebrar sus primeros 20 a\u00f1os junto con asociados y colaboradores porque <em>\u00abempresarios y dirigentes trabajamos con pasi\u00f3n y esfuerzo para hacer realidad los objetivos q compartimos desde nuestra creaci\u00f3n\u201d<\/em>, se\u00f1al\u00f3 <strong>Jorge L\u00f3pez, presidente de Cedol<\/strong>.<\/p>\n<p>El ejecutivo tambi\u00e9n se refiri\u00f3 a la actualidad al indicar que <em>\u00abnos quieren meter en disputas de otros grupos de poder y se nos critica injustamente por intereses mezquinos, pero nuestra respuesta debe ser la de siempre: trabajar para el desarrollo, con\u00a0 profesionalismo y m\u00e1s servicios\u00bb<\/em>.<\/p>\n<p>Adem\u00e1s, remarc\u00f3 de manera contundente que <em>\u00abnadie en este pa\u00eds hace tanto por bajar los costos log\u00edsticos como las empresas de esta C\u00e1mara; pese a los permanentes palos en la rueda que le ponen a nuestra actividad con subas en los precios de los insumos, cifras impositivas desorbitantes y otras medidas que atentan contra la productividad y competitividad de todos\u201d<\/em>.<\/p>\n<p><strong>Camino de aprendizaje<\/strong><\/p>\n<p><em>\u201cEn 1998, \u00e9ramos una incipiente empresa de log\u00edstica\u201d<\/em>, recuerda <strong>Andr\u00e9s Cacchione, presidente de Provinter <\/strong>y<strong> Tesorero de Cedol<\/strong>. \u201c<em>Participar en la C\u00e1mara nos permiti\u00f3 aprender, copiar, mejorar y sumar las pr\u00e1cticas que ya implementaban otras empresas m\u00e1s desarrolladas y, desde nuestro lugar de empresa m\u00e1s peque\u00f1a, aportar una visi\u00f3n diferente y problem\u00e1ticas que a veces las grandes compa\u00f1\u00edas no perciben\u201d<\/em>, explica.<\/p>\n<p>Por su parte, <strong>Carlos Musante<\/strong>, responsable T\u00e9cnico de la C\u00e1mara, recuerda que <em>\u201cla crisis de 2001 afect\u00f3 el 95% de las operaciones y, en ese contexto, surgi\u00f3 el \u00cdndice de Costos Log\u00edsticos como una referencia para los contratos y negociaciones comerciales\u201d<\/em>. Musante, quien fue reconocido por su aporte a la entidad durante la cena aniversario, reconoci\u00f3 tambi\u00e9n que <em>\u201cesa herramienta fue clave para los operadores log\u00edsticos\u201d<\/em> y que, tiempo despu\u00e9s, se decidi\u00f3 darle <em>\u201cmayor respaldo y transparencia con la participaci\u00f3n de la Universidad Tecnol\u00f3gica Nacional (UTN)\u201d<\/em>.<\/p>\n<p>\u201c<em>Cuando se cre\u00f3 Cedol, nuestra empresa apenas ten\u00eda 2 a\u00f1os y el hecho de incorporarnos nos intimidaba un poco<\/em>\u201d, reconoce <strong>Enrique Rivas, vicepresidente de Loginter y vicepresidente 1\u00b0 de la C\u00e1mara<\/strong>. <em>\u201cPero en seguida entendimos que al unirnos, compartir problem\u00e1ticas y buscar soluciones comunes, \u00edbamos a crecer en equilibrio y en calidad de servicios. Y ahora, ir a la C\u00e1mara significa encontrarse con amigos que padecemos los mismos problemas y queremos las mejores soluciones\u201d<\/em>, agrega.<\/p>\n<p><em>\u201cEn estos 20 a\u00f1os hubo una gran generaci\u00f3n de conciencia del sector, un gran aporte de personas que transmitieron conocimiento para darle prestigio y calidad a la actividad\u201d<\/em>, reconoce <strong>Hern\u00e1n S\u00e1nchez, de Celsur y ex presidente de Arlog<\/strong>. Para los pr\u00f3ximos a\u00f1os, aporta, <em>\u201cse viene un gran fortalecimiento del sector a partir de la importancia que la log\u00edstica cobra en el mundo para aportar productividad y valor genuino para la sociedad\u201d<\/em>.<\/p>\n<p>Por su parte, <strong>Ignacio Rey Iraola, presidente de SAF <\/strong>y<strong> vicepresidente 2\u00b0 de Cedol<\/strong>, analiza: \u201crecordemos que cuando naci\u00f3 Cedol, Amazon apenas vend\u00eda libros. Muchos cambios se produjeron desde entonces y nosotros crecimos en mejores pr\u00e1cticas y nos desarrollamos para mejorar toda la cadena de abastecimiento en el pa\u00eds\u201d. En tanto que <strong>Norberto Pennela, director de Cruz del Sur<\/strong> y <strong>vicepresidente 3\u00b0 de Cedol<\/strong>, indic\u00f3 que <em>\u201cal pensar la actividad de la C\u00e1mara en los pr\u00f3ximos a\u00f1os, la l\u00ednea de trabajo ser\u00eda continuar el camino del desarrollo, incrementar la profesionalizaci\u00f3n y la innovaci\u00f3n del sector, asumiendo un rol cada vez m\u00e1s protag\u00f3nico, fortaleci\u00e9ndose como referente del pa\u00eds y colaborador para el Estado y las dem\u00e1s empresas\u201d<\/em>.<\/p>\n<p>En efecto, coincide <strong>Jorge L\u00f3pez<\/strong>, lo m\u00e1s importante es el futuro: <em>\u201cDebemos abandonar intereses mezquinos y nivelar hacia arriba para seguir construyendo y jerarquizando la actividad a partir de valores que hacen a la sustentabilidad del sector y al desarrollo de la econom\u00eda nacional<\/em>\u201d. La manera de hacerlo, puntualiz\u00f3, <em>\u201ces entender mejor las necesidades de nuestros clientes y participar cada vez m\u00e1s de la cadena de valor\u201d<\/em>.<\/p>\n","protected":false},"excerpt":{"rendered":"<p>Hace 20 a\u00f1os, un grupo de 15 empresas de log\u00edstica decidi\u00f3 unirse para compartir pr\u00e1cticas y valores, desarrollar la actividad y generar confianza en un [&hellip;]<\/p>\n","protected":false},"author":1,"featured_media":2134,"comment_status":"open","ping_status":"open","sticky":false,"template":"","format":"standard","meta":{"_monsterinsights_skip_tracking":false,"_monsterinsights_sitenote_active":false,"_monsterinsights_sitenote_note":"","_monsterinsights_sitenote_category":0,"footnotes":""},"categories":[4],"tags":[],"class_list":["post-2133","post","type-post","status-publish","format-standard","has-post-thumbnail","hentry","category-noticias"],"yoast_head":"<!-- This site is optimized with the Yoast SEO plugin v22.3 - https:\/\/yoast.com\/wordpress\/plugins\/seo\/ -->\n<title>CEDOL CELEBR\u00d3 SUS 20 A\u00d1OS &#187; CEDOL<\/title>\n<meta name=\"description\" content=\"Carlos Musante, el Director T\u00e9cnico de Cedol fue el gran homenajeado de la noche: Su profesionalismo jerarquiz\u00f3 la labor de la C\u00e1mara.\" \/>\n<meta name=\"robots\" content=\"index, follow, max-snippet:-1, max-image-preview:large, max-video-preview:-1\" \/>\n<link rel=\"canonical\" href=\"https:\/\/www.cedol.org.ar\/logistica\/cedol-celebro-20-anos\/\" \/>\n<meta property=\"og:locale\" content=\"es_ES\" \/>\n<meta property=\"og:type\" content=\"article\" \/>\n<meta property=\"og:title\" content=\"CEDOL CELEBR\u00d3 SUS 20 A\u00d1OS &#187; CEDOL\" \/>\n<meta property=\"og:description\" content=\"Carlos Musante, el Director T\u00e9cnico de Cedol fue el gran homenajeado de la noche: Su profesionalismo jerarquiz\u00f3 la labor de la C\u00e1mara.\" \/>\n<meta property=\"og:url\" content=\"https:\/\/www.cedol.org.ar\/logistica\/cedol-celebro-20-anos\/\" \/>\n<meta property=\"og:site_name\" content=\"CEDOL\" \/>\n<meta property=\"article:published_time\" content=\"2018-10-30T00:32:05+00:00\" \/>\n<meta property=\"og:image\" content=\"https:\/\/www.cedol.org.ar\/logistica\/wp-content\/uploads\/2018\/10\/cena-20.jpg\" \/>\n\t<meta property=\"og:image:width\" content=\"1070\" \/>\n\t<meta property=\"og:image:height\" content=\"540\" \/>\n\t<meta property=\"og:image:type\" content=\"image\/jpeg\" \/>\n<meta name=\"author\" content=\"admin\" \/>\n<meta name=\"twitter:card\" content=\"summary_large_image\" \/>\n<meta name=\"twitter:label1\" content=\"Escrito por\" \/>\n\t<meta name=\"twitter:data1\" content=\"admin\" \/>\n\t<meta name=\"twitter:label2\" content=\"Tiempo de lectura\" \/>\n\t<meta name=\"twitter:data2\" content=\"4 minutos\" \/>\n<script type=\"application\/ld+json\" class=\"yoast-schema-graph\">{\"@context\":\"https:\/\/schema.org\",\"@graph\":[{\"@type\":\"WebPage\",\"@id\":\"https:\/\/www.cedol.org.ar\/logistica\/cedol-celebro-20-anos\/\",\"url\":\"https:\/\/www.cedol.org.ar\/logistica\/cedol-celebro-20-anos\/\",\"name\":\"CEDOL CELEBR\u00d3 SUS 20 A\u00d1OS &#187; CEDOL\",\"isPartOf\":{\"@id\":\"https:\/\/www.cedol.org.ar\/logistica\/#website\"},\"primaryImageOfPage\":{\"@id\":\"https:\/\/www.cedol.org.ar\/logistica\/cedol-celebro-20-anos\/#primaryimage\"},\"image\":{\"@id\":\"https:\/\/www.cedol.org.ar\/logistica\/cedol-celebro-20-anos\/#primaryimage\"},\"thumbnailUrl\":\"https:\/\/www.cedol.org.ar\/logistica\/wp-content\/uploads\/2018\/10\/cena-20.jpg\",\"datePublished\":\"2018-10-30T00:32:05+00:00\",\"dateModified\":\"2018-10-30T00:32:05+00:00\",\"author\":{\"@id\":\"https:\/\/www.cedol.org.ar\/logistica\/#\/schema\/person\/40275bdb20446824fc74d51aabe22e83\"},\"description\":\"Carlos Musante, el Director T\u00e9cnico de Cedol fue el gran homenajeado de la noche: Su profesionalismo jerarquiz\u00f3 la labor de la C\u00e1mara.\",\"breadcrumb\":{\"@id\":\"https:\/\/www.cedol.org.ar\/logistica\/cedol-celebro-20-anos\/#breadcrumb\"},\"inLanguage\":\"es\",\"potentialAction\":[{\"@type\":\"ReadAction\",\"target\":[\"https:\/\/www.cedol.org.ar\/logistica\/cedol-celebro-20-anos\/\"]}]},{\"@type\":\"ImageObject\",\"inLanguage\":\"es\",\"@id\":\"https:\/\/www.cedol.org.ar\/logistica\/cedol-celebro-20-anos\/#primaryimage\",\"url\":\"https:\/\/www.cedol.org.ar\/logistica\/wp-content\/uploads\/2018\/10\/cena-20.jpg\",\"contentUrl\":\"https:\/\/www.cedol.org.ar\/logistica\/wp-content\/uploads\/2018\/10\/cena-20.jpg\",\"width\":1070,\"height\":540},{\"@type\":\"BreadcrumbList\",\"@id\":\"https:\/\/www.cedol.org.ar\/logistica\/cedol-celebro-20-anos\/#breadcrumb\",\"itemListElement\":[{\"@type\":\"ListItem\",\"position\":1,\"name\":\"Home\",\"item\":\"https:\/\/www.cedol.org.ar\/logistica\/\"},{\"@type\":\"ListItem\",\"position\":2,\"name\":\"CEDOL CELEBR\u00d3 SUS 20 A\u00d1OS\"}]},{\"@type\":\"WebSite\",\"@id\":\"https:\/\/www.cedol.org.ar\/logistica\/#website\",\"url\":\"https:\/\/www.cedol.org.ar\/logistica\/\",\"name\":\"CEDOL\",\"description\":\"C\u00c1MARA EMPRESARIA DE OPERADORES LOG\u00cdSTICOS\",\"potentialAction\":[{\"@type\":\"SearchAction\",\"target\":{\"@type\":\"EntryPoint\",\"urlTemplate\":\"https:\/\/www.cedol.org.ar\/logistica\/?s={search_term_string}\"},\"query-input\":\"required name=search_term_string\"}],\"inLanguage\":\"es\"},{\"@type\":\"Person\",\"@id\":\"https:\/\/www.cedol.org.ar\/logistica\/#\/schema\/person\/40275bdb20446824fc74d51aabe22e83\",\"name\":\"admin\"}]}<\/script>\n<!-- \/ Yoast SEO plugin. -->","yoast_head_json":{"title":"CEDOL CELEBR\u00d3 SUS 20 A\u00d1OS &#187; CEDOL","description":"Carlos Musante, el Director T\u00e9cnico de Cedol fue el gran homenajeado de la noche: Su profesionalismo jerarquiz\u00f3 la labor de la C\u00e1mara.","robots":{"index":"index","follow":"follow","max-snippet":"max-snippet:-1","max-image-preview":"max-image-preview:large","max-video-preview":"max-video-preview:-1"},"canonical":"https:\/\/www.cedol.org.ar\/logistica\/cedol-celebro-20-anos\/","og_locale":"es_ES","og_type":"article","og_title":"CEDOL CELEBR\u00d3 SUS 20 A\u00d1OS &#187; CEDOL","og_description":"Carlos Musante, el Director T\u00e9cnico de Cedol fue el gran homenajeado de la noche: Su profesionalismo jerarquiz\u00f3 la labor de la C\u00e1mara.","og_url":"https:\/\/www.cedol.org.ar\/logistica\/cedol-celebro-20-anos\/","og_site_name":"CEDOL","article_published_time":"2018-10-30T00:32:05+00:00","og_image":[{"width":1070,"height":540,"url":"https:\/\/www.cedol.org.ar\/logistica\/wp-content\/uploads\/2018\/10\/cena-20.jpg","type":"image\/jpeg"}],"author":"admin","twitter_card":"summary_large_image","twitter_misc":{"Escrito por":"admin","Tiempo de lectura":"4 minutos"},"schema":{"@context":"https:\/\/schema.org","@graph":[{"@type":"WebPage","@id":"https:\/\/www.cedol.org.ar\/logistica\/cedol-celebro-20-anos\/","url":"https:\/\/www.cedol.org.ar\/logistica\/cedol-celebro-20-anos\/","name":"CEDOL CELEBR\u00d3 SUS 20 A\u00d1OS &#187; CEDOL","isPartOf":{"@id":"https:\/\/www.cedol.org.ar\/logistica\/#website"},"primaryImageOfPage":{"@id":"https:\/\/www.cedol.org.ar\/logistica\/cedol-celebro-20-anos\/#primaryimage"},"image":{"@id":"https:\/\/www.cedol.org.ar\/logistica\/cedol-celebro-20-anos\/#primaryimage"},"thumbnailUrl":"https:\/\/www.cedol.org.ar\/logistica\/wp-content\/uploads\/2018\/10\/cena-20.jpg","datePublished":"2018-10-30T00:32:05+00:00","dateModified":"2018-10-30T00:32:05+00:00","author":{"@id":"https:\/\/www.cedol.org.ar\/logistica\/#\/schema\/person\/40275bdb20446824fc74d51aabe22e83"},"description":"Carlos Musante, el Director T\u00e9cnico de Cedol fue el gran homenajeado de la noche: Su profesionalismo jerarquiz\u00f3 la labor de la C\u00e1mara.","breadcrumb":{"@id":"https:\/\/www.cedol.org.ar\/logistica\/cedol-celebro-20-anos\/#breadcrumb"},"inLanguage":"es","potentialAction":[{"@type":"ReadAction","target":["https:\/\/www.cedol.org.ar\/logistica\/cedol-celebro-20-anos\/"]}]},{"@type":"ImageObject","inLanguage":"es","@id":"https:\/\/www.cedol.org.ar\/logistica\/cedol-celebro-20-anos\/#primaryimage","url":"https:\/\/www.cedol.org.ar\/logistica\/wp-content\/uploads\/2018\/10\/cena-20.jpg","contentUrl":"https:\/\/www.cedol.org.ar\/logistica\/wp-content\/uploads\/2018\/10\/cena-20.jpg","width":1070,"height":540},{"@type":"BreadcrumbList","@id":"https:\/\/www.cedol.org.ar\/logistica\/cedol-celebro-20-anos\/#breadcrumb","itemListElement":[{"@type":"ListItem","position":1,"name":"Home","item":"https:\/\/www.cedol.org.ar\/logistica\/"},{"@type":"ListItem","position":2,"name":"CEDOL CELEBR\u00d3 SUS 20 A\u00d1OS"}]},{"@type":"WebSite","@id":"https:\/\/www.cedol.org.ar\/logistica\/#website","url":"https:\/\/www.cedol.org.ar\/logistica\/","name":"CEDOL","description":"C\u00c1MARA EMPRESARIA DE OPERADORES LOG\u00cdSTICOS","potentialAction":[{"@type":"SearchAction","target":{"@type":"EntryPoint","urlTemplate":"https:\/\/www.cedol.org.ar\/logistica\/?s={search_term_string}"},"query-input":"required name=search_term_string"}],"inLanguage":"es"},{"@type":"Person","@id":"https:\/\/www.cedol.org.ar\/logistica\/#\/schema\/person\/40275bdb20446824fc74d51aabe22e83","name":"admin"}]}},"_links":{"self":[{"href":"https:\/\/www.cedol.org.ar\/logistica\/wp-json\/wp\/v2\/posts\/2133","targetHints":{"allow":["GET"]}}],"collection":[{"href":"https:\/\/www.cedol.org.ar\/logistica\/wp-json\/wp\/v2\/posts"}],"about":[{"href":"https:\/\/www.cedol.org.ar\/logistica\/wp-json\/wp\/v2\/types\/post"}],"author":[{"embeddable":true,"href":"https:\/\/www.cedol.org.ar\/logistica\/wp-json\/wp\/v2\/users\/1"}],"replies":[{"embeddable":true,"href":"https:\/\/www.cedol.org.ar\/logistica\/wp-json\/wp\/v2\/comments?post=2133"}],"version-history":[{"count":1,"href":"https:\/\/www.cedol.org.ar\/logistica\/wp-json\/wp\/v2\/posts\/2133\/revisions"}],"predecessor-version":[{"id":2135,"href":"https:\/\/www.cedol.org.ar\/logistica\/wp-json\/wp\/v2\/posts\/2133\/revisions\/2135"}],"wp:featuredmedia":[{"embeddable":true,"href":"https:\/\/www.cedol.org.ar\/logistica\/wp-json\/wp\/v2\/media\/2134"}],"wp:attachment":[{"href":"https:\/\/www.cedol.org.ar\/logistica\/wp-json\/wp\/v2\/media?parent=2133"}],"wp:term":[{"taxonomy":"category","embeddable":true,"href":"https:\/\/www.cedol.org.ar\/logistica\/wp-json\/wp\/v2\/categories?post=2133"},{"taxonomy":"post_tag","embeddable":true,"href":"https:\/\/www.cedol.org.ar\/logistica\/wp-json\/wp\/v2\/tags?post=2133"}],"curies":[{"name":"wp","href":"https:\/\/api.w.org\/{rel}","templated":true}]}}