{"id":2127,"date":"2018-10-19T20:19:54","date_gmt":"2018-10-19T20:19:54","guid":{"rendered":"http:\/\/www.cedol.org.ar\/logistica\/?p=2127"},"modified":"2018-10-19T20:21:19","modified_gmt":"2018-10-19T20:21:19","slug":"otra-medida-los-costos-logisticos","status":"publish","type":"post","link":"https:\/\/www.cedol.org.ar\/logistica\/otra-medida-los-costos-logisticos\/","title":{"rendered":"Otra medida en contra de los costos log\u00edsticos"},"content":{"rendered":"<h2><em>Por un Decreto Nacional, los derechos de importaci\u00f3n de m\u00e1quinas para almacenamiento y carga de mercader\u00edas, suben del 2% al 14%.<\/em><\/h2>\n<p>Buenos Aires, 19 de septiembre de 2018.- En momentos en que el sector log\u00edstico se ve golpeado por la constante suba en el valor de insumos que afectan sus costos de operaci\u00f3n, llega ahora una nueva medida que aumenta los derechos de importaci\u00f3n de las m\u00e1quinas utilizadas para actividades de almacenamiento y carga.<\/p>\n<p>A trav\u00e9s del Decreto N\u00b0 837\/2018 publicado en el Bolet\u00edn Oficial el 20 de septiembre, el Gobierno Nacional dio de baja, del listado de bienes cuya importaci\u00f3n se gravaba en forma reducida, ciertos bienes de capital que resultan clave para las operaciones de log\u00edstica, transporte y movimiento de mercader\u00edas.<\/p>\n<p>En consecuencia, con esta medida en contra de la excepci\u00f3n que estaba vigente para importaci\u00f3n de <em>\u201cm\u00e1quinas de warehouse con m\u00e1stiles\u201d<\/em>, que inclu\u00eda por ejemplo a los conocidos autoelevadores, los derechos para importar estas maquinarias <strong>pasar\u00e1n del 2% al 14%<\/strong>.<\/p>\n<p>Cabe destacar que se trata de m\u00e1quinas consideradas como <em>Bienes de Capital<\/em> que <strong>no se producen en la Argentina<\/strong>, cuyo encuadre en la excepci\u00f3n se encontraba perfectamente justificada y que, con esta decisi\u00f3n, pasan a engrosar los ya maltratados costos log\u00edsticos.<\/p>\n<p>Por ello, desde la <strong>C\u00e1mara Empresaria de Operadores Log\u00edsticos (Cedol)<\/strong> se busca poner en conocimiento p\u00fablico \u00e9ste y otros tipos de medida que impactan notablemente en los n\u00fameros de las empresas, las tarifas y, en consecuencia, en el ya famoso costo argentino de producci\u00f3n.<\/p>\n<p>En este sentido, otros organismos sectoriales ya elevaron reclamos por la medida y, desde la Secretar\u00eda de Comercio, le respondieron que <em>\u201cfue un error eliminar la excepci\u00f3n\u201d<\/em>. Sin embargo, con la publicaci\u00f3n del Decreto, <strong>la realidad que enfrentan las empresas muestra ya que esta modificaci\u00f3n tiene incrementos que van del 10% al 12% en los valores de estas m\u00e1quinas, cifras que siguen incrementando los costos log\u00edsticos<\/strong>.<\/p>\n<p>Por \u00faltimo, adem\u00e1s de difundir <strong>este tipo de medidas que atentan contra la productividad y competitividad de la econom\u00eda en su conjunto<\/strong>, CEDOL realizar\u00e1 los reclamos correspondientes en nombre del sector, ante los <strong>Ministerios de Transporte y de Industria y Trabajo<\/strong>, respectivamente.<\/p>\n<p><strong><u>Sobre CEDOL<\/u><\/strong><\/p>\n<p>La <strong>C\u00e1mara Empresaria de Operadores Log\u00edsticos<\/strong> se fund\u00f3 en noviembre de 1998 para asumir la representaci\u00f3n de las empresas que tienen como principal actividad la prestaci\u00f3n de servicios log\u00edsticos: traslados, almacenamiento, ensamble y procesos industriales, fraccionamiento de mercader\u00edas para su transporte y distribuci\u00f3n, ejerciendo el control, la administraci\u00f3n de la informaci\u00f3n y la responsabilidad en las etapas de la cadena de abastecimiento. Al auspiciar las Buenas Pr\u00e1cticas, la entidad impulsa procesos y tecnolog\u00edas que permiten brindar a sus asociados un buen nivel de calidad de servicio a un costo adecuado. CEDOL es una entidad miembro de la Federaci\u00f3n Argentina de Entidades Empresariales del Autotransporte de Cargas (FADEEAC).<strong>\u00a0<\/strong><\/p>\n<p><strong>Gracias por su Difusi\u00f3n<br \/>\n<\/strong><strong>C\u00e1mara Empresaria de Operadores Log\u00edsticos<br \/>\n<\/strong>S\u00e1nchez de Bustamante 54. Buenos Aires.<br \/>\n(011) 4860-7775\/6<br \/>\n<a href=\"http:\/\/www.cedol.org.ar\">www.cedol.org.ar<\/a><\/p>\n","protected":false},"excerpt":{"rendered":"<p>Por un Decreto Nacional, los derechos de importaci\u00f3n de m\u00e1quinas para almacenamiento y carga de mercader\u00edas, suben del 2% al 14%. Buenos Aires, 19 de [&hellip;]<\/p>\n","protected":false},"author":1,"featured_media":2128,"comment_status":"open","ping_status":"open","sticky":false,"template":"","format":"standard","meta":{"_monsterinsights_skip_tracking":false,"_monsterinsights_sitenote_active":false,"_monsterinsights_sitenote_note":"","_monsterinsights_sitenote_category":0,"footnotes":""},"categories":[8],"tags":[],"class_list":["post-2127","post","type-post","status-publish","format-standard","has-post-thumbnail","hentry","category-estadisticas"],"yoast_head":"<!-- This site is optimized with the Yoast SEO plugin v22.3 - https:\/\/yoast.com\/wordpress\/plugins\/seo\/ -->\n<title>Otra medida en contra de los costos log\u00edsticos &#187; CEDOL<\/title>\n<meta name=\"description\" content=\"Por un Decreto Nacional, los derechos de importaci\u00f3n de m\u00e1quinas para almacenamiento y carga de mercader\u00edas, suben del 2% al 14%.\" \/>\n<meta name=\"robots\" content=\"index, follow, max-snippet:-1, max-image-preview:large, max-video-preview:-1\" \/>\n<link rel=\"canonical\" href=\"https:\/\/www.cedol.org.ar\/logistica\/otra-medida-los-costos-logisticos\/\" \/>\n<meta property=\"og:locale\" content=\"es_ES\" \/>\n<meta property=\"og:type\" content=\"article\" \/>\n<meta property=\"og:title\" content=\"Otra medida en contra de los costos log\u00edsticos &#187; CEDOL\" \/>\n<meta property=\"og:description\" content=\"Por un Decreto Nacional, los derechos de importaci\u00f3n de m\u00e1quinas para almacenamiento y carga de mercader\u00edas, suben del 2% al 14%.\" \/>\n<meta property=\"og:url\" content=\"https:\/\/www.cedol.org.ar\/logistica\/otra-medida-los-costos-logisticos\/\" \/>\n<meta property=\"og:site_name\" content=\"CEDOL\" \/>\n<meta property=\"article:published_time\" content=\"2018-10-19T20:19:54+00:00\" \/>\n<meta property=\"article:modified_time\" content=\"2018-10-19T20:21:19+00:00\" \/>\n<meta property=\"og:image\" content=\"https:\/\/www.cedol.org.ar\/logistica\/wp-content\/uploads\/2018\/10\/GOLPE-A-LOS-COSTOS-LOG\u00cdSTICOS.jpg\" \/>\n\t<meta property=\"og:image:width\" content=\"1070\" \/>\n\t<meta property=\"og:image:height\" content=\"540\" \/>\n\t<meta property=\"og:image:type\" content=\"image\/jpeg\" \/>\n<meta name=\"author\" content=\"admin\" \/>\n<meta name=\"twitter:card\" content=\"summary_large_image\" \/>\n<meta name=\"twitter:label1\" content=\"Escrito por\" \/>\n\t<meta name=\"twitter:data1\" content=\"admin\" \/>\n\t<meta name=\"twitter:label2\" content=\"Tiempo de lectura\" \/>\n\t<meta name=\"twitter:data2\" content=\"3 minutos\" \/>\n<script type=\"application\/ld+json\" class=\"yoast-schema-graph\">{\"@context\":\"https:\/\/schema.org\",\"@graph\":[{\"@type\":\"WebPage\",\"@id\":\"https:\/\/www.cedol.org.ar\/logistica\/otra-medida-los-costos-logisticos\/\",\"url\":\"https:\/\/www.cedol.org.ar\/logistica\/otra-medida-los-costos-logisticos\/\",\"name\":\"Otra medida en contra de los costos log\u00edsticos &#187; CEDOL\",\"isPartOf\":{\"@id\":\"https:\/\/www.cedol.org.ar\/logistica\/#website\"},\"primaryImageOfPage\":{\"@id\":\"https:\/\/www.cedol.org.ar\/logistica\/otra-medida-los-costos-logisticos\/#primaryimage\"},\"image\":{\"@id\":\"https:\/\/www.cedol.org.ar\/logistica\/otra-medida-los-costos-logisticos\/#primaryimage\"},\"thumbnailUrl\":\"https:\/\/www.cedol.org.ar\/logistica\/wp-content\/uploads\/2018\/10\/GOLPE-A-LOS-COSTOS-LOG\u00cdSTICOS.jpg\",\"datePublished\":\"2018-10-19T20:19:54+00:00\",\"dateModified\":\"2018-10-19T20:21:19+00:00\",\"author\":{\"@id\":\"https:\/\/www.cedol.org.ar\/logistica\/#\/schema\/person\/40275bdb20446824fc74d51aabe22e83\"},\"description\":\"Por un Decreto Nacional, los derechos de importaci\u00f3n de m\u00e1quinas para almacenamiento y carga de mercader\u00edas, suben del 2% al 14%.\",\"breadcrumb\":{\"@id\":\"https:\/\/www.cedol.org.ar\/logistica\/otra-medida-los-costos-logisticos\/#breadcrumb\"},\"inLanguage\":\"es\",\"potentialAction\":[{\"@type\":\"ReadAction\",\"target\":[\"https:\/\/www.cedol.org.ar\/logistica\/otra-medida-los-costos-logisticos\/\"]}]},{\"@type\":\"ImageObject\",\"inLanguage\":\"es\",\"@id\":\"https:\/\/www.cedol.org.ar\/logistica\/otra-medida-los-costos-logisticos\/#primaryimage\",\"url\":\"https:\/\/www.cedol.org.ar\/logistica\/wp-content\/uploads\/2018\/10\/GOLPE-A-LOS-COSTOS-LOG\u00cdSTICOS.jpg\",\"contentUrl\":\"https:\/\/www.cedol.org.ar\/logistica\/wp-content\/uploads\/2018\/10\/GOLPE-A-LOS-COSTOS-LOG\u00cdSTICOS.jpg\",\"width\":1070,\"height\":540},{\"@type\":\"BreadcrumbList\",\"@id\":\"https:\/\/www.cedol.org.ar\/logistica\/otra-medida-los-costos-logisticos\/#breadcrumb\",\"itemListElement\":[{\"@type\":\"ListItem\",\"position\":1,\"name\":\"Home\",\"item\":\"https:\/\/www.cedol.org.ar\/logistica\/\"},{\"@type\":\"ListItem\",\"position\":2,\"name\":\"Otra medida en contra de los costos log\u00edsticos\"}]},{\"@type\":\"WebSite\",\"@id\":\"https:\/\/www.cedol.org.ar\/logistica\/#website\",\"url\":\"https:\/\/www.cedol.org.ar\/logistica\/\",\"name\":\"CEDOL\",\"description\":\"C\u00c1MARA EMPRESARIA DE OPERADORES LOG\u00cdSTICOS\",\"potentialAction\":[{\"@type\":\"SearchAction\",\"target\":{\"@type\":\"EntryPoint\",\"urlTemplate\":\"https:\/\/www.cedol.org.ar\/logistica\/?s={search_term_string}\"},\"query-input\":\"required name=search_term_string\"}],\"inLanguage\":\"es\"},{\"@type\":\"Person\",\"@id\":\"https:\/\/www.cedol.org.ar\/logistica\/#\/schema\/person\/40275bdb20446824fc74d51aabe22e83\",\"name\":\"admin\"}]}<\/script>\n<!-- \/ Yoast SEO plugin. -->","yoast_head_json":{"title":"Otra medida en contra de los costos log\u00edsticos &#187; CEDOL","description":"Por un Decreto Nacional, los derechos de importaci\u00f3n de m\u00e1quinas para almacenamiento y carga de mercader\u00edas, suben del 2% al 14%.","robots":{"index":"index","follow":"follow","max-snippet":"max-snippet:-1","max-image-preview":"max-image-preview:large","max-video-preview":"max-video-preview:-1"},"canonical":"https:\/\/www.cedol.org.ar\/logistica\/otra-medida-los-costos-logisticos\/","og_locale":"es_ES","og_type":"article","og_title":"Otra medida en contra de los costos log\u00edsticos &#187; CEDOL","og_description":"Por un Decreto Nacional, los derechos de importaci\u00f3n de m\u00e1quinas para almacenamiento y carga de mercader\u00edas, suben del 2% al 14%.","og_url":"https:\/\/www.cedol.org.ar\/logistica\/otra-medida-los-costos-logisticos\/","og_site_name":"CEDOL","article_published_time":"2018-10-19T20:19:54+00:00","article_modified_time":"2018-10-19T20:21:19+00:00","og_image":[{"width":1070,"height":540,"url":"https:\/\/www.cedol.org.ar\/logistica\/wp-content\/uploads\/2018\/10\/GOLPE-A-LOS-COSTOS-LOG\u00cdSTICOS.jpg","type":"image\/jpeg"}],"author":"admin","twitter_card":"summary_large_image","twitter_misc":{"Escrito por":"admin","Tiempo de lectura":"3 minutos"},"schema":{"@context":"https:\/\/schema.org","@graph":[{"@type":"WebPage","@id":"https:\/\/www.cedol.org.ar\/logistica\/otra-medida-los-costos-logisticos\/","url":"https:\/\/www.cedol.org.ar\/logistica\/otra-medida-los-costos-logisticos\/","name":"Otra medida en contra de los costos log\u00edsticos &#187; CEDOL","isPartOf":{"@id":"https:\/\/www.cedol.org.ar\/logistica\/#website"},"primaryImageOfPage":{"@id":"https:\/\/www.cedol.org.ar\/logistica\/otra-medida-los-costos-logisticos\/#primaryimage"},"image":{"@id":"https:\/\/www.cedol.org.ar\/logistica\/otra-medida-los-costos-logisticos\/#primaryimage"},"thumbnailUrl":"https:\/\/www.cedol.org.ar\/logistica\/wp-content\/uploads\/2018\/10\/GOLPE-A-LOS-COSTOS-LOG\u00cdSTICOS.jpg","datePublished":"2018-10-19T20:19:54+00:00","dateModified":"2018-10-19T20:21:19+00:00","author":{"@id":"https:\/\/www.cedol.org.ar\/logistica\/#\/schema\/person\/40275bdb20446824fc74d51aabe22e83"},"description":"Por un Decreto Nacional, los derechos de importaci\u00f3n de m\u00e1quinas para almacenamiento y carga de mercader\u00edas, suben del 2% al 14%.","breadcrumb":{"@id":"https:\/\/www.cedol.org.ar\/logistica\/otra-medida-los-costos-logisticos\/#breadcrumb"},"inLanguage":"es","potentialAction":[{"@type":"ReadAction","target":["https:\/\/www.cedol.org.ar\/logistica\/otra-medida-los-costos-logisticos\/"]}]},{"@type":"ImageObject","inLanguage":"es","@id":"https:\/\/www.cedol.org.ar\/logistica\/otra-medida-los-costos-logisticos\/#primaryimage","url":"https:\/\/www.cedol.org.ar\/logistica\/wp-content\/uploads\/2018\/10\/GOLPE-A-LOS-COSTOS-LOG\u00cdSTICOS.jpg","contentUrl":"https:\/\/www.cedol.org.ar\/logistica\/wp-content\/uploads\/2018\/10\/GOLPE-A-LOS-COSTOS-LOG\u00cdSTICOS.jpg","width":1070,"height":540},{"@type":"BreadcrumbList","@id":"https:\/\/www.cedol.org.ar\/logistica\/otra-medida-los-costos-logisticos\/#breadcrumb","itemListElement":[{"@type":"ListItem","position":1,"name":"Home","item":"https:\/\/www.cedol.org.ar\/logistica\/"},{"@type":"ListItem","position":2,"name":"Otra medida en contra de los costos log\u00edsticos"}]},{"@type":"WebSite","@id":"https:\/\/www.cedol.org.ar\/logistica\/#website","url":"https:\/\/www.cedol.org.ar\/logistica\/","name":"CEDOL","description":"C\u00c1MARA EMPRESARIA DE OPERADORES LOG\u00cdSTICOS","potentialAction":[{"@type":"SearchAction","target":{"@type":"EntryPoint","urlTemplate":"https:\/\/www.cedol.org.ar\/logistica\/?s={search_term_string}"},"query-input":"required name=search_term_string"}],"inLanguage":"es"},{"@type":"Person","@id":"https:\/\/www.cedol.org.ar\/logistica\/#\/schema\/person\/40275bdb20446824fc74d51aabe22e83","name":"admin"}]}},"_links":{"self":[{"href":"https:\/\/www.cedol.org.ar\/logistica\/wp-json\/wp\/v2\/posts\/2127","targetHints":{"allow":["GET"]}}],"collection":[{"href":"https:\/\/www.cedol.org.ar\/logistica\/wp-json\/wp\/v2\/posts"}],"about":[{"href":"https:\/\/www.cedol.org.ar\/logistica\/wp-json\/wp\/v2\/types\/post"}],"author":[{"embeddable":true,"href":"https:\/\/www.cedol.org.ar\/logistica\/wp-json\/wp\/v2\/users\/1"}],"replies":[{"embeddable":true,"href":"https:\/\/www.cedol.org.ar\/logistica\/wp-json\/wp\/v2\/comments?post=2127"}],"version-history":[{"count":1,"href":"https:\/\/www.cedol.org.ar\/logistica\/wp-json\/wp\/v2\/posts\/2127\/revisions"}],"predecessor-version":[{"id":2129,"href":"https:\/\/www.cedol.org.ar\/logistica\/wp-json\/wp\/v2\/posts\/2127\/revisions\/2129"}],"wp:featuredmedia":[{"embeddable":true,"href":"https:\/\/www.cedol.org.ar\/logistica\/wp-json\/wp\/v2\/media\/2128"}],"wp:attachment":[{"href":"https:\/\/www.cedol.org.ar\/logistica\/wp-json\/wp\/v2\/media?parent=2127"}],"wp:term":[{"taxonomy":"category","embeddable":true,"href":"https:\/\/www.cedol.org.ar\/logistica\/wp-json\/wp\/v2\/categories?post=2127"},{"taxonomy":"post_tag","embeddable":true,"href":"https:\/\/www.cedol.org.ar\/logistica\/wp-json\/wp\/v2\/tags?post=2127"}],"curies":[{"name":"wp","href":"https:\/\/api.w.org\/{rel}","templated":true}]}}