{"id":2121,"date":"2018-10-04T20:35:43","date_gmt":"2018-10-04T20:35:43","guid":{"rendered":"http:\/\/www.cedol.org.ar\/logistica\/?p=2121"},"modified":"2018-10-04T20:35:43","modified_gmt":"2018-10-04T20:35:43","slug":"indice-nacional-costos-logisticos-utn-cedol-septiembre-2018","status":"publish","type":"post","link":"https:\/\/www.cedol.org.ar\/logistica\/indice-nacional-costos-logisticos-utn-cedol-septiembre-2018\/","title":{"rendered":"\u00cdndice Nacional de Costos Log\u00edsticos UTN\/CEDOL de Septiembre 2018"},"content":{"rendered":"<h2><strong>Las actividades log\u00edstica y de transporte se encuentran en estado cr\u00edtico por los continuos aumentos en tarifas, impuestos y la ca\u00edda de volumen en las operaciones.<\/strong><\/h2>\n<p>Buenos Aires, 3 de Octubre de 2018.-\u00a0La<strong>\u00a0Universidad Tecnol\u00f3gica Nacional<\/strong>\u00a0<strong>(UTN),<\/strong>\u00a0a trav\u00e9s de su Centro Tecnol\u00f3gico de Transporte, Tr\u00e1nsito y Seguridad Vial (C3T), dio a conocer la evoluci\u00f3n del \u00cdndice de Costos Log\u00edsticos Nacionales elaborado para la<strong>\u00a0C\u00e1mara Empresaria de Operadores Log\u00edsticos (CEDOL)<\/strong>, correspondiente al mes de<strong>\u00a0SEPTIEMBRE.<\/strong><\/p>\n<p>En el an\u00e1lisis de la variante que incluye el\u00a0<strong>Costo con Transporte<\/strong>, la cifra del mes super\u00f3 la barrera del \u00fanico d\u00edgito, ubic\u00e1ndose en\u00a0<strong>10,48%.\u00a0<\/strong>En tanto que para la modalidad\u00a0<strong>Sin Costo de Transporte<\/strong>, la variaci\u00f3n fue del\u00a0<strong>2,97%.\u00a0<\/strong>Por su parte, los indicadores correspondientes a<strong>\u00a0Costos de Distribuci\u00f3n Con Acompa\u00f1ante\u00a0<\/strong>mostraron un incremento del\u00a0<strong>4,35%<\/strong>; y,\u00a0<strong>Sin Acompa\u00f1ante<\/strong>, del\u00a0<strong>6,26%<\/strong>.<strong>\u00a0<\/strong><\/p>\n<p>Adicionalmente, cabe se\u00f1alar que la medici\u00f3n de costos para transporte que realiza la Federaci\u00f3n Argentina de Entidades Empresarias del Autotransporte de Carga (FADEEAC), tuvo como resultado del mes un crecimiento del<strong>\u00a012,71%<\/strong>.<\/p>\n<p><strong>Esta diferenciaci\u00f3n entre los resultados de los distintos indicadores indica claramente que el mayor incremento se debe a los reiterados aumentos en el valor del combustible. El impacto que tienen las subas de tarifas en servicios y otros insumos, pone en evidencia la GRAVEDAD DE LA SITUACI\u00d3N que enfrentan a diario las empresas de log\u00edstica para mantener sus negocios, rentables y competitivos.<\/strong><\/p>\n<p>De esta manera, si se considera que la variaci\u00f3n del\u00a0<strong>combustible<\/strong>\u00a0en los \u00faltimos\u00a0<strong>12 meses\u00a0<\/strong>tuvo un alcance del<strong>\u00a087,62%<\/strong>\u00a0y que las petroleras generan aumentos sistem\u00e1ticos que a\u00fan no alcanzan su tope, es de esperar todav\u00eda un panorama mucho m\u00e1s oscuro y complicado para la actividad.<\/p>\n<p>Una vez m\u00e1s, los costos vuelven a ser noticia en nuestro sector, generando una alta complejidad para la sostenibilidad de los negocios, limitando las acciones de inversi\u00f3n y de\u00a0 mejoras tecnolog\u00edcas. Asimismo, cabe se\u00f1alar que\u00a0<strong>el<\/strong>\u00a0<strong>volumen de operaci\u00f3n sigue en CAIDA<\/strong>, con dismunici\u00f3n de jornadas laborales en distintos sectores de la industria, lo que contribuye a generar un clima de operaci\u00f3n y negocios todav\u00eda m\u00e1s complejo.<\/p>\n<p><strong>Por todo ello, desde CEDOL se enfatiza la necesidad prioritaria de poner en el centro del debate esta dif\u00edcil situaci\u00f3n para comprender y atacar el problema de fondo. No se puede permitir m\u00e1s que, desde diferentes sectores, desvi\u00e9n la discusi\u00f3n hacia la log\u00edstica como responsable de los aumentos en la canasta de productos, cuando la log\u00edstica no es formadora de precios sino una v\u00edctima m\u00e1s de los aumentos indiscriminados que sufre la sociedad en general; y, en particular, de las medidas econ\u00f3micas y tributarias vigentes que -claramente- no evidencian mejoras en el rumbo<\/strong>.<\/p>\n<p>Como s\u00edntesis, el siguiente cuadro detalla los resultados de los valores\u00a0<strong>acumulados en los costos durante 2018<\/strong>\u00a0y sus variaciones interanuales:<\/p>\n<table>\n<tbody>\n<tr>\n<td><\/td>\n<td><strong>Variaci\u00f3n \u00faltimos\u00a09 meses<\/strong><\/td>\n<td><strong>Variaci\u00f3n \u00faltimos\u00a012 meses<\/strong><\/td>\n<\/tr>\n<tr>\n<td><strong>CEDOL con costo de transporte<\/strong><\/td>\n<td><strong>41,80%<\/strong><\/td>\n<td><strong>52,76%<\/strong><\/td>\n<\/tr>\n<tr>\n<td><strong>CEDOL sin costo de transporte<\/strong><\/td>\n<td><strong>30,27%<\/strong><\/td>\n<td><strong>38,67%<\/strong><\/td>\n<\/tr>\n<tr>\n<td><strong>Distribuci\u00f3n con Acompa\u00f1ante<\/strong><\/td>\n<td><strong>26,82%<\/strong><\/td>\n<td><strong>35,14%<\/strong><\/td>\n<\/tr>\n<tr>\n<td><strong>Distribuci\u00f3n sin acompa\u00f1ante<\/strong><\/td>\n<td><strong>32,32%<\/strong><\/td>\n<td><strong>41,64%<\/strong><\/td>\n<\/tr>\n<tr>\n<td><strong>\u00a0<\/strong><\/td>\n<td><strong>\u00a0<\/strong><\/td>\n<td><strong>\u00a0<\/strong><\/td>\n<\/tr>\n<tr>\n<td><strong>Indice de variaci\u00f3n FADEEAC<\/strong><\/td>\n<td><strong>45,26%<\/strong><\/td>\n<td><strong>57,13%<\/strong><\/td>\n<\/tr>\n<\/tbody>\n<\/table>\n<p>Por \u00faltimo, recordamos que el objetivo de estos indicadores es reflejar mensualmente las variaciones que sufren los costos de los operadores log\u00edsticos de todo el pa\u00eds. Su publicaci\u00f3n, con los componentes completos, tambi\u00e9n se puede consultar en la web de la C\u00e1mara:\u00a0<a href=\"http:\/\/www.cedol.org.ar\/\">www.cedol.org.ar<\/a><\/p>\n<p><strong>Gracias por su Difusi\u00f3n<\/strong><br \/>\n<strong>C\u00e1mara Empresaria de Operadores Log\u00edsticos<\/strong><br \/>\nS\u00e1nchez de Bustamante 54. Buenos Aires.<br \/>\n(011) 4860-7775\/6\u00a0<a href=\"http:\/\/www.cedol.org.ar\/\">www.cedol.org.ar<\/a><br \/>\n<strong>Comunicaci\u00f3n &amp; Prensa<\/strong>: Carlos Toppazzini \/\/ 15- 3694-3327 \/\/\u00a0<a href=\"mailto:comunicacion@cedol.org.ar\">comunicacion@cedol.org.ar<\/a><\/p>\n","protected":false},"excerpt":{"rendered":"<p>Las actividades log\u00edstica y de transporte se encuentran en estado cr\u00edtico por los continuos aumentos en tarifas, impuestos y la ca\u00edda de volumen en las [&hellip;]<\/p>\n","protected":false},"author":1,"featured_media":2125,"comment_status":"open","ping_status":"open","sticky":false,"template":"","format":"standard","meta":{"_monsterinsights_skip_tracking":false,"_monsterinsights_sitenote_active":false,"_monsterinsights_sitenote_note":"","_monsterinsights_sitenote_category":0,"footnotes":""},"categories":[8],"tags":[],"class_list":["post-2121","post","type-post","status-publish","format-standard","has-post-thumbnail","hentry","category-estadisticas"],"yoast_head":"<!-- This site is optimized with the Yoast SEO plugin v22.3 - https:\/\/yoast.com\/wordpress\/plugins\/seo\/ -->\n<title>\u00cdndice Nacional de Costos Log\u00edsticos UTN\/CEDOL de Septiembre 2018 &#187; CEDOL<\/title>\n<meta name=\"description\" content=\"\u00cdndice de Costos Log\u00edsticos Nacionales elaborado para la\u00a0C\u00e1mara Empresaria de Operadores Log\u00edsticos (CEDOL), correspondiente al mes de\u00a0SEPTIEMBRE.\" \/>\n<meta name=\"robots\" content=\"index, follow, max-snippet:-1, max-image-preview:large, max-video-preview:-1\" \/>\n<link rel=\"canonical\" href=\"https:\/\/www.cedol.org.ar\/logistica\/indice-nacional-costos-logisticos-utn-cedol-septiembre-2018\/\" \/>\n<meta property=\"og:locale\" content=\"es_ES\" \/>\n<meta property=\"og:type\" content=\"article\" \/>\n<meta property=\"og:title\" content=\"\u00cdndice Nacional de Costos Log\u00edsticos UTN\/CEDOL de Septiembre 2018 &#187; CEDOL\" \/>\n<meta property=\"og:description\" content=\"\u00cdndice de Costos Log\u00edsticos Nacionales elaborado para la\u00a0C\u00e1mara Empresaria de Operadores Log\u00edsticos (CEDOL), correspondiente al mes de\u00a0SEPTIEMBRE.\" \/>\n<meta property=\"og:url\" content=\"https:\/\/www.cedol.org.ar\/logistica\/indice-nacional-costos-logisticos-utn-cedol-septiembre-2018\/\" \/>\n<meta property=\"og:site_name\" content=\"CEDOL\" \/>\n<meta property=\"article:published_time\" content=\"2018-10-04T20:35:43+00:00\" \/>\n<meta property=\"og:image\" content=\"https:\/\/www.cedol.org.ar\/logistica\/wp-content\/uploads\/2018\/10\/ima-indices-1070.jpg\" \/>\n\t<meta property=\"og:image:width\" content=\"1070\" \/>\n\t<meta property=\"og:image:height\" content=\"540\" \/>\n\t<meta property=\"og:image:type\" content=\"image\/jpeg\" \/>\n<meta name=\"author\" content=\"admin\" \/>\n<meta name=\"twitter:card\" content=\"summary_large_image\" \/>\n<meta name=\"twitter:label1\" content=\"Escrito por\" \/>\n\t<meta name=\"twitter:data1\" content=\"admin\" \/>\n\t<meta name=\"twitter:label2\" content=\"Tiempo de lectura\" \/>\n\t<meta name=\"twitter:data2\" content=\"3 minutos\" \/>\n<script type=\"application\/ld+json\" class=\"yoast-schema-graph\">{\"@context\":\"https:\/\/schema.org\",\"@graph\":[{\"@type\":\"WebPage\",\"@id\":\"https:\/\/www.cedol.org.ar\/logistica\/indice-nacional-costos-logisticos-utn-cedol-septiembre-2018\/\",\"url\":\"https:\/\/www.cedol.org.ar\/logistica\/indice-nacional-costos-logisticos-utn-cedol-septiembre-2018\/\",\"name\":\"\u00cdndice Nacional de Costos Log\u00edsticos UTN\/CEDOL de Septiembre 2018 &#187; CEDOL\",\"isPartOf\":{\"@id\":\"https:\/\/www.cedol.org.ar\/logistica\/#website\"},\"primaryImageOfPage\":{\"@id\":\"https:\/\/www.cedol.org.ar\/logistica\/indice-nacional-costos-logisticos-utn-cedol-septiembre-2018\/#primaryimage\"},\"image\":{\"@id\":\"https:\/\/www.cedol.org.ar\/logistica\/indice-nacional-costos-logisticos-utn-cedol-septiembre-2018\/#primaryimage\"},\"thumbnailUrl\":\"https:\/\/www.cedol.org.ar\/logistica\/wp-content\/uploads\/2018\/10\/ima-indices-1070.jpg\",\"datePublished\":\"2018-10-04T20:35:43+00:00\",\"dateModified\":\"2018-10-04T20:35:43+00:00\",\"author\":{\"@id\":\"https:\/\/www.cedol.org.ar\/logistica\/#\/schema\/person\/40275bdb20446824fc74d51aabe22e83\"},\"description\":\"\u00cdndice de Costos Log\u00edsticos Nacionales elaborado para la\u00a0C\u00e1mara Empresaria de Operadores Log\u00edsticos (CEDOL), correspondiente al mes de\u00a0SEPTIEMBRE.\",\"breadcrumb\":{\"@id\":\"https:\/\/www.cedol.org.ar\/logistica\/indice-nacional-costos-logisticos-utn-cedol-septiembre-2018\/#breadcrumb\"},\"inLanguage\":\"es\",\"potentialAction\":[{\"@type\":\"ReadAction\",\"target\":[\"https:\/\/www.cedol.org.ar\/logistica\/indice-nacional-costos-logisticos-utn-cedol-septiembre-2018\/\"]}]},{\"@type\":\"ImageObject\",\"inLanguage\":\"es\",\"@id\":\"https:\/\/www.cedol.org.ar\/logistica\/indice-nacional-costos-logisticos-utn-cedol-septiembre-2018\/#primaryimage\",\"url\":\"https:\/\/www.cedol.org.ar\/logistica\/wp-content\/uploads\/2018\/10\/ima-indices-1070.jpg\",\"contentUrl\":\"https:\/\/www.cedol.org.ar\/logistica\/wp-content\/uploads\/2018\/10\/ima-indices-1070.jpg\",\"width\":1070,\"height\":540,\"caption\":\"\u00cdndices UTN \/ CEDOL\"},{\"@type\":\"BreadcrumbList\",\"@id\":\"https:\/\/www.cedol.org.ar\/logistica\/indice-nacional-costos-logisticos-utn-cedol-septiembre-2018\/#breadcrumb\",\"itemListElement\":[{\"@type\":\"ListItem\",\"position\":1,\"name\":\"Home\",\"item\":\"https:\/\/www.cedol.org.ar\/logistica\/\"},{\"@type\":\"ListItem\",\"position\":2,\"name\":\"\u00cdndice Nacional de Costos Log\u00edsticos UTN\/CEDOL de Septiembre 2018\"}]},{\"@type\":\"WebSite\",\"@id\":\"https:\/\/www.cedol.org.ar\/logistica\/#website\",\"url\":\"https:\/\/www.cedol.org.ar\/logistica\/\",\"name\":\"CEDOL\",\"description\":\"C\u00c1MARA EMPRESARIA DE OPERADORES LOG\u00cdSTICOS\",\"potentialAction\":[{\"@type\":\"SearchAction\",\"target\":{\"@type\":\"EntryPoint\",\"urlTemplate\":\"https:\/\/www.cedol.org.ar\/logistica\/?s={search_term_string}\"},\"query-input\":\"required name=search_term_string\"}],\"inLanguage\":\"es\"},{\"@type\":\"Person\",\"@id\":\"https:\/\/www.cedol.org.ar\/logistica\/#\/schema\/person\/40275bdb20446824fc74d51aabe22e83\",\"name\":\"admin\"}]}<\/script>\n<!-- \/ Yoast SEO plugin. -->","yoast_head_json":{"title":"\u00cdndice Nacional de Costos Log\u00edsticos UTN\/CEDOL de Septiembre 2018 &#187; CEDOL","description":"\u00cdndice de Costos Log\u00edsticos Nacionales elaborado para la\u00a0C\u00e1mara Empresaria de Operadores Log\u00edsticos (CEDOL), correspondiente al mes de\u00a0SEPTIEMBRE.","robots":{"index":"index","follow":"follow","max-snippet":"max-snippet:-1","max-image-preview":"max-image-preview:large","max-video-preview":"max-video-preview:-1"},"canonical":"https:\/\/www.cedol.org.ar\/logistica\/indice-nacional-costos-logisticos-utn-cedol-septiembre-2018\/","og_locale":"es_ES","og_type":"article","og_title":"\u00cdndice Nacional de Costos Log\u00edsticos UTN\/CEDOL de Septiembre 2018 &#187; CEDOL","og_description":"\u00cdndice de Costos Log\u00edsticos Nacionales elaborado para la\u00a0C\u00e1mara Empresaria de Operadores Log\u00edsticos (CEDOL), correspondiente al mes de\u00a0SEPTIEMBRE.","og_url":"https:\/\/www.cedol.org.ar\/logistica\/indice-nacional-costos-logisticos-utn-cedol-septiembre-2018\/","og_site_name":"CEDOL","article_published_time":"2018-10-04T20:35:43+00:00","og_image":[{"width":1070,"height":540,"url":"https:\/\/www.cedol.org.ar\/logistica\/wp-content\/uploads\/2018\/10\/ima-indices-1070.jpg","type":"image\/jpeg"}],"author":"admin","twitter_card":"summary_large_image","twitter_misc":{"Escrito por":"admin","Tiempo de lectura":"3 minutos"},"schema":{"@context":"https:\/\/schema.org","@graph":[{"@type":"WebPage","@id":"https:\/\/www.cedol.org.ar\/logistica\/indice-nacional-costos-logisticos-utn-cedol-septiembre-2018\/","url":"https:\/\/www.cedol.org.ar\/logistica\/indice-nacional-costos-logisticos-utn-cedol-septiembre-2018\/","name":"\u00cdndice Nacional de Costos Log\u00edsticos UTN\/CEDOL de Septiembre 2018 &#187; CEDOL","isPartOf":{"@id":"https:\/\/www.cedol.org.ar\/logistica\/#website"},"primaryImageOfPage":{"@id":"https:\/\/www.cedol.org.ar\/logistica\/indice-nacional-costos-logisticos-utn-cedol-septiembre-2018\/#primaryimage"},"image":{"@id":"https:\/\/www.cedol.org.ar\/logistica\/indice-nacional-costos-logisticos-utn-cedol-septiembre-2018\/#primaryimage"},"thumbnailUrl":"https:\/\/www.cedol.org.ar\/logistica\/wp-content\/uploads\/2018\/10\/ima-indices-1070.jpg","datePublished":"2018-10-04T20:35:43+00:00","dateModified":"2018-10-04T20:35:43+00:00","author":{"@id":"https:\/\/www.cedol.org.ar\/logistica\/#\/schema\/person\/40275bdb20446824fc74d51aabe22e83"},"description":"\u00cdndice de Costos Log\u00edsticos Nacionales elaborado para la\u00a0C\u00e1mara Empresaria de Operadores Log\u00edsticos (CEDOL), correspondiente al mes de\u00a0SEPTIEMBRE.","breadcrumb":{"@id":"https:\/\/www.cedol.org.ar\/logistica\/indice-nacional-costos-logisticos-utn-cedol-septiembre-2018\/#breadcrumb"},"inLanguage":"es","potentialAction":[{"@type":"ReadAction","target":["https:\/\/www.cedol.org.ar\/logistica\/indice-nacional-costos-logisticos-utn-cedol-septiembre-2018\/"]}]},{"@type":"ImageObject","inLanguage":"es","@id":"https:\/\/www.cedol.org.ar\/logistica\/indice-nacional-costos-logisticos-utn-cedol-septiembre-2018\/#primaryimage","url":"https:\/\/www.cedol.org.ar\/logistica\/wp-content\/uploads\/2018\/10\/ima-indices-1070.jpg","contentUrl":"https:\/\/www.cedol.org.ar\/logistica\/wp-content\/uploads\/2018\/10\/ima-indices-1070.jpg","width":1070,"height":540,"caption":"\u00cdndices UTN \/ CEDOL"},{"@type":"BreadcrumbList","@id":"https:\/\/www.cedol.org.ar\/logistica\/indice-nacional-costos-logisticos-utn-cedol-septiembre-2018\/#breadcrumb","itemListElement":[{"@type":"ListItem","position":1,"name":"Home","item":"https:\/\/www.cedol.org.ar\/logistica\/"},{"@type":"ListItem","position":2,"name":"\u00cdndice Nacional de Costos Log\u00edsticos UTN\/CEDOL de Septiembre 2018"}]},{"@type":"WebSite","@id":"https:\/\/www.cedol.org.ar\/logistica\/#website","url":"https:\/\/www.cedol.org.ar\/logistica\/","name":"CEDOL","description":"C\u00c1MARA EMPRESARIA DE OPERADORES LOG\u00cdSTICOS","potentialAction":[{"@type":"SearchAction","target":{"@type":"EntryPoint","urlTemplate":"https:\/\/www.cedol.org.ar\/logistica\/?s={search_term_string}"},"query-input":"required name=search_term_string"}],"inLanguage":"es"},{"@type":"Person","@id":"https:\/\/www.cedol.org.ar\/logistica\/#\/schema\/person\/40275bdb20446824fc74d51aabe22e83","name":"admin"}]}},"_links":{"self":[{"href":"https:\/\/www.cedol.org.ar\/logistica\/wp-json\/wp\/v2\/posts\/2121","targetHints":{"allow":["GET"]}}],"collection":[{"href":"https:\/\/www.cedol.org.ar\/logistica\/wp-json\/wp\/v2\/posts"}],"about":[{"href":"https:\/\/www.cedol.org.ar\/logistica\/wp-json\/wp\/v2\/types\/post"}],"author":[{"embeddable":true,"href":"https:\/\/www.cedol.org.ar\/logistica\/wp-json\/wp\/v2\/users\/1"}],"replies":[{"embeddable":true,"href":"https:\/\/www.cedol.org.ar\/logistica\/wp-json\/wp\/v2\/comments?post=2121"}],"version-history":[{"count":1,"href":"https:\/\/www.cedol.org.ar\/logistica\/wp-json\/wp\/v2\/posts\/2121\/revisions"}],"predecessor-version":[{"id":2122,"href":"https:\/\/www.cedol.org.ar\/logistica\/wp-json\/wp\/v2\/posts\/2121\/revisions\/2122"}],"wp:featuredmedia":[{"embeddable":true,"href":"https:\/\/www.cedol.org.ar\/logistica\/wp-json\/wp\/v2\/media\/2125"}],"wp:attachment":[{"href":"https:\/\/www.cedol.org.ar\/logistica\/wp-json\/wp\/v2\/media?parent=2121"}],"wp:term":[{"taxonomy":"category","embeddable":true,"href":"https:\/\/www.cedol.org.ar\/logistica\/wp-json\/wp\/v2\/categories?post=2121"},{"taxonomy":"post_tag","embeddable":true,"href":"https:\/\/www.cedol.org.ar\/logistica\/wp-json\/wp\/v2\/tags?post=2121"}],"curies":[{"name":"wp","href":"https:\/\/api.w.org\/{rel}","templated":true}]}}