{"id":2103,"date":"2018-09-25T17:10:50","date_gmt":"2018-09-25T17:10:50","guid":{"rendered":"http:\/\/www.cedol.org.ar\/logistica\/?p=2103"},"modified":"2018-10-03T03:57:04","modified_gmt":"2018-10-03T03:57:04","slug":"dietrich-la-baja-costos-logisticos","status":"publish","type":"post","link":"https:\/\/www.cedol.org.ar\/logistica\/dietrich-la-baja-costos-logisticos\/","title":{"rendered":"Dietrich y la baja de costos log\u00edsticos"},"content":{"rendered":"<p>Guillermo Dietrich, Ministro de Transporte de la Naci\u00f3n, inaugur\u00f3 la 11\u00aa Expo Transporte y 13\u00aa Expo Logisti-k, junto a su par del Uruguay, V\u00edctor Rossi; los presidentes de la Federaci\u00f3n Argentina de Entidades Empresarias del Autotransporte de Cargas (Fadeeac), Daniel Indart; y de la Asociaci\u00f3n Argentina de Log\u00edstica Empresaria (Arlog), Ra\u00fal Garreta.<\/p>\n<p>El presidente de la Fadeeac destac\u00f3 que la muestra \u201ces una demostraci\u00f3n cabal, a pesar de las circunstancias, de c\u00f3mo nuestro sector enfrenta los desaf\u00edos y las nuevas tecnolog\u00edas. En este momento, la \u2018tormenta\u2019 nos est\u00e1 poniendo en una situaci\u00f3n bastante dif\u00edcil, pero contamos con el esfuerzo y la iniciativa de todos los transportistas y con el di\u00e1logo permanente con las autoridades nacionales para encontrar soluciones\u201d.<\/p>\n<p>Indart se refiri\u00f3 a las iniciativas de la Fadeeac, entre las que mencion\u00f3 el Decreto 32\/18 de nuevas configuraciones de transporte; la adhesi\u00f3n al Acuerdo TIR de facilitaci\u00f3n de fronteras, y desliz\u00f3 un reclamo a los funcionarios respecto de la presi\u00f3n tributaria sobre el sector. Adem\u00e1s, se refiri\u00f3 a los temas que enfrenta la log\u00edstica y reconoci\u00f3 que uno de ellos es el de los costos que, reconoci\u00f3, \u201ces necesario bajar\u201d y apel\u00f3 al \u201capoyo del Gobierno Nacional, de las provincias y los municipios, en el desarrollo de las obras de infraestructura y las mejoras que se necesitan para ser m\u00e1s eficientes\u201d.<\/p>\n<p>Por su parte, el presidente de Arlog, indic\u00f3 que \u201cotro punto es la necesidad de mejorar el servicio al cliente. Todo lo que tiene que ver con la comercializaci\u00f3n est\u00e1 migrando r\u00e1pidamente hacia el e-commerce. Estamos muy lejos respecto de otros pa\u00edses en cuanto al servicio, si bien algunas empresas lo hacen muy bien, no todos estamos al nivel que el consumidor requiere. Eso nos va a marcar en los pr\u00f3ximos a\u00f1os y ah\u00ed tenemos que poner el foco\u201d.<\/p>\n<p>La importancia de bajar costos<\/p>\n<p>A su turno, el Ministro de Transporte de Argentina anticip\u00f3 las medidas que comenz\u00f3 a desarrollar el Gobierno junto a sectores empresarios y sindicales, para disminuir los costos log\u00edsticos y aumentar la productividad. Dietrich sostuvo que desde el Estado se est\u00e1 encarando una \u201ctransformaci\u00f3n silenciosa que impactar\u00e1 en el transporte y la log\u00edstica\u201d, sectores que -dijo- son considerados primordiales para el presidente Mauricio Macri, en el desarrollo del pa\u00eds. Asimismo, aventur\u00f3 que \u201cel a\u00f1o pr\u00f3ximo habr\u00e1 un crecimiento de inversiones para obras p\u00fablicas, con pol\u00edticas de integridad\u201d, y en ese aspecto, dio detalles acerca del Plan Vial Federal, \u201cque representa un desaf\u00edo enorme para todos los sectores, especialmente en del transporte y la log\u00edstica, por su importante componentes de costos\u201d.<\/p>\n<p>El Plan, explic\u00f3, \u201cse basa en dos ejes: infraestructura (vial, ferroviaria y de acceso a los puertos) y normativas. Sobre el escenario grafic\u00f3 algunos detalles de los avances instrumentados en la repavimentaci\u00f3n de rutas; tambi\u00e9n en la incorporaci\u00f3n de bitrenes y escalables; en nuevas normativas para la simplificaci\u00f3n de permisos de circulaci\u00f3n, y en la aprobaci\u00f3n que tuvo recientemente el sistema Tir, que abrevia y ordena el transporte de carga en las fronteras\u201d.<\/p>\n<p>Siempre con el enfoque en la reducci\u00f3n de costos, el ministro expuso tambi\u00e9n la intenci\u00f3n del gobierno de contar con puertos \u201cm\u00e1s competitivos\u201d para lo cual dijo que \u201ca mediados del pr\u00f3ximo a\u00f1o\u201d se concretar\u00e1 un mejor acceso al puerto de Buenos Aires. A su vez precis\u00f3 que se est\u00e1n encarando mejoras en el acceso al de Bah\u00eda Blanca y en la zona portuaria del Gran Rosario.<\/p>\n<p>Luego remarc\u00f3 que se est\u00e1 instrumentando un \u201csistema de turnos para ordenar y reducir la espera\u201d de los camiones que se dirigen al puerto. Tambi\u00e9n destac\u00f3 el \u201cOperativo Cosecha Segura, con medidas dirigidas a mejorar la productividad\u201d, y una \u201crevoluci\u00f3n de los aviones\u201d, sobre la cual subray\u00f3 que las aerol\u00edneas involucradas han \u201cbajado los costos\u201d para el transporte de cargas.<\/p>\n","protected":false},"excerpt":{"rendered":"<p>Guillermo Dietrich, Ministro de Transporte de la Naci\u00f3n, inaugur\u00f3 la 11\u00aa Expo Transporte y 13\u00aa Expo Logisti-k, junto a su par del Uruguay, V\u00edctor Rossi; [&hellip;]<\/p>\n","protected":false},"author":1,"featured_media":2104,"comment_status":"open","ping_status":"open","sticky":true,"template":"","format":"standard","meta":{"_monsterinsights_skip_tracking":false,"_monsterinsights_sitenote_active":false,"_monsterinsights_sitenote_note":"","_monsterinsights_sitenote_category":0,"footnotes":""},"categories":[4],"tags":[],"class_list":["post-2103","post","type-post","status-publish","format-standard","has-post-thumbnail","hentry","category-noticias"],"yoast_head":"<!-- This site is optimized with the Yoast SEO plugin v22.3 - https:\/\/yoast.com\/wordpress\/plugins\/seo\/ -->\n<title>Dietrich y la baja de costos log\u00edsticos &#187; CEDOL<\/title>\n<meta name=\"description\" content=\"Guillermo Dietrich, Ministro de Transporte de la Naci\u00f3n, inaugur\u00f3 la 11\u00aa Expo Transporte y 13\u00aa Expo Logisti-k, junto a su par del Uruguay, V\u00edctor Rossi;\" \/>\n<meta name=\"robots\" content=\"index, follow, max-snippet:-1, max-image-preview:large, max-video-preview:-1\" \/>\n<link rel=\"canonical\" href=\"https:\/\/www.cedol.org.ar\/logistica\/dietrich-la-baja-costos-logisticos\/\" \/>\n<meta property=\"og:locale\" content=\"es_ES\" \/>\n<meta property=\"og:type\" content=\"article\" \/>\n<meta property=\"og:title\" content=\"Dietrich y la baja de costos log\u00edsticos &#187; CEDOL\" \/>\n<meta property=\"og:description\" content=\"Guillermo Dietrich, Ministro de Transporte de la Naci\u00f3n, inaugur\u00f3 la 11\u00aa Expo Transporte y 13\u00aa Expo Logisti-k, junto a su par del Uruguay, V\u00edctor Rossi;\" \/>\n<meta property=\"og:url\" content=\"https:\/\/www.cedol.org.ar\/logistica\/dietrich-la-baja-costos-logisticos\/\" \/>\n<meta property=\"og:site_name\" content=\"CEDOL\" \/>\n<meta property=\"article:published_time\" content=\"2018-09-25T17:10:50+00:00\" \/>\n<meta property=\"article:modified_time\" content=\"2018-10-03T03:57:04+00:00\" \/>\n<meta property=\"og:image\" content=\"https:\/\/www.cedol.org.ar\/logistica\/wp-content\/uploads\/2018\/09\/FOTO-2.jpeg\" \/>\n\t<meta property=\"og:image:width\" content=\"735\" \/>\n\t<meta property=\"og:image:height\" content=\"400\" \/>\n\t<meta property=\"og:image:type\" content=\"image\/jpeg\" \/>\n<meta name=\"author\" content=\"admin\" \/>\n<meta name=\"twitter:card\" content=\"summary_large_image\" \/>\n<meta name=\"twitter:label1\" content=\"Escrito por\" \/>\n\t<meta name=\"twitter:data1\" content=\"admin\" \/>\n\t<meta name=\"twitter:label2\" content=\"Tiempo de lectura\" \/>\n\t<meta name=\"twitter:data2\" content=\"3 minutos\" \/>\n<script type=\"application\/ld+json\" class=\"yoast-schema-graph\">{\"@context\":\"https:\/\/schema.org\",\"@graph\":[{\"@type\":\"WebPage\",\"@id\":\"https:\/\/www.cedol.org.ar\/logistica\/dietrich-la-baja-costos-logisticos\/\",\"url\":\"https:\/\/www.cedol.org.ar\/logistica\/dietrich-la-baja-costos-logisticos\/\",\"name\":\"Dietrich y la baja de costos log\u00edsticos &#187; CEDOL\",\"isPartOf\":{\"@id\":\"https:\/\/www.cedol.org.ar\/logistica\/#website\"},\"primaryImageOfPage\":{\"@id\":\"https:\/\/www.cedol.org.ar\/logistica\/dietrich-la-baja-costos-logisticos\/#primaryimage\"},\"image\":{\"@id\":\"https:\/\/www.cedol.org.ar\/logistica\/dietrich-la-baja-costos-logisticos\/#primaryimage\"},\"thumbnailUrl\":\"https:\/\/www.cedol.org.ar\/logistica\/wp-content\/uploads\/2018\/09\/FOTO-2.jpeg\",\"datePublished\":\"2018-09-25T17:10:50+00:00\",\"dateModified\":\"2018-10-03T03:57:04+00:00\",\"author\":{\"@id\":\"https:\/\/www.cedol.org.ar\/logistica\/#\/schema\/person\/40275bdb20446824fc74d51aabe22e83\"},\"description\":\"Guillermo Dietrich, Ministro de Transporte de la Naci\u00f3n, inaugur\u00f3 la 11\u00aa Expo Transporte y 13\u00aa Expo Logisti-k, junto a su par del Uruguay, V\u00edctor Rossi;\",\"breadcrumb\":{\"@id\":\"https:\/\/www.cedol.org.ar\/logistica\/dietrich-la-baja-costos-logisticos\/#breadcrumb\"},\"inLanguage\":\"es\",\"potentialAction\":[{\"@type\":\"ReadAction\",\"target\":[\"https:\/\/www.cedol.org.ar\/logistica\/dietrich-la-baja-costos-logisticos\/\"]}]},{\"@type\":\"ImageObject\",\"inLanguage\":\"es\",\"@id\":\"https:\/\/www.cedol.org.ar\/logistica\/dietrich-la-baja-costos-logisticos\/#primaryimage\",\"url\":\"https:\/\/www.cedol.org.ar\/logistica\/wp-content\/uploads\/2018\/09\/FOTO-2.jpeg\",\"contentUrl\":\"https:\/\/www.cedol.org.ar\/logistica\/wp-content\/uploads\/2018\/09\/FOTO-2.jpeg\",\"width\":735,\"height\":400},{\"@type\":\"BreadcrumbList\",\"@id\":\"https:\/\/www.cedol.org.ar\/logistica\/dietrich-la-baja-costos-logisticos\/#breadcrumb\",\"itemListElement\":[{\"@type\":\"ListItem\",\"position\":1,\"name\":\"Home\",\"item\":\"https:\/\/www.cedol.org.ar\/logistica\/\"},{\"@type\":\"ListItem\",\"position\":2,\"name\":\"Dietrich y la baja de costos log\u00edsticos\"}]},{\"@type\":\"WebSite\",\"@id\":\"https:\/\/www.cedol.org.ar\/logistica\/#website\",\"url\":\"https:\/\/www.cedol.org.ar\/logistica\/\",\"name\":\"CEDOL\",\"description\":\"C\u00c1MARA EMPRESARIA DE OPERADORES LOG\u00cdSTICOS\",\"potentialAction\":[{\"@type\":\"SearchAction\",\"target\":{\"@type\":\"EntryPoint\",\"urlTemplate\":\"https:\/\/www.cedol.org.ar\/logistica\/?s={search_term_string}\"},\"query-input\":\"required name=search_term_string\"}],\"inLanguage\":\"es\"},{\"@type\":\"Person\",\"@id\":\"https:\/\/www.cedol.org.ar\/logistica\/#\/schema\/person\/40275bdb20446824fc74d51aabe22e83\",\"name\":\"admin\"}]}<\/script>\n<!-- \/ Yoast SEO plugin. -->","yoast_head_json":{"title":"Dietrich y la baja de costos log\u00edsticos &#187; CEDOL","description":"Guillermo Dietrich, Ministro de Transporte de la Naci\u00f3n, inaugur\u00f3 la 11\u00aa Expo Transporte y 13\u00aa Expo Logisti-k, junto a su par del Uruguay, V\u00edctor Rossi;","robots":{"index":"index","follow":"follow","max-snippet":"max-snippet:-1","max-image-preview":"max-image-preview:large","max-video-preview":"max-video-preview:-1"},"canonical":"https:\/\/www.cedol.org.ar\/logistica\/dietrich-la-baja-costos-logisticos\/","og_locale":"es_ES","og_type":"article","og_title":"Dietrich y la baja de costos log\u00edsticos &#187; CEDOL","og_description":"Guillermo Dietrich, Ministro de Transporte de la Naci\u00f3n, inaugur\u00f3 la 11\u00aa Expo Transporte y 13\u00aa Expo Logisti-k, junto a su par del Uruguay, V\u00edctor Rossi;","og_url":"https:\/\/www.cedol.org.ar\/logistica\/dietrich-la-baja-costos-logisticos\/","og_site_name":"CEDOL","article_published_time":"2018-09-25T17:10:50+00:00","article_modified_time":"2018-10-03T03:57:04+00:00","og_image":[{"width":735,"height":400,"url":"https:\/\/www.cedol.org.ar\/logistica\/wp-content\/uploads\/2018\/09\/FOTO-2.jpeg","type":"image\/jpeg"}],"author":"admin","twitter_card":"summary_large_image","twitter_misc":{"Escrito por":"admin","Tiempo de lectura":"3 minutos"},"schema":{"@context":"https:\/\/schema.org","@graph":[{"@type":"WebPage","@id":"https:\/\/www.cedol.org.ar\/logistica\/dietrich-la-baja-costos-logisticos\/","url":"https:\/\/www.cedol.org.ar\/logistica\/dietrich-la-baja-costos-logisticos\/","name":"Dietrich y la baja de costos log\u00edsticos &#187; CEDOL","isPartOf":{"@id":"https:\/\/www.cedol.org.ar\/logistica\/#website"},"primaryImageOfPage":{"@id":"https:\/\/www.cedol.org.ar\/logistica\/dietrich-la-baja-costos-logisticos\/#primaryimage"},"image":{"@id":"https:\/\/www.cedol.org.ar\/logistica\/dietrich-la-baja-costos-logisticos\/#primaryimage"},"thumbnailUrl":"https:\/\/www.cedol.org.ar\/logistica\/wp-content\/uploads\/2018\/09\/FOTO-2.jpeg","datePublished":"2018-09-25T17:10:50+00:00","dateModified":"2018-10-03T03:57:04+00:00","author":{"@id":"https:\/\/www.cedol.org.ar\/logistica\/#\/schema\/person\/40275bdb20446824fc74d51aabe22e83"},"description":"Guillermo Dietrich, Ministro de Transporte de la Naci\u00f3n, inaugur\u00f3 la 11\u00aa Expo Transporte y 13\u00aa Expo Logisti-k, junto a su par del Uruguay, V\u00edctor Rossi;","breadcrumb":{"@id":"https:\/\/www.cedol.org.ar\/logistica\/dietrich-la-baja-costos-logisticos\/#breadcrumb"},"inLanguage":"es","potentialAction":[{"@type":"ReadAction","target":["https:\/\/www.cedol.org.ar\/logistica\/dietrich-la-baja-costos-logisticos\/"]}]},{"@type":"ImageObject","inLanguage":"es","@id":"https:\/\/www.cedol.org.ar\/logistica\/dietrich-la-baja-costos-logisticos\/#primaryimage","url":"https:\/\/www.cedol.org.ar\/logistica\/wp-content\/uploads\/2018\/09\/FOTO-2.jpeg","contentUrl":"https:\/\/www.cedol.org.ar\/logistica\/wp-content\/uploads\/2018\/09\/FOTO-2.jpeg","width":735,"height":400},{"@type":"BreadcrumbList","@id":"https:\/\/www.cedol.org.ar\/logistica\/dietrich-la-baja-costos-logisticos\/#breadcrumb","itemListElement":[{"@type":"ListItem","position":1,"name":"Home","item":"https:\/\/www.cedol.org.ar\/logistica\/"},{"@type":"ListItem","position":2,"name":"Dietrich y la baja de costos log\u00edsticos"}]},{"@type":"WebSite","@id":"https:\/\/www.cedol.org.ar\/logistica\/#website","url":"https:\/\/www.cedol.org.ar\/logistica\/","name":"CEDOL","description":"C\u00c1MARA EMPRESARIA DE OPERADORES LOG\u00cdSTICOS","potentialAction":[{"@type":"SearchAction","target":{"@type":"EntryPoint","urlTemplate":"https:\/\/www.cedol.org.ar\/logistica\/?s={search_term_string}"},"query-input":"required name=search_term_string"}],"inLanguage":"es"},{"@type":"Person","@id":"https:\/\/www.cedol.org.ar\/logistica\/#\/schema\/person\/40275bdb20446824fc74d51aabe22e83","name":"admin"}]}},"_links":{"self":[{"href":"https:\/\/www.cedol.org.ar\/logistica\/wp-json\/wp\/v2\/posts\/2103","targetHints":{"allow":["GET"]}}],"collection":[{"href":"https:\/\/www.cedol.org.ar\/logistica\/wp-json\/wp\/v2\/posts"}],"about":[{"href":"https:\/\/www.cedol.org.ar\/logistica\/wp-json\/wp\/v2\/types\/post"}],"author":[{"embeddable":true,"href":"https:\/\/www.cedol.org.ar\/logistica\/wp-json\/wp\/v2\/users\/1"}],"replies":[{"embeddable":true,"href":"https:\/\/www.cedol.org.ar\/logistica\/wp-json\/wp\/v2\/comments?post=2103"}],"version-history":[{"count":1,"href":"https:\/\/www.cedol.org.ar\/logistica\/wp-json\/wp\/v2\/posts\/2103\/revisions"}],"predecessor-version":[{"id":2105,"href":"https:\/\/www.cedol.org.ar\/logistica\/wp-json\/wp\/v2\/posts\/2103\/revisions\/2105"}],"wp:featuredmedia":[{"embeddable":true,"href":"https:\/\/www.cedol.org.ar\/logistica\/wp-json\/wp\/v2\/media\/2104"}],"wp:attachment":[{"href":"https:\/\/www.cedol.org.ar\/logistica\/wp-json\/wp\/v2\/media?parent=2103"}],"wp:term":[{"taxonomy":"category","embeddable":true,"href":"https:\/\/www.cedol.org.ar\/logistica\/wp-json\/wp\/v2\/categories?post=2103"},{"taxonomy":"post_tag","embeddable":true,"href":"https:\/\/www.cedol.org.ar\/logistica\/wp-json\/wp\/v2\/tags?post=2103"}],"curies":[{"name":"wp","href":"https:\/\/api.w.org\/{rel}","templated":true}]}}