{"id":2100,"date":"2018-09-25T17:09:15","date_gmt":"2018-09-25T17:09:15","guid":{"rendered":"http:\/\/www.cedol.org.ar\/logistica\/?p=2100"},"modified":"2018-09-25T17:09:15","modified_gmt":"2018-09-25T17:09:15","slug":"arlog-todos-lados-logistica","status":"publish","type":"post","link":"https:\/\/www.cedol.org.ar\/logistica\/arlog-todos-lados-logistica\/","title":{"rendered":"Arlog: En todos lados hay log\u00edstica"},"content":{"rendered":"<p>La Asociaci\u00f3n Argentina de Log\u00edstica Empresaria (Arlog) particip\u00f3 con un ciclo de conferencias en Expo Logisti-K. El mi\u00e9rcoles 19 de setiembre se llev\u00f3 a cabo la charla titulada: \u201cEn todos lados hay log\u00edstica\u201d, moderada por Alejandro Leiras, director de Capacitaci\u00f3n de la Asociaci\u00f3n, y que const\u00f3 de varias presentaciones din\u00e1micas de 20 minutos, desde la mirada de j\u00f3venes profesionales.<\/p>\n<p>La primera estuvo a cargo de Emiliano Stockl, gerente de Log\u00edstica en el Comit\u00e9 Organizador de los Juegos Ol\u00edmpicos de la Juventud Buenos Aires 2018, que albergar\u00e1 a 18 mil atletas, de m\u00e1s de 200 pa\u00edses, con 400 eventos de 35 deportes en 17 d\u00edas. En este sentido, obviamente, se\u00f1al\u00f3 que la planificaci\u00f3n es clave.<\/p>\n<p>Adem\u00e1s, Stockl detall\u00f3 algunos n\u00fameros referentes a la organizaci\u00f3n log\u00edstica de los \u00faltimos juegos ol\u00edmpicos. Para los JJOO de Beijing 2008 hubo una expansi\u00f3n de m\u00e1s de 300 kil\u00f3metros de autopista e incorporaron 20 mil micros al sistema de transporte p\u00fablico. En tanto, para los JJOO de Londres 2012 el comedor tuvo una capacidad para 5000 atletas. El servicio de comidas alcanz\u00f3 los 60 mil platos diarios. Para Rio 2016 en la Villa Ol\u00edmpica hab\u00eda 31 edificios y un total de 3600 departamentos con una capacidad para recibir a 17.950 atletas. \u201cUna ciudad para estar lista para los JJOO lleva una preparaci\u00f3n de 7 a\u00f1os para 17 d\u00edas que duran los juegos\u201d, afirm\u00f3 el organizador.<\/p>\n<p>Luego, Antonio Martino, estudiante de la carrera de Planificaci\u00f3n Log\u00edstica de la Universidad Nacional de Lan\u00fas, se explay\u00f3 sobre territorio y formas de consumo, donde remarc\u00f3 que el desarrollo competitivo y productivo del pa\u00eds est\u00e1 estrechamente vinculado con la calidad de servicios log\u00edsticos, como los portuarios, aeroportuarios, de transporte, energ\u00eda, ferroviarios, carreteros y uso de ductos.<\/p>\n<p>Por otra parte, expres\u00f3 que el profesional log\u00edstico de hoy debe analizar e implementar estrategias para la toma de decisiones de los diferentes<\/p>\n<p>escenarios, asegurando calidad, compromiso, evaluaci\u00f3n de informaci\u00f3n confiable en tiempo real, normas \u00e9ticas y morales, cuidado del medio ambiente y desarrollo del negocio. A modo de conclusi\u00f3n, dijo que \u201cno es posible un desarrollo humano arm\u00f3nico y sustentable sin una articulaci\u00f3n territorial que integre los diferentes modos de transporte con un criterio de uso racional y sustentable en su explotaci\u00f3n\u201d.<\/p>\n<p>M\u00e1s tarde fue el turno de Gustavo Gonzalo, consultor psicol\u00f3gico y coach ontol\u00f3gico, qui\u00e9n resalt\u00f3 la importancia de tener un buen l\u00edder en las empresas de log\u00edstica y de capacitar a las personas en el trabajo en equipo, enfatizando el soporte y la confianza. Luego realiz\u00f3 un ejercicio de roles con participantes del auditorio en el que demostr\u00f3 que es fundamental confiar en el l\u00edder.<\/p>\n<p>Por \u00faltimo, Emiliano Lindenboim, especialista en Educaci\u00f3n en Grupo Log\u00edstico Andreani, expuso sobre la capacitaci\u00f3n efectiva y el valor del entrenamiento en la log\u00edstica. Asever\u00f3 que es importante escuchar a los trabajadores para acelerar la curva de aprendizaje. Luego, se refiri\u00f3 al modelo de entrenamiento 70, 20, 10, que consiste en 70 por ciento de trabajo diario, retos y pr\u00e1ctica; 20 por ciento de trabajo en equipo, mentoring y feedback, y 10 por ciento de cursos de formaci\u00f3n.<\/p>\n","protected":false},"excerpt":{"rendered":"<p>La Asociaci\u00f3n Argentina de Log\u00edstica Empresaria (Arlog) particip\u00f3 con un ciclo de conferencias en Expo Logisti-K. El mi\u00e9rcoles 19 de setiembre se llev\u00f3 a cabo [&hellip;]<\/p>\n","protected":false},"author":1,"featured_media":2101,"comment_status":"open","ping_status":"open","sticky":false,"template":"","format":"standard","meta":{"_monsterinsights_skip_tracking":false,"_monsterinsights_sitenote_active":false,"_monsterinsights_sitenote_note":"","_monsterinsights_sitenote_category":0,"footnotes":""},"categories":[4],"tags":[],"class_list":["post-2100","post","type-post","status-publish","format-standard","has-post-thumbnail","hentry","category-noticias"],"yoast_head":"<!-- This site is optimized with the Yoast SEO plugin v22.3 - https:\/\/yoast.com\/wordpress\/plugins\/seo\/ -->\n<title>Arlog: En todos lados hay log\u00edstica &#187; CEDOL<\/title>\n<meta name=\"description\" content=\"La Asociaci\u00f3n Argentina de Log\u00edstica Empresaria (Arlog) particip\u00f3 con un ciclo de conferencias en Expo Logisti-K. El mi\u00e9rcoles 19 de setiembre se llev\u00f3 a\" \/>\n<meta name=\"robots\" content=\"index, follow, max-snippet:-1, max-image-preview:large, max-video-preview:-1\" \/>\n<link rel=\"canonical\" href=\"https:\/\/www.cedol.org.ar\/logistica\/arlog-todos-lados-logistica\/\" \/>\n<meta property=\"og:locale\" content=\"es_ES\" \/>\n<meta property=\"og:type\" content=\"article\" \/>\n<meta property=\"og:title\" content=\"Arlog: En todos lados hay log\u00edstica &#187; CEDOL\" \/>\n<meta property=\"og:description\" content=\"La Asociaci\u00f3n Argentina de Log\u00edstica Empresaria (Arlog) particip\u00f3 con un ciclo de conferencias en Expo Logisti-K. El mi\u00e9rcoles 19 de setiembre se llev\u00f3 a\" \/>\n<meta property=\"og:url\" content=\"https:\/\/www.cedol.org.ar\/logistica\/arlog-todos-lados-logistica\/\" \/>\n<meta property=\"og:site_name\" content=\"CEDOL\" \/>\n<meta property=\"article:published_time\" content=\"2018-09-25T17:09:15+00:00\" \/>\n<meta property=\"og:image\" content=\"https:\/\/www.cedol.org.ar\/logistica\/wp-content\/uploads\/2018\/09\/FOTO-3.jpg\" \/>\n\t<meta property=\"og:image:width\" content=\"1280\" \/>\n\t<meta property=\"og:image:height\" content=\"1046\" \/>\n\t<meta property=\"og:image:type\" content=\"image\/jpeg\" \/>\n<meta name=\"author\" content=\"admin\" \/>\n<meta name=\"twitter:card\" content=\"summary_large_image\" \/>\n<meta name=\"twitter:label1\" content=\"Escrito por\" \/>\n\t<meta name=\"twitter:data1\" content=\"admin\" \/>\n\t<meta name=\"twitter:label2\" content=\"Tiempo de lectura\" \/>\n\t<meta name=\"twitter:data2\" content=\"3 minutos\" \/>\n<script type=\"application\/ld+json\" class=\"yoast-schema-graph\">{\"@context\":\"https:\/\/schema.org\",\"@graph\":[{\"@type\":\"WebPage\",\"@id\":\"https:\/\/www.cedol.org.ar\/logistica\/arlog-todos-lados-logistica\/\",\"url\":\"https:\/\/www.cedol.org.ar\/logistica\/arlog-todos-lados-logistica\/\",\"name\":\"Arlog: En todos lados hay log\u00edstica &#187; CEDOL\",\"isPartOf\":{\"@id\":\"https:\/\/www.cedol.org.ar\/logistica\/#website\"},\"primaryImageOfPage\":{\"@id\":\"https:\/\/www.cedol.org.ar\/logistica\/arlog-todos-lados-logistica\/#primaryimage\"},\"image\":{\"@id\":\"https:\/\/www.cedol.org.ar\/logistica\/arlog-todos-lados-logistica\/#primaryimage\"},\"thumbnailUrl\":\"https:\/\/www.cedol.org.ar\/logistica\/wp-content\/uploads\/2018\/09\/FOTO-3.jpg\",\"datePublished\":\"2018-09-25T17:09:15+00:00\",\"dateModified\":\"2018-09-25T17:09:15+00:00\",\"author\":{\"@id\":\"https:\/\/www.cedol.org.ar\/logistica\/#\/schema\/person\/40275bdb20446824fc74d51aabe22e83\"},\"description\":\"La Asociaci\u00f3n Argentina de Log\u00edstica Empresaria (Arlog) particip\u00f3 con un ciclo de conferencias en Expo Logisti-K. El mi\u00e9rcoles 19 de setiembre se llev\u00f3 a\",\"breadcrumb\":{\"@id\":\"https:\/\/www.cedol.org.ar\/logistica\/arlog-todos-lados-logistica\/#breadcrumb\"},\"inLanguage\":\"es\",\"potentialAction\":[{\"@type\":\"ReadAction\",\"target\":[\"https:\/\/www.cedol.org.ar\/logistica\/arlog-todos-lados-logistica\/\"]}]},{\"@type\":\"ImageObject\",\"inLanguage\":\"es\",\"@id\":\"https:\/\/www.cedol.org.ar\/logistica\/arlog-todos-lados-logistica\/#primaryimage\",\"url\":\"https:\/\/www.cedol.org.ar\/logistica\/wp-content\/uploads\/2018\/09\/FOTO-3.jpg\",\"contentUrl\":\"https:\/\/www.cedol.org.ar\/logistica\/wp-content\/uploads\/2018\/09\/FOTO-3.jpg\",\"width\":1280,\"height\":1046},{\"@type\":\"BreadcrumbList\",\"@id\":\"https:\/\/www.cedol.org.ar\/logistica\/arlog-todos-lados-logistica\/#breadcrumb\",\"itemListElement\":[{\"@type\":\"ListItem\",\"position\":1,\"name\":\"Home\",\"item\":\"https:\/\/www.cedol.org.ar\/logistica\/\"},{\"@type\":\"ListItem\",\"position\":2,\"name\":\"Arlog: En todos lados hay log\u00edstica\"}]},{\"@type\":\"WebSite\",\"@id\":\"https:\/\/www.cedol.org.ar\/logistica\/#website\",\"url\":\"https:\/\/www.cedol.org.ar\/logistica\/\",\"name\":\"CEDOL\",\"description\":\"C\u00c1MARA EMPRESARIA DE OPERADORES LOG\u00cdSTICOS\",\"potentialAction\":[{\"@type\":\"SearchAction\",\"target\":{\"@type\":\"EntryPoint\",\"urlTemplate\":\"https:\/\/www.cedol.org.ar\/logistica\/?s={search_term_string}\"},\"query-input\":\"required name=search_term_string\"}],\"inLanguage\":\"es\"},{\"@type\":\"Person\",\"@id\":\"https:\/\/www.cedol.org.ar\/logistica\/#\/schema\/person\/40275bdb20446824fc74d51aabe22e83\",\"name\":\"admin\"}]}<\/script>\n<!-- \/ Yoast SEO plugin. -->","yoast_head_json":{"title":"Arlog: En todos lados hay log\u00edstica &#187; CEDOL","description":"La Asociaci\u00f3n Argentina de Log\u00edstica Empresaria (Arlog) particip\u00f3 con un ciclo de conferencias en Expo Logisti-K. El mi\u00e9rcoles 19 de setiembre se llev\u00f3 a","robots":{"index":"index","follow":"follow","max-snippet":"max-snippet:-1","max-image-preview":"max-image-preview:large","max-video-preview":"max-video-preview:-1"},"canonical":"https:\/\/www.cedol.org.ar\/logistica\/arlog-todos-lados-logistica\/","og_locale":"es_ES","og_type":"article","og_title":"Arlog: En todos lados hay log\u00edstica &#187; CEDOL","og_description":"La Asociaci\u00f3n Argentina de Log\u00edstica Empresaria (Arlog) particip\u00f3 con un ciclo de conferencias en Expo Logisti-K. El mi\u00e9rcoles 19 de setiembre se llev\u00f3 a","og_url":"https:\/\/www.cedol.org.ar\/logistica\/arlog-todos-lados-logistica\/","og_site_name":"CEDOL","article_published_time":"2018-09-25T17:09:15+00:00","og_image":[{"width":1280,"height":1046,"url":"https:\/\/www.cedol.org.ar\/logistica\/wp-content\/uploads\/2018\/09\/FOTO-3.jpg","type":"image\/jpeg"}],"author":"admin","twitter_card":"summary_large_image","twitter_misc":{"Escrito por":"admin","Tiempo de lectura":"3 minutos"},"schema":{"@context":"https:\/\/schema.org","@graph":[{"@type":"WebPage","@id":"https:\/\/www.cedol.org.ar\/logistica\/arlog-todos-lados-logistica\/","url":"https:\/\/www.cedol.org.ar\/logistica\/arlog-todos-lados-logistica\/","name":"Arlog: En todos lados hay log\u00edstica &#187; CEDOL","isPartOf":{"@id":"https:\/\/www.cedol.org.ar\/logistica\/#website"},"primaryImageOfPage":{"@id":"https:\/\/www.cedol.org.ar\/logistica\/arlog-todos-lados-logistica\/#primaryimage"},"image":{"@id":"https:\/\/www.cedol.org.ar\/logistica\/arlog-todos-lados-logistica\/#primaryimage"},"thumbnailUrl":"https:\/\/www.cedol.org.ar\/logistica\/wp-content\/uploads\/2018\/09\/FOTO-3.jpg","datePublished":"2018-09-25T17:09:15+00:00","dateModified":"2018-09-25T17:09:15+00:00","author":{"@id":"https:\/\/www.cedol.org.ar\/logistica\/#\/schema\/person\/40275bdb20446824fc74d51aabe22e83"},"description":"La Asociaci\u00f3n Argentina de Log\u00edstica Empresaria (Arlog) particip\u00f3 con un ciclo de conferencias en Expo Logisti-K. El mi\u00e9rcoles 19 de setiembre se llev\u00f3 a","breadcrumb":{"@id":"https:\/\/www.cedol.org.ar\/logistica\/arlog-todos-lados-logistica\/#breadcrumb"},"inLanguage":"es","potentialAction":[{"@type":"ReadAction","target":["https:\/\/www.cedol.org.ar\/logistica\/arlog-todos-lados-logistica\/"]}]},{"@type":"ImageObject","inLanguage":"es","@id":"https:\/\/www.cedol.org.ar\/logistica\/arlog-todos-lados-logistica\/#primaryimage","url":"https:\/\/www.cedol.org.ar\/logistica\/wp-content\/uploads\/2018\/09\/FOTO-3.jpg","contentUrl":"https:\/\/www.cedol.org.ar\/logistica\/wp-content\/uploads\/2018\/09\/FOTO-3.jpg","width":1280,"height":1046},{"@type":"BreadcrumbList","@id":"https:\/\/www.cedol.org.ar\/logistica\/arlog-todos-lados-logistica\/#breadcrumb","itemListElement":[{"@type":"ListItem","position":1,"name":"Home","item":"https:\/\/www.cedol.org.ar\/logistica\/"},{"@type":"ListItem","position":2,"name":"Arlog: En todos lados hay log\u00edstica"}]},{"@type":"WebSite","@id":"https:\/\/www.cedol.org.ar\/logistica\/#website","url":"https:\/\/www.cedol.org.ar\/logistica\/","name":"CEDOL","description":"C\u00c1MARA EMPRESARIA DE OPERADORES LOG\u00cdSTICOS","potentialAction":[{"@type":"SearchAction","target":{"@type":"EntryPoint","urlTemplate":"https:\/\/www.cedol.org.ar\/logistica\/?s={search_term_string}"},"query-input":"required name=search_term_string"}],"inLanguage":"es"},{"@type":"Person","@id":"https:\/\/www.cedol.org.ar\/logistica\/#\/schema\/person\/40275bdb20446824fc74d51aabe22e83","name":"admin"}]}},"_links":{"self":[{"href":"https:\/\/www.cedol.org.ar\/logistica\/wp-json\/wp\/v2\/posts\/2100","targetHints":{"allow":["GET"]}}],"collection":[{"href":"https:\/\/www.cedol.org.ar\/logistica\/wp-json\/wp\/v2\/posts"}],"about":[{"href":"https:\/\/www.cedol.org.ar\/logistica\/wp-json\/wp\/v2\/types\/post"}],"author":[{"embeddable":true,"href":"https:\/\/www.cedol.org.ar\/logistica\/wp-json\/wp\/v2\/users\/1"}],"replies":[{"embeddable":true,"href":"https:\/\/www.cedol.org.ar\/logistica\/wp-json\/wp\/v2\/comments?post=2100"}],"version-history":[{"count":1,"href":"https:\/\/www.cedol.org.ar\/logistica\/wp-json\/wp\/v2\/posts\/2100\/revisions"}],"predecessor-version":[{"id":2102,"href":"https:\/\/www.cedol.org.ar\/logistica\/wp-json\/wp\/v2\/posts\/2100\/revisions\/2102"}],"wp:featuredmedia":[{"embeddable":true,"href":"https:\/\/www.cedol.org.ar\/logistica\/wp-json\/wp\/v2\/media\/2101"}],"wp:attachment":[{"href":"https:\/\/www.cedol.org.ar\/logistica\/wp-json\/wp\/v2\/media?parent=2100"}],"wp:term":[{"taxonomy":"category","embeddable":true,"href":"https:\/\/www.cedol.org.ar\/logistica\/wp-json\/wp\/v2\/categories?post=2100"},{"taxonomy":"post_tag","embeddable":true,"href":"https:\/\/www.cedol.org.ar\/logistica\/wp-json\/wp\/v2\/tags?post=2100"}],"curies":[{"name":"wp","href":"https:\/\/api.w.org\/{rel}","templated":true}]}}