{"id":2096,"date":"2018-09-25T17:01:15","date_gmt":"2018-09-25T17:01:15","guid":{"rendered":"http:\/\/www.cedol.org.ar\/logistica\/?p=2096"},"modified":"2018-10-04T20:36:53","modified_gmt":"2018-10-04T20:36:53","slug":"indices-utn-cedol-costos-logisticos-agosto","status":"publish","type":"post","link":"https:\/\/www.cedol.org.ar\/logistica\/indices-utn-cedol-costos-logisticos-agosto\/","title":{"rendered":"\u00cdndices UTN \/ CEDOL de Costos Log\u00edsticos de Agosto"},"content":{"rendered":"<p>La Universidad Tecnol\u00f3gica Nacional (UTN) a trav\u00e9s de su Centro Tecnol\u00f3gico de Transporte, Tr\u00e1nsito y Seguridad Vial (C3T), dio a conocer la evoluci\u00f3n del \u00cdndice de Costos Log\u00edsticos Nacionales elaborado para la C\u00e1mara Empresaria de Operadores Log\u00edsticos (CEDOL), correspondiente al mes de Agosto 2018.<\/p>\n<p>En el an\u00e1lisis de la variante que incluye el Costo con Transporte, la suba del mes fue del 4,03%. En tanto que para la modalidad Sin Costo de Transporte, la variaci\u00f3n alcanz\u00f3 el 4,79%. Por su parte, los indicadores correspondientes a Costos de Distribuci\u00f3n Con Acompa\u00f1ante, reflejaron un incremento de 1,88%; y, Sin Acompa\u00f1ante, 2,73%.<\/p>\n<p>Adicionalmente, cabe recordar que la medici\u00f3n de costos que realiza la Federaci\u00f3n Argentina de Entidades Empresarias del Autotransporte de Carga (FADEEAC), tuvo en el mes de Agosto un crecimiento del 3,82%.<\/p>\n<p>El siguiente cuadro expresa los resultados del aumento acumulado en 2018 y las variaciones interanuales por el impacto que tienen las subas de tarifas en servicios y otros insumos que, puntualmente, siguen mostrando la gravedad de la situaci\u00f3n que atraviesa el sector log\u00edstico para funcionar cada d\u00eda, con semejante nivel de incrementos en sus costos.<\/p>\n<p><span data-ccp-props=\"{&quot;335551550&quot;:6,&quot;335551620&quot;:6,&quot;335559740&quot;:288}\">\u00a0<\/span><\/p>\n<table>\n<tbody>\n<tr>\n<td><span data-ccp-props=\"{}\">\u00a0<\/span><\/td>\n<td><b>Variaci\u00f3n \u00faltimos\u00a0<\/b><b>8<\/b><b>\u00a0meses<\/b><span data-ccp-props=\"{}\">\u00a0<\/span><\/td>\n<td><b>Variaci\u00f3n \u00faltimos 12 meses<\/b><span data-ccp-props=\"{}\">\u00a0<\/span><\/td>\n<\/tr>\n<tr>\n<td><b>CEDOL con costo de transporte<\/b><span data-ccp-props=\"{}\">\u00a0<\/span><\/td>\n<td><b>28,34%<\/b><span data-ccp-props=\"{}\">\u00a0<\/span><\/td>\n<td><b>39,03%<\/b><span data-ccp-props=\"{}\">\u00a0<\/span><\/td>\n<\/tr>\n<tr>\n<td><b>CEDOL sin costo de transporte<\/b><span data-ccp-props=\"{}\">\u00a0<\/span><\/td>\n<td><b>26,52%<\/b><span data-ccp-props=\"{}\">\u00a0<\/span><\/td>\n<td><b>35,05%<\/b><span data-ccp-props=\"{}\">\u00a0<\/span><\/td>\n<\/tr>\n<tr>\n<td><b>Distribuci\u00f3n con Acompa\u00f1ante<\/b><span data-ccp-props=\"{}\">\u00a0<\/span><\/td>\n<td><b>21,54%<\/b><span data-ccp-props=\"{}\">\u00a0<\/span><\/td>\n<td><b>29,88%<\/b><span data-ccp-props=\"{}\">\u00a0<\/span><\/td>\n<\/tr>\n<tr>\n<td><b>Distribuci\u00f3n sin acompa\u00f1ante<\/b><span data-ccp-props=\"{}\">\u00a0<\/span><\/td>\n<td><b>24,72%<\/b><span data-ccp-props=\"{}\">\u00a0<\/span><\/td>\n<td><b>33,86%<\/b><span data-ccp-props=\"{}\">\u00a0<\/span><\/td>\n<\/tr>\n<tr>\n<td><b>\u00cd<\/b><b>ndice de variaci\u00f3n FADEEAC<\/b><span data-ccp-props=\"{}\">\u00a0<\/span><\/td>\n<td><b>2<\/b><b>8<\/b><b>,<\/b><b>88<\/b><b>%<\/b><span data-ccp-props=\"{}\">\u00a0<\/span><\/td>\n<td><b>40,29%<\/b><span data-ccp-props=\"{}\">\u00a0<\/span><\/td>\n<\/tr>\n<\/tbody>\n<\/table>\n<p><span data-ccp-props=\"{&quot;335551550&quot;:6,&quot;335551620&quot;:6}\">\u00a0<\/span><\/p>\n<p>Asimismo, si se considera que la variaci\u00f3n de combustible de los \u00faltimos 12 meses, con un alcance de 53,70%, y que las petroleras generan aumentos sistem\u00e1ticos los primeros d\u00edas de cada mes, los \u00edndices siguen corriendo desde atr\u00e1s los aumentos en los costos.<\/p>\n<p>En consecuencia, los constantes incrementos contin\u00faan generando una alta complejidad para la sostenibilidad de los negocios. En este escenario, todas las acciones de inversi\u00f3n, mejoras de costos y competitividad que realizan las empresas de log\u00edstica en forma permanente resultan insuficientes ante la embestida indiscriminada de aumentos. A todo esto, adem\u00e1s, se incorpora ahora una fuerte ca\u00edda de volumen que, sin dudas, impacta tambi\u00e9n en los costos de las operaciones.<\/p>\n<p>Por eso, desde la C\u00e1mara Empresaria de Operadores Log\u00edsticos (CEDOL) se pone de manifiesto enf\u00e1ticamente la necesidad de priorizar el debate sobre esta dif\u00edcil situaci\u00f3n. A la vez, se observa con incredulidad como todav\u00eda desde diferentes sectores insisten con que la log\u00edstica es responsable de aumentos en la canasta de productos, cuando la actividad log\u00edstica no es formadora de precios, sino una v\u00edctima m\u00e1s de los aumentos que sufre la sociedad y de las medidas econ\u00f3micas tomadas que, claramente, no evidencian acciones para mejorar el rumbo.<\/p>\n<p>El objetivo de estos indicadores es reflejar mensualmente las variaciones que sufren los costos de los operadores log\u00edsticos de todo el pa\u00eds. Su publicaci\u00f3n, con los componentes completos, tambi\u00e9n se puede consultar en la web de la C\u00e1mara: www.CEDOL.org.ar<\/p>\n","protected":false},"excerpt":{"rendered":"<p>La Universidad Tecnol\u00f3gica Nacional (UTN) a trav\u00e9s de su Centro Tecnol\u00f3gico de Transporte, Tr\u00e1nsito y Seguridad Vial (C3T), dio a conocer la evoluci\u00f3n del \u00cdndice [&hellip;]<\/p>\n","protected":false},"author":1,"featured_media":973,"comment_status":"open","ping_status":"open","sticky":false,"template":"","format":"standard","meta":{"_monsterinsights_skip_tracking":false,"_monsterinsights_sitenote_active":false,"_monsterinsights_sitenote_note":"","_monsterinsights_sitenote_category":0,"footnotes":""},"categories":[8,4],"tags":[],"class_list":["post-2096","post","type-post","status-publish","format-standard","has-post-thumbnail","hentry","category-estadisticas","category-noticias"],"yoast_head":"<!-- This site is optimized with the Yoast SEO plugin v22.3 - https:\/\/yoast.com\/wordpress\/plugins\/seo\/ -->\n<title>\u00cdndices UTN \/ CEDOL de Costos Log\u00edsticos de Agosto &#187; CEDOL<\/title>\n<meta name=\"description\" content=\"La Universidad Tecnol\u00f3gica Nacional (UTN) a trav\u00e9s de su Centro Tecnol\u00f3gico de Transporte, Tr\u00e1nsito y Seguridad Vial (C3T), dio a conocer la evoluci\u00f3n del\" \/>\n<meta name=\"robots\" content=\"index, follow, max-snippet:-1, max-image-preview:large, max-video-preview:-1\" \/>\n<link rel=\"canonical\" href=\"https:\/\/www.cedol.org.ar\/logistica\/indices-utn-cedol-costos-logisticos-agosto\/\" \/>\n<meta property=\"og:locale\" content=\"es_ES\" \/>\n<meta property=\"og:type\" content=\"article\" \/>\n<meta property=\"og:title\" content=\"\u00cdndices UTN \/ CEDOL de Costos Log\u00edsticos de Agosto &#187; CEDOL\" \/>\n<meta property=\"og:description\" content=\"La Universidad Tecnol\u00f3gica Nacional (UTN) a trav\u00e9s de su Centro Tecnol\u00f3gico de Transporte, Tr\u00e1nsito y Seguridad Vial (C3T), dio a conocer la evoluci\u00f3n del\" \/>\n<meta property=\"og:url\" content=\"https:\/\/www.cedol.org.ar\/logistica\/indices-utn-cedol-costos-logisticos-agosto\/\" \/>\n<meta property=\"og:site_name\" content=\"CEDOL\" \/>\n<meta property=\"article:published_time\" content=\"2018-09-25T17:01:15+00:00\" \/>\n<meta property=\"article:modified_time\" content=\"2018-10-04T20:36:53+00:00\" \/>\n<meta property=\"og:image\" content=\"https:\/\/www.cedol.org.ar\/logistica\/wp-content\/uploads\/2014\/09\/logoIndicesLogisticosCEDOL-02.jpg\" \/>\n\t<meta property=\"og:image:width\" content=\"382\" \/>\n\t<meta property=\"og:image:height\" content=\"403\" \/>\n\t<meta property=\"og:image:type\" content=\"image\/jpeg\" \/>\n<meta name=\"author\" content=\"admin\" \/>\n<meta name=\"twitter:card\" content=\"summary_large_image\" \/>\n<meta name=\"twitter:label1\" content=\"Escrito por\" \/>\n\t<meta name=\"twitter:data1\" content=\"admin\" \/>\n\t<meta name=\"twitter:label2\" content=\"Tiempo de lectura\" \/>\n\t<meta name=\"twitter:data2\" content=\"2 minutos\" \/>\n<script type=\"application\/ld+json\" class=\"yoast-schema-graph\">{\"@context\":\"https:\/\/schema.org\",\"@graph\":[{\"@type\":\"WebPage\",\"@id\":\"https:\/\/www.cedol.org.ar\/logistica\/indices-utn-cedol-costos-logisticos-agosto\/\",\"url\":\"https:\/\/www.cedol.org.ar\/logistica\/indices-utn-cedol-costos-logisticos-agosto\/\",\"name\":\"\u00cdndices UTN \/ CEDOL de Costos Log\u00edsticos de Agosto &#187; CEDOL\",\"isPartOf\":{\"@id\":\"https:\/\/www.cedol.org.ar\/logistica\/#website\"},\"primaryImageOfPage\":{\"@id\":\"https:\/\/www.cedol.org.ar\/logistica\/indices-utn-cedol-costos-logisticos-agosto\/#primaryimage\"},\"image\":{\"@id\":\"https:\/\/www.cedol.org.ar\/logistica\/indices-utn-cedol-costos-logisticos-agosto\/#primaryimage\"},\"thumbnailUrl\":\"https:\/\/www.cedol.org.ar\/logistica\/wp-content\/uploads\/2014\/09\/logoIndicesLogisticosCEDOL-02.jpg\",\"datePublished\":\"2018-09-25T17:01:15+00:00\",\"dateModified\":\"2018-10-04T20:36:53+00:00\",\"author\":{\"@id\":\"https:\/\/www.cedol.org.ar\/logistica\/#\/schema\/person\/40275bdb20446824fc74d51aabe22e83\"},\"description\":\"La Universidad Tecnol\u00f3gica Nacional (UTN) a trav\u00e9s de su Centro Tecnol\u00f3gico de Transporte, Tr\u00e1nsito y Seguridad Vial (C3T), dio a conocer la evoluci\u00f3n del\",\"breadcrumb\":{\"@id\":\"https:\/\/www.cedol.org.ar\/logistica\/indices-utn-cedol-costos-logisticos-agosto\/#breadcrumb\"},\"inLanguage\":\"es\",\"potentialAction\":[{\"@type\":\"ReadAction\",\"target\":[\"https:\/\/www.cedol.org.ar\/logistica\/indices-utn-cedol-costos-logisticos-agosto\/\"]}]},{\"@type\":\"ImageObject\",\"inLanguage\":\"es\",\"@id\":\"https:\/\/www.cedol.org.ar\/logistica\/indices-utn-cedol-costos-logisticos-agosto\/#primaryimage\",\"url\":\"https:\/\/www.cedol.org.ar\/logistica\/wp-content\/uploads\/2014\/09\/logoIndicesLogisticosCEDOL-02.jpg\",\"contentUrl\":\"https:\/\/www.cedol.org.ar\/logistica\/wp-content\/uploads\/2014\/09\/logoIndicesLogisticosCEDOL-02.jpg\",\"width\":382,\"height\":403,\"caption\":\"indice log\u00edstico\"},{\"@type\":\"BreadcrumbList\",\"@id\":\"https:\/\/www.cedol.org.ar\/logistica\/indices-utn-cedol-costos-logisticos-agosto\/#breadcrumb\",\"itemListElement\":[{\"@type\":\"ListItem\",\"position\":1,\"name\":\"Home\",\"item\":\"https:\/\/www.cedol.org.ar\/logistica\/\"},{\"@type\":\"ListItem\",\"position\":2,\"name\":\"\u00cdndices UTN \/ CEDOL de Costos Log\u00edsticos de Agosto\"}]},{\"@type\":\"WebSite\",\"@id\":\"https:\/\/www.cedol.org.ar\/logistica\/#website\",\"url\":\"https:\/\/www.cedol.org.ar\/logistica\/\",\"name\":\"CEDOL\",\"description\":\"C\u00c1MARA EMPRESARIA DE OPERADORES LOG\u00cdSTICOS\",\"potentialAction\":[{\"@type\":\"SearchAction\",\"target\":{\"@type\":\"EntryPoint\",\"urlTemplate\":\"https:\/\/www.cedol.org.ar\/logistica\/?s={search_term_string}\"},\"query-input\":\"required name=search_term_string\"}],\"inLanguage\":\"es\"},{\"@type\":\"Person\",\"@id\":\"https:\/\/www.cedol.org.ar\/logistica\/#\/schema\/person\/40275bdb20446824fc74d51aabe22e83\",\"name\":\"admin\"}]}<\/script>\n<!-- \/ Yoast SEO plugin. -->","yoast_head_json":{"title":"\u00cdndices UTN \/ CEDOL de Costos Log\u00edsticos de Agosto &#187; CEDOL","description":"La Universidad Tecnol\u00f3gica Nacional (UTN) a trav\u00e9s de su Centro Tecnol\u00f3gico de Transporte, Tr\u00e1nsito y Seguridad Vial (C3T), dio a conocer la evoluci\u00f3n del","robots":{"index":"index","follow":"follow","max-snippet":"max-snippet:-1","max-image-preview":"max-image-preview:large","max-video-preview":"max-video-preview:-1"},"canonical":"https:\/\/www.cedol.org.ar\/logistica\/indices-utn-cedol-costos-logisticos-agosto\/","og_locale":"es_ES","og_type":"article","og_title":"\u00cdndices UTN \/ CEDOL de Costos Log\u00edsticos de Agosto &#187; CEDOL","og_description":"La Universidad Tecnol\u00f3gica Nacional (UTN) a trav\u00e9s de su Centro Tecnol\u00f3gico de Transporte, Tr\u00e1nsito y Seguridad Vial (C3T), dio a conocer la evoluci\u00f3n del","og_url":"https:\/\/www.cedol.org.ar\/logistica\/indices-utn-cedol-costos-logisticos-agosto\/","og_site_name":"CEDOL","article_published_time":"2018-09-25T17:01:15+00:00","article_modified_time":"2018-10-04T20:36:53+00:00","og_image":[{"width":382,"height":403,"url":"https:\/\/www.cedol.org.ar\/logistica\/wp-content\/uploads\/2014\/09\/logoIndicesLogisticosCEDOL-02.jpg","type":"image\/jpeg"}],"author":"admin","twitter_card":"summary_large_image","twitter_misc":{"Escrito por":"admin","Tiempo de lectura":"2 minutos"},"schema":{"@context":"https:\/\/schema.org","@graph":[{"@type":"WebPage","@id":"https:\/\/www.cedol.org.ar\/logistica\/indices-utn-cedol-costos-logisticos-agosto\/","url":"https:\/\/www.cedol.org.ar\/logistica\/indices-utn-cedol-costos-logisticos-agosto\/","name":"\u00cdndices UTN \/ CEDOL de Costos Log\u00edsticos de Agosto &#187; CEDOL","isPartOf":{"@id":"https:\/\/www.cedol.org.ar\/logistica\/#website"},"primaryImageOfPage":{"@id":"https:\/\/www.cedol.org.ar\/logistica\/indices-utn-cedol-costos-logisticos-agosto\/#primaryimage"},"image":{"@id":"https:\/\/www.cedol.org.ar\/logistica\/indices-utn-cedol-costos-logisticos-agosto\/#primaryimage"},"thumbnailUrl":"https:\/\/www.cedol.org.ar\/logistica\/wp-content\/uploads\/2014\/09\/logoIndicesLogisticosCEDOL-02.jpg","datePublished":"2018-09-25T17:01:15+00:00","dateModified":"2018-10-04T20:36:53+00:00","author":{"@id":"https:\/\/www.cedol.org.ar\/logistica\/#\/schema\/person\/40275bdb20446824fc74d51aabe22e83"},"description":"La Universidad Tecnol\u00f3gica Nacional (UTN) a trav\u00e9s de su Centro Tecnol\u00f3gico de Transporte, Tr\u00e1nsito y Seguridad Vial (C3T), dio a conocer la evoluci\u00f3n del","breadcrumb":{"@id":"https:\/\/www.cedol.org.ar\/logistica\/indices-utn-cedol-costos-logisticos-agosto\/#breadcrumb"},"inLanguage":"es","potentialAction":[{"@type":"ReadAction","target":["https:\/\/www.cedol.org.ar\/logistica\/indices-utn-cedol-costos-logisticos-agosto\/"]}]},{"@type":"ImageObject","inLanguage":"es","@id":"https:\/\/www.cedol.org.ar\/logistica\/indices-utn-cedol-costos-logisticos-agosto\/#primaryimage","url":"https:\/\/www.cedol.org.ar\/logistica\/wp-content\/uploads\/2014\/09\/logoIndicesLogisticosCEDOL-02.jpg","contentUrl":"https:\/\/www.cedol.org.ar\/logistica\/wp-content\/uploads\/2014\/09\/logoIndicesLogisticosCEDOL-02.jpg","width":382,"height":403,"caption":"indice log\u00edstico"},{"@type":"BreadcrumbList","@id":"https:\/\/www.cedol.org.ar\/logistica\/indices-utn-cedol-costos-logisticos-agosto\/#breadcrumb","itemListElement":[{"@type":"ListItem","position":1,"name":"Home","item":"https:\/\/www.cedol.org.ar\/logistica\/"},{"@type":"ListItem","position":2,"name":"\u00cdndices UTN \/ CEDOL de Costos Log\u00edsticos de Agosto"}]},{"@type":"WebSite","@id":"https:\/\/www.cedol.org.ar\/logistica\/#website","url":"https:\/\/www.cedol.org.ar\/logistica\/","name":"CEDOL","description":"C\u00c1MARA EMPRESARIA DE OPERADORES LOG\u00cdSTICOS","potentialAction":[{"@type":"SearchAction","target":{"@type":"EntryPoint","urlTemplate":"https:\/\/www.cedol.org.ar\/logistica\/?s={search_term_string}"},"query-input":"required name=search_term_string"}],"inLanguage":"es"},{"@type":"Person","@id":"https:\/\/www.cedol.org.ar\/logistica\/#\/schema\/person\/40275bdb20446824fc74d51aabe22e83","name":"admin"}]}},"_links":{"self":[{"href":"https:\/\/www.cedol.org.ar\/logistica\/wp-json\/wp\/v2\/posts\/2096","targetHints":{"allow":["GET"]}}],"collection":[{"href":"https:\/\/www.cedol.org.ar\/logistica\/wp-json\/wp\/v2\/posts"}],"about":[{"href":"https:\/\/www.cedol.org.ar\/logistica\/wp-json\/wp\/v2\/types\/post"}],"author":[{"embeddable":true,"href":"https:\/\/www.cedol.org.ar\/logistica\/wp-json\/wp\/v2\/users\/1"}],"replies":[{"embeddable":true,"href":"https:\/\/www.cedol.org.ar\/logistica\/wp-json\/wp\/v2\/comments?post=2096"}],"version-history":[{"count":3,"href":"https:\/\/www.cedol.org.ar\/logistica\/wp-json\/wp\/v2\/posts\/2096\/revisions"}],"predecessor-version":[{"id":2110,"href":"https:\/\/www.cedol.org.ar\/logistica\/wp-json\/wp\/v2\/posts\/2096\/revisions\/2110"}],"wp:featuredmedia":[{"embeddable":true,"href":"https:\/\/www.cedol.org.ar\/logistica\/wp-json\/wp\/v2\/media\/973"}],"wp:attachment":[{"href":"https:\/\/www.cedol.org.ar\/logistica\/wp-json\/wp\/v2\/media?parent=2096"}],"wp:term":[{"taxonomy":"category","embeddable":true,"href":"https:\/\/www.cedol.org.ar\/logistica\/wp-json\/wp\/v2\/categories?post=2096"},{"taxonomy":"post_tag","embeddable":true,"href":"https:\/\/www.cedol.org.ar\/logistica\/wp-json\/wp\/v2\/tags?post=2096"}],"curies":[{"name":"wp","href":"https:\/\/api.w.org\/{rel}","templated":true}]}}