{"id":2087,"date":"2018-09-10T12:37:28","date_gmt":"2018-09-10T12:37:28","guid":{"rendered":"http:\/\/www.cedol.org.ar\/logistica\/?p=2087"},"modified":"2018-09-10T12:37:28","modified_gmt":"2018-09-10T12:37:28","slug":"indice-nacional-costos-logisticos-utn-cedol-agosto-2018","status":"publish","type":"post","link":"https:\/\/www.cedol.org.ar\/logistica\/indice-nacional-costos-logisticos-utn-cedol-agosto-2018\/","title":{"rendered":"\u00cdndice Nacional de Costos Log\u00edsticos  UTN\/CEDOL para Agosto 2018"},"content":{"rendered":"<p style=\"font-weight: 400;\"><strong><em>Con los constantes ajustes, suba de costos y precios, la realidad ya super\u00f3 los peores escenarios imaginados.<\/em><\/strong><\/p>\n<p style=\"font-weight: 400;\"><strong><em>La falta de rumbo en pol\u00edticas econ\u00f3micas nacionales sigue incrementando los costos log\u00edsticos y afectando duramente la competitividad de las empresas del sector y del pa\u00eds.<\/em><\/strong><\/p>\n<p style=\"font-weight: 400;\">Buenos Aires 7 de Septiembre 2018-.\u00a0La<strong>\u00a0Universidad Tecnol\u00f3gica Nacional<\/strong>\u00a0<strong>(UTN)<\/strong>\u00a0a trav\u00e9s de su Centro Tecnol\u00f3gico de Transporte, Tr\u00e1nsito y Seguridad Vial (C3T), dio a conocer la evoluci\u00f3n del \u00cdndice de Costos Log\u00edsticos Nacionales elaborado para la<strong>\u00a0C\u00e1mara Empresaria de Operadores Log\u00edsticos (CEDOL)<\/strong>, correspondiente al mes de<strong>\u00a0Agosto 2018.<\/strong><\/p>\n<p style=\"font-weight: 400;\"><strong>\u00a0<\/strong>En el an\u00e1lisis de la variante que incluye el\u00a0<strong>Costo con Transporte<\/strong>, la suba del mes fue del\u00a0<strong>4,03%<\/strong>.<strong>\u00a0<\/strong>En tanto que para la modalidad\u00a0<strong>Sin Costo de Transporte<\/strong>, la variaci\u00f3n alcanz\u00f3 el\u00a0<strong>4,79%<\/strong>. Por su parte,<strong>\u00a0<\/strong>los indicadores correspondientes a<strong>\u00a0Costos de Distribucion Con Acompa\u00f1ante, reflejaron\u00a0<\/strong>un incremento de\u00a0<strong>1,88%<\/strong>; y,\u00a0<strong>Sin Acompa\u00f1ante<\/strong>,\u00a0<strong>2,73%<\/strong>.<strong>\u00a0<\/strong><\/p>\n<p style=\"font-weight: 400;\">Adicionalmente, cabe recordar que la medici\u00f3n de costos que realiza la Federaci\u00f3n Argentina de Entidades Empresarias del Autotransporte de Carga (FADEEAC), tuvo en el mes de Agosto un crecimiento del<strong>\u00a03,82%<\/strong>.<strong>\u00a0<\/strong><\/p>\n<p style=\"font-weight: 400;\"><strong>\u00a0<\/strong>El siguiente cuadro expresa los resultados del\u00a0<strong>aumento acumulado en 2018<\/strong>\u00a0y las variaciones interanuales por el impacto que tienen las subas de tarifas en servicios y otros insumos que, puntualmente, siguen mostrando la gravedad de la situaci\u00f3n que atraviesa el sector log\u00edstico para funcionar cada d\u00eda, con semejante nivel de incrementos en sus costos.<\/p>\n<p style=\"font-weight: 400;\"><strong>\u00a0<\/strong><\/p>\n<table>\n<tbody>\n<tr>\n<td width=\"265\"><strong>\u00a0<\/strong><\/td>\n<td width=\"166\"><strong>Variaci\u00f3n \u00faltimos 8 meses<\/strong><\/td>\n<td width=\"170\"><strong>Variaci\u00f3n \u00faltimos 12 meses<\/strong><\/td>\n<\/tr>\n<tr>\n<td width=\"265\"><strong>CEDOL con costo de transporte<\/strong><\/td>\n<td width=\"166\"><strong>28,34%<\/strong><\/td>\n<td width=\"170\"><strong>39,03%<\/strong><\/td>\n<\/tr>\n<tr>\n<td width=\"265\"><strong>CEDOL sin costo de transporte<\/strong><\/td>\n<td width=\"166\"><strong>26,52%<\/strong><\/td>\n<td width=\"170\"><strong>35,05%<\/strong><\/td>\n<\/tr>\n<tr>\n<td width=\"265\"><strong>Distribuci\u00f3n con Acompa\u00f1ante<\/strong><\/td>\n<td width=\"166\"><strong>21,54%<\/strong><\/td>\n<td width=\"170\"><strong>29,88%<\/strong><\/td>\n<\/tr>\n<tr>\n<td width=\"265\"><strong>Distribuci\u00f3n sin acompa\u00f1ante<\/strong><\/td>\n<td width=\"166\"><strong>24,72%<\/strong><\/td>\n<td width=\"170\"><strong>33,86%<\/strong><\/td>\n<\/tr>\n<tr>\n<td width=\"265\"><strong>\u00a0<\/strong><\/td>\n<td width=\"166\"><strong>\u00a0<\/strong><\/td>\n<td width=\"170\"><strong>\u00a0<\/strong><\/td>\n<\/tr>\n<tr>\n<td width=\"265\"><strong>\u00cdndice de variaci\u00f3n FADEEAC<\/strong><\/td>\n<td width=\"166\"><strong>28,88%<\/strong><\/td>\n<td width=\"170\"><strong>40,29%<\/strong><\/td>\n<\/tr>\n<\/tbody>\n<\/table>\n<p style=\"font-weight: 400;\"><strong>\u00a0<\/strong><\/p>\n<p style=\"font-weight: 400;\">Asimismo, si se considera que la variaci\u00f3n de\u00a0<strong>combustible<\/strong>\u00a0de los \u00faltimos\u00a0<strong>12 meses<\/strong>, con un alcance de<strong>\u00a053,70%<\/strong>, y que las petroleras generan aumentos sistem\u00e1ticos los primeros d\u00edas de cada mes, los \u00edndices siguen corriendo desde atr\u00e1s los aumentos en los costos.<\/p>\n<p style=\"font-weight: 400;\">En consecuencia, los constantes incrementos contin\u00faan generando una alta complejidad para la sostenibilidad de los negocios. En este escenario, todas las acciones de inversi\u00f3n, mejoras de costos y competitividad que realizan las empresas de log\u00edstica en forma permanente resultan insuficientes ante la embestida indiscriminada de aumentos. A todo esto, adem\u00e1s, se incorpora ahora una fuerte ca\u00edda de volumen que, sin dudas, impacta tambi\u00e9n en los costos de las operaciones.<\/p>\n<p style=\"font-weight: 400;\">Por eso, desde la C\u00e1mara Empresaria de Operadores Log\u00edsticos (CEDOL) se pone de manifiesto enf\u00e1ticamente la necesidad de priorizar el debate sobre esta dif\u00edcil situaci\u00f3n. A la vez, se observa con incredulidad como todav\u00eda desde diferentes sectores insisten con que la log\u00edstica es responsable de aumentos en la canasta de productos, cuando\u00a0<strong>la actividad log\u00edstica no es formadora de precios, sino una v\u00edctima m\u00e1s de los aumentos que sufre la sociedad y de las medidas econ\u00f3micas tomadas que, claramente, no evidencian acciones para mejorar el rumbo.<\/strong><\/p>\n<p style=\"font-weight: 400;\">El objetivo de estos indicadores es reflejar mensualmente las variaciones que sufren los costos de los operadores log\u00edsticos de todo el pa\u00eds. Su publicaci\u00f3n, con los componentes completos, tambi\u00e9n se puede consultar en la web de la C\u00e1mara:\u00a0<a href=\"http:\/\/www.cedol.org.ar\/\" data-saferedirecturl=\"https:\/\/www.google.com\/url?q=http:\/\/www.cedol.org.ar\/&amp;source=gmail&amp;ust=1536668277050000&amp;usg=AFQjCNHs2VEktNuJa-nQdDRzVT9S6VOTug\">www.cedol.org.ar<\/a><\/p>\n<p style=\"font-weight: 400;\">\n<p style=\"font-weight: 400;\"><strong>Gracias por su Difusi\u00f3n<\/strong><\/p>\n<p style=\"font-weight: 400;\"><strong>C\u00e1mara Empresaria de Operadores Log\u00edsticos<\/strong><\/p>\n<p style=\"font-weight: 400;\">S\u00e1nchez de Bustamante 54. Buenos Aires.<\/p>\n<p style=\"font-weight: 400;\">(011) 4860-7775\/6\u00a0<a href=\"http:\/\/www.cedol.org.ar\/\" data-saferedirecturl=\"https:\/\/www.google.com\/url?q=http:\/\/www.cedol.org.ar&amp;source=gmail&amp;ust=1536668277051000&amp;usg=AFQjCNGkQU6yrm4XYVR63sMmgzghMPRO-w\">www.cedol.org.ar<\/a><\/p>\n<p style=\"font-weight: 400;\"><strong>\u00a0<\/strong><\/p>\n<p style=\"font-weight: 400;\"><strong>Comunicaci\u00f3n &amp; Prensa<\/strong>: Carlos Toppazzini \/\/ 15- 3694-3327 \/\/\u00a0<a href=\"mailto:comunicacion@cedol.org.ar\">comunicacion@cedol.org.ar<\/a><\/p>\n<p style=\"font-weight: 400;\">\n","protected":false},"excerpt":{"rendered":"<p>Con los constantes ajustes, suba de costos y precios, la realidad ya super\u00f3 los peores escenarios imaginados. La falta de rumbo en pol\u00edticas econ\u00f3micas nacionales [&hellip;]<\/p>\n","protected":false},"author":1,"featured_media":973,"comment_status":"open","ping_status":"open","sticky":false,"template":"","format":"standard","meta":{"_monsterinsights_skip_tracking":false,"_monsterinsights_sitenote_active":false,"_monsterinsights_sitenote_note":"","_monsterinsights_sitenote_category":0,"footnotes":""},"categories":[8],"tags":[],"class_list":["post-2087","post","type-post","status-publish","format-standard","has-post-thumbnail","hentry","category-estadisticas"],"yoast_head":"<!-- This site is optimized with the Yoast SEO plugin v22.3 - https:\/\/yoast.com\/wordpress\/plugins\/seo\/ -->\n<title>\u00cdndice Nacional de Costos Log\u00edsticos UTN\/CEDOL para Agosto 2018 &#187; CEDOL<\/title>\n<meta name=\"description\" content=\"Con los constantes ajustes, suba de costos y precios, la realidad ya super\u00f3 los peores escenarios imaginados. La falta de rumbo en pol\u00edticas econ\u00f3micas\" \/>\n<meta name=\"robots\" content=\"index, follow, max-snippet:-1, max-image-preview:large, max-video-preview:-1\" \/>\n<link rel=\"canonical\" href=\"https:\/\/www.cedol.org.ar\/logistica\/indice-nacional-costos-logisticos-utn-cedol-agosto-2018\/\" \/>\n<meta property=\"og:locale\" content=\"es_ES\" \/>\n<meta property=\"og:type\" content=\"article\" \/>\n<meta property=\"og:title\" content=\"\u00cdndice Nacional de Costos Log\u00edsticos UTN\/CEDOL para Agosto 2018 &#187; CEDOL\" \/>\n<meta property=\"og:description\" content=\"Con los constantes ajustes, suba de costos y precios, la realidad ya super\u00f3 los peores escenarios imaginados. La falta de rumbo en pol\u00edticas econ\u00f3micas\" \/>\n<meta property=\"og:url\" content=\"https:\/\/www.cedol.org.ar\/logistica\/indice-nacional-costos-logisticos-utn-cedol-agosto-2018\/\" \/>\n<meta property=\"og:site_name\" content=\"CEDOL\" \/>\n<meta property=\"article:published_time\" content=\"2018-09-10T12:37:28+00:00\" \/>\n<meta property=\"og:image\" content=\"https:\/\/www.cedol.org.ar\/logistica\/wp-content\/uploads\/2014\/09\/logoIndicesLogisticosCEDOL-02.jpg\" \/>\n\t<meta property=\"og:image:width\" content=\"382\" \/>\n\t<meta property=\"og:image:height\" content=\"403\" \/>\n\t<meta property=\"og:image:type\" content=\"image\/jpeg\" \/>\n<meta name=\"author\" content=\"admin\" \/>\n<meta name=\"twitter:card\" content=\"summary_large_image\" \/>\n<meta name=\"twitter:label1\" content=\"Escrito por\" \/>\n\t<meta name=\"twitter:data1\" content=\"admin\" \/>\n\t<meta name=\"twitter:label2\" content=\"Tiempo de lectura\" \/>\n\t<meta name=\"twitter:data2\" content=\"3 minutos\" \/>\n<script type=\"application\/ld+json\" class=\"yoast-schema-graph\">{\"@context\":\"https:\/\/schema.org\",\"@graph\":[{\"@type\":\"WebPage\",\"@id\":\"https:\/\/www.cedol.org.ar\/logistica\/indice-nacional-costos-logisticos-utn-cedol-agosto-2018\/\",\"url\":\"https:\/\/www.cedol.org.ar\/logistica\/indice-nacional-costos-logisticos-utn-cedol-agosto-2018\/\",\"name\":\"\u00cdndice Nacional de Costos Log\u00edsticos UTN\/CEDOL para Agosto 2018 &#187; CEDOL\",\"isPartOf\":{\"@id\":\"https:\/\/www.cedol.org.ar\/logistica\/#website\"},\"primaryImageOfPage\":{\"@id\":\"https:\/\/www.cedol.org.ar\/logistica\/indice-nacional-costos-logisticos-utn-cedol-agosto-2018\/#primaryimage\"},\"image\":{\"@id\":\"https:\/\/www.cedol.org.ar\/logistica\/indice-nacional-costos-logisticos-utn-cedol-agosto-2018\/#primaryimage\"},\"thumbnailUrl\":\"https:\/\/www.cedol.org.ar\/logistica\/wp-content\/uploads\/2014\/09\/logoIndicesLogisticosCEDOL-02.jpg\",\"datePublished\":\"2018-09-10T12:37:28+00:00\",\"dateModified\":\"2018-09-10T12:37:28+00:00\",\"author\":{\"@id\":\"https:\/\/www.cedol.org.ar\/logistica\/#\/schema\/person\/40275bdb20446824fc74d51aabe22e83\"},\"description\":\"Con los constantes ajustes, suba de costos y precios, la realidad ya super\u00f3 los peores escenarios imaginados. La falta de rumbo en pol\u00edticas econ\u00f3micas\",\"breadcrumb\":{\"@id\":\"https:\/\/www.cedol.org.ar\/logistica\/indice-nacional-costos-logisticos-utn-cedol-agosto-2018\/#breadcrumb\"},\"inLanguage\":\"es\",\"potentialAction\":[{\"@type\":\"ReadAction\",\"target\":[\"https:\/\/www.cedol.org.ar\/logistica\/indice-nacional-costos-logisticos-utn-cedol-agosto-2018\/\"]}]},{\"@type\":\"ImageObject\",\"inLanguage\":\"es\",\"@id\":\"https:\/\/www.cedol.org.ar\/logistica\/indice-nacional-costos-logisticos-utn-cedol-agosto-2018\/#primaryimage\",\"url\":\"https:\/\/www.cedol.org.ar\/logistica\/wp-content\/uploads\/2014\/09\/logoIndicesLogisticosCEDOL-02.jpg\",\"contentUrl\":\"https:\/\/www.cedol.org.ar\/logistica\/wp-content\/uploads\/2014\/09\/logoIndicesLogisticosCEDOL-02.jpg\",\"width\":382,\"height\":403,\"caption\":\"indice log\u00edstico\"},{\"@type\":\"BreadcrumbList\",\"@id\":\"https:\/\/www.cedol.org.ar\/logistica\/indice-nacional-costos-logisticos-utn-cedol-agosto-2018\/#breadcrumb\",\"itemListElement\":[{\"@type\":\"ListItem\",\"position\":1,\"name\":\"Home\",\"item\":\"https:\/\/www.cedol.org.ar\/logistica\/\"},{\"@type\":\"ListItem\",\"position\":2,\"name\":\"\u00cdndice Nacional de Costos Log\u00edsticos UTN\/CEDOL para Agosto 2018\"}]},{\"@type\":\"WebSite\",\"@id\":\"https:\/\/www.cedol.org.ar\/logistica\/#website\",\"url\":\"https:\/\/www.cedol.org.ar\/logistica\/\",\"name\":\"CEDOL\",\"description\":\"C\u00c1MARA EMPRESARIA DE OPERADORES LOG\u00cdSTICOS\",\"potentialAction\":[{\"@type\":\"SearchAction\",\"target\":{\"@type\":\"EntryPoint\",\"urlTemplate\":\"https:\/\/www.cedol.org.ar\/logistica\/?s={search_term_string}\"},\"query-input\":\"required name=search_term_string\"}],\"inLanguage\":\"es\"},{\"@type\":\"Person\",\"@id\":\"https:\/\/www.cedol.org.ar\/logistica\/#\/schema\/person\/40275bdb20446824fc74d51aabe22e83\",\"name\":\"admin\"}]}<\/script>\n<!-- \/ Yoast SEO plugin. -->","yoast_head_json":{"title":"\u00cdndice Nacional de Costos Log\u00edsticos UTN\/CEDOL para Agosto 2018 &#187; CEDOL","description":"Con los constantes ajustes, suba de costos y precios, la realidad ya super\u00f3 los peores escenarios imaginados. La falta de rumbo en pol\u00edticas econ\u00f3micas","robots":{"index":"index","follow":"follow","max-snippet":"max-snippet:-1","max-image-preview":"max-image-preview:large","max-video-preview":"max-video-preview:-1"},"canonical":"https:\/\/www.cedol.org.ar\/logistica\/indice-nacional-costos-logisticos-utn-cedol-agosto-2018\/","og_locale":"es_ES","og_type":"article","og_title":"\u00cdndice Nacional de Costos Log\u00edsticos UTN\/CEDOL para Agosto 2018 &#187; CEDOL","og_description":"Con los constantes ajustes, suba de costos y precios, la realidad ya super\u00f3 los peores escenarios imaginados. La falta de rumbo en pol\u00edticas econ\u00f3micas","og_url":"https:\/\/www.cedol.org.ar\/logistica\/indice-nacional-costos-logisticos-utn-cedol-agosto-2018\/","og_site_name":"CEDOL","article_published_time":"2018-09-10T12:37:28+00:00","og_image":[{"width":382,"height":403,"url":"https:\/\/www.cedol.org.ar\/logistica\/wp-content\/uploads\/2014\/09\/logoIndicesLogisticosCEDOL-02.jpg","type":"image\/jpeg"}],"author":"admin","twitter_card":"summary_large_image","twitter_misc":{"Escrito por":"admin","Tiempo de lectura":"3 minutos"},"schema":{"@context":"https:\/\/schema.org","@graph":[{"@type":"WebPage","@id":"https:\/\/www.cedol.org.ar\/logistica\/indice-nacional-costos-logisticos-utn-cedol-agosto-2018\/","url":"https:\/\/www.cedol.org.ar\/logistica\/indice-nacional-costos-logisticos-utn-cedol-agosto-2018\/","name":"\u00cdndice Nacional de Costos Log\u00edsticos UTN\/CEDOL para Agosto 2018 &#187; CEDOL","isPartOf":{"@id":"https:\/\/www.cedol.org.ar\/logistica\/#website"},"primaryImageOfPage":{"@id":"https:\/\/www.cedol.org.ar\/logistica\/indice-nacional-costos-logisticos-utn-cedol-agosto-2018\/#primaryimage"},"image":{"@id":"https:\/\/www.cedol.org.ar\/logistica\/indice-nacional-costos-logisticos-utn-cedol-agosto-2018\/#primaryimage"},"thumbnailUrl":"https:\/\/www.cedol.org.ar\/logistica\/wp-content\/uploads\/2014\/09\/logoIndicesLogisticosCEDOL-02.jpg","datePublished":"2018-09-10T12:37:28+00:00","dateModified":"2018-09-10T12:37:28+00:00","author":{"@id":"https:\/\/www.cedol.org.ar\/logistica\/#\/schema\/person\/40275bdb20446824fc74d51aabe22e83"},"description":"Con los constantes ajustes, suba de costos y precios, la realidad ya super\u00f3 los peores escenarios imaginados. La falta de rumbo en pol\u00edticas econ\u00f3micas","breadcrumb":{"@id":"https:\/\/www.cedol.org.ar\/logistica\/indice-nacional-costos-logisticos-utn-cedol-agosto-2018\/#breadcrumb"},"inLanguage":"es","potentialAction":[{"@type":"ReadAction","target":["https:\/\/www.cedol.org.ar\/logistica\/indice-nacional-costos-logisticos-utn-cedol-agosto-2018\/"]}]},{"@type":"ImageObject","inLanguage":"es","@id":"https:\/\/www.cedol.org.ar\/logistica\/indice-nacional-costos-logisticos-utn-cedol-agosto-2018\/#primaryimage","url":"https:\/\/www.cedol.org.ar\/logistica\/wp-content\/uploads\/2014\/09\/logoIndicesLogisticosCEDOL-02.jpg","contentUrl":"https:\/\/www.cedol.org.ar\/logistica\/wp-content\/uploads\/2014\/09\/logoIndicesLogisticosCEDOL-02.jpg","width":382,"height":403,"caption":"indice log\u00edstico"},{"@type":"BreadcrumbList","@id":"https:\/\/www.cedol.org.ar\/logistica\/indice-nacional-costos-logisticos-utn-cedol-agosto-2018\/#breadcrumb","itemListElement":[{"@type":"ListItem","position":1,"name":"Home","item":"https:\/\/www.cedol.org.ar\/logistica\/"},{"@type":"ListItem","position":2,"name":"\u00cdndice Nacional de Costos Log\u00edsticos UTN\/CEDOL para Agosto 2018"}]},{"@type":"WebSite","@id":"https:\/\/www.cedol.org.ar\/logistica\/#website","url":"https:\/\/www.cedol.org.ar\/logistica\/","name":"CEDOL","description":"C\u00c1MARA EMPRESARIA DE OPERADORES LOG\u00cdSTICOS","potentialAction":[{"@type":"SearchAction","target":{"@type":"EntryPoint","urlTemplate":"https:\/\/www.cedol.org.ar\/logistica\/?s={search_term_string}"},"query-input":"required name=search_term_string"}],"inLanguage":"es"},{"@type":"Person","@id":"https:\/\/www.cedol.org.ar\/logistica\/#\/schema\/person\/40275bdb20446824fc74d51aabe22e83","name":"admin"}]}},"_links":{"self":[{"href":"https:\/\/www.cedol.org.ar\/logistica\/wp-json\/wp\/v2\/posts\/2087","targetHints":{"allow":["GET"]}}],"collection":[{"href":"https:\/\/www.cedol.org.ar\/logistica\/wp-json\/wp\/v2\/posts"}],"about":[{"href":"https:\/\/www.cedol.org.ar\/logistica\/wp-json\/wp\/v2\/types\/post"}],"author":[{"embeddable":true,"href":"https:\/\/www.cedol.org.ar\/logistica\/wp-json\/wp\/v2\/users\/1"}],"replies":[{"embeddable":true,"href":"https:\/\/www.cedol.org.ar\/logistica\/wp-json\/wp\/v2\/comments?post=2087"}],"version-history":[{"count":1,"href":"https:\/\/www.cedol.org.ar\/logistica\/wp-json\/wp\/v2\/posts\/2087\/revisions"}],"predecessor-version":[{"id":2088,"href":"https:\/\/www.cedol.org.ar\/logistica\/wp-json\/wp\/v2\/posts\/2087\/revisions\/2088"}],"wp:featuredmedia":[{"embeddable":true,"href":"https:\/\/www.cedol.org.ar\/logistica\/wp-json\/wp\/v2\/media\/973"}],"wp:attachment":[{"href":"https:\/\/www.cedol.org.ar\/logistica\/wp-json\/wp\/v2\/media?parent=2087"}],"wp:term":[{"taxonomy":"category","embeddable":true,"href":"https:\/\/www.cedol.org.ar\/logistica\/wp-json\/wp\/v2\/categories?post=2087"},{"taxonomy":"post_tag","embeddable":true,"href":"https:\/\/www.cedol.org.ar\/logistica\/wp-json\/wp\/v2\/tags?post=2087"}],"curies":[{"name":"wp","href":"https:\/\/api.w.org\/{rel}","templated":true}]}}