{"id":2071,"date":"2018-08-27T16:25:13","date_gmt":"2018-08-27T16:25:13","guid":{"rendered":"http:\/\/www.cedol.org.ar\/logistica\/?p=2071"},"modified":"2018-08-27T16:26:55","modified_gmt":"2018-08-27T16:26:55","slug":"indices-utn-cedol-costos-logisticos-julio","status":"publish","type":"post","link":"https:\/\/www.cedol.org.ar\/logistica\/indices-utn-cedol-costos-logisticos-julio\/","title":{"rendered":"\u00cdndices UTN \/ CEDOL de Costos Log\u00edsticos de Julio"},"content":{"rendered":"<p>La Universidad Tecnol\u00f3gica Nacional (UTN) a trav\u00e9s de su Centro Tecnol\u00f3gico de Transporte, Tr\u00e1nsito y Seguridad Vial (C3T), dio a conocer la evoluci\u00f3n del \u00cdndice de Costos Log\u00edsticos Nacionales elaborado para la C\u00e1mara Empresaria de Operadores Log\u00edsticos (CEDOL), correspondiente al mes de Julio 2018, cuyos incrementos en las distintas variantes de medici\u00f3n son:<\/p>\n<p>\u00b7 Costo Sin Transporte: 6,08%.<\/p>\n<p>\u00b7 Costo Con Transporte: 6,92%.<\/p>\n<p>\u00b7 Costo de Distribuci\u00f3n Con Acompa\u00f1ante: 7,14%.<\/p>\n<p>\u00b7 Costo de Distribuci\u00f3n Sin Acompa\u00f1ante: 6,84%.<\/p>\n<p>Adicionalmente, cabe se\u00f1alar que la medici\u00f3n de costos en transporte que realiza la Federaci\u00f3n Argentina de Entidades Empresarias del Autotransporte de Carga (FADEEAC), alcanz\u00f3 una suba del 7,17%, en Julio.<\/p>\n<p>Los aumentos acumulados en los que va de 2018 y las variaciones interanuales por el impacto que generan las subas de tarifas en servicios y otros insumos, revelan la gravedad de la situaci\u00f3n que est\u00e1n soportando las empresas de log\u00edstica:<\/p>\n<p>&nbsp;<\/p>\n<table style=\"height: 559px;\" width=\"668\">\n<tbody>\n<tr>\n<td><span data-ccp-props=\"{&quot;335551550&quot;:2,&quot;335551620&quot;:2}\">\u00a0<\/span><\/td>\n<td><b>Variaci\u00f3n \u00faltimos 7 meses<\/b><span data-ccp-props=\"{&quot;335551550&quot;:2,&quot;335551620&quot;:2}\">\u00a0<\/span><\/td>\n<td><b>Variaci\u00f3n \u00faltimos 12 meses<\/b><span data-ccp-props=\"{&quot;335551550&quot;:2,&quot;335551620&quot;:2}\">\u00a0<\/span><\/td>\n<\/tr>\n<tr>\n<td><b>CEDOL con costo de transporte<\/b><span data-ccp-props=\"{}\">\u00a0<\/span><\/td>\n<td><b>23,37%<\/b><span data-ccp-props=\"{&quot;335551550&quot;:2,&quot;335551620&quot;:2}\">\u00a0<\/span><\/td>\n<td><b>34,24%<\/b><span data-ccp-props=\"{&quot;335551550&quot;:2,&quot;335551620&quot;:2}\">\u00a0<\/span><\/td>\n<\/tr>\n<tr>\n<td><b>CEDOL sin costo de transporte<\/b><span data-ccp-props=\"{}\">\u00a0<\/span><\/td>\n<td><b>20,74%<\/b><span data-ccp-props=\"{&quot;335551550&quot;:2,&quot;335551620&quot;:2}\">\u00a0<\/span><\/td>\n<td><b>29,45%<\/b><span data-ccp-props=\"{&quot;335551550&quot;:2,&quot;335551620&quot;:2}\">\u00a0<\/span><\/td>\n<\/tr>\n<tr>\n<td><b>Distribuci\u00f3n con Acompa\u00f1ante<\/b><span data-ccp-props=\"{}\">\u00a0<\/span><\/td>\n<td><b>19,29%<\/b><span data-ccp-props=\"{&quot;335551550&quot;:2,&quot;335551620&quot;:2}\">\u00a0<\/span><\/td>\n<td><b>27,81%<\/b><span data-ccp-props=\"{&quot;335551550&quot;:2,&quot;335551620&quot;:2}\">\u00a0<\/span><\/td>\n<\/tr>\n<tr>\n<td><b>Distribuci\u00f3n sin acompa\u00f1ante<\/b><span data-ccp-props=\"{}\">\u00a0<\/span><\/td>\n<td><b>21,40%<\/b><span data-ccp-props=\"{&quot;335551550&quot;:2,&quot;335551620&quot;:2}\">\u00a0<\/span><\/td>\n<td><b>30,81%<\/b><span data-ccp-props=\"{&quot;335551550&quot;:2,&quot;335551620&quot;:2}\">\u00a0<\/span><\/td>\n<\/tr>\n<tr>\n<td><span data-ccp-props=\"{&quot;335551550&quot;:2,&quot;335551620&quot;:2}\">\u00a0<\/span><\/td>\n<td><span data-ccp-props=\"{&quot;335551550&quot;:2,&quot;335551620&quot;:2}\">\u00a0<\/span><\/td>\n<td><span data-ccp-props=\"{&quot;335551550&quot;:2,&quot;335551620&quot;:2}\">\u00a0<\/span><\/td>\n<\/tr>\n<tr>\n<td><b>\u00cd<\/b><b>ndice de variaci\u00f3n FADEEAC<\/b><span data-ccp-props=\"{}\">\u00a0<\/span><\/td>\n<td><b>24,13%<\/b><span data-ccp-props=\"{&quot;335551550&quot;:2,&quot;335551620&quot;:2}\">\u00a0<\/span><\/td>\n<td><b>35,70%<\/b><span data-ccp-props=\"{&quot;335551550&quot;:2,&quot;335551620&quot;:2}\">\u00a0<\/span><\/td>\n<\/tr>\n<\/tbody>\n<\/table>\n<p>&nbsp;<\/p>\n<p>Sin dudas, las iniciativas de mejoras y los esfuerzos de inversi\u00f3n que realiza el sector para lograr mayor competitividad se frustran ante la embestida indiscriminada de ajustes de los diversos rubros que impactan fuertemente en los costos log\u00edsticos:<\/p>\n<p>* Mano de Obra, seg\u00fan Convenio del 40\/89.<\/p>\n<p>* No Homologaci\u00f3n del bono acordado con el Sindicato al inicio del presente a\u00f1o.<\/p>\n<p>* Implementaci\u00f3n del Decreto 633 que incrementa el aporte por parte de empleadores.<\/p>\n<p>* Incremento del 1% de p\u00f3lizas de seguros para el transporte de carga y pasajeros, para justificar un plan de forestaci\u00f3n nacional.<\/p>\n<p>* Aumento de tasas municipales de manera discrecional.<\/p>\n<p>* Las consecuencias del incremento desmedido en los precios de combustibles como fruto de la desregulaci\u00f3n.<\/p>\n<p>* Costos financieros por atrasos de la cadena de pagos, asociada a pol\u00edticas macroecon\u00f3micas con elevadas tasas de inter\u00e9s.<\/p>\n<p>* Todo lo anterior, agravado por las devaluaciones y la ca\u00edda del consumo.<\/p>\n<p>De esta manera, Cedol busca poner en el centro del debate esta dif\u00edcil situaci\u00f3n ya que LA ACTIVIDAD LOG\u00cdSTICA NO ES FORMADORA DE PRECIOS sino otra v\u00edctima de los aumentos que sufre la sociedad en general y de las medidas econ\u00f3micas tomadas que, claramente, no contribuyen a mejorar la competitividad del sector y del pa\u00eds. Todo esto, mientras se observa con incredulidad que desde diferentes sectores contin\u00faan apuntando a la log\u00edstica como responsable de aumentos en la canasta de productos.<\/p>\n<p>El objetivo de estos indicadores es reflejar mensualmente las variaciones que sufren los costos de los operadores log\u00edsticos de todo el pa\u00eds. Su publicaci\u00f3n, con los componentes completos, tambi\u00e9n se puede consultar en la web de la C\u00e1mara: www.CEDOL.org.ar<\/p>\n","protected":false},"excerpt":{"rendered":"<p>La Universidad Tecnol\u00f3gica Nacional (UTN) a trav\u00e9s de su Centro Tecnol\u00f3gico de Transporte, Tr\u00e1nsito y Seguridad Vial (C3T), dio a conocer la evoluci\u00f3n del \u00cdndice [&hellip;]<\/p>\n","protected":false},"author":1,"featured_media":973,"comment_status":"open","ping_status":"open","sticky":false,"template":"","format":"standard","meta":{"_monsterinsights_skip_tracking":false,"_monsterinsights_sitenote_active":false,"_monsterinsights_sitenote_note":"","_monsterinsights_sitenote_category":0,"footnotes":""},"categories":[8,4],"tags":[],"class_list":["post-2071","post","type-post","status-publish","format-standard","has-post-thumbnail","hentry","category-estadisticas","category-noticias"],"yoast_head":"<!-- This site is optimized with the Yoast SEO plugin v22.3 - https:\/\/yoast.com\/wordpress\/plugins\/seo\/ -->\n<title>\u00cdndices UTN \/ CEDOL de Costos Log\u00edsticos de Julio &#187; CEDOL<\/title>\n<meta name=\"description\" content=\"La Universidad Tecnol\u00f3gica Nacional (UTN) a trav\u00e9s de su Centro Tecnol\u00f3gico de Transporte, Tr\u00e1nsito y Seguridad Vial (C3T), dio a conocer la evoluci\u00f3n del\" \/>\n<meta name=\"robots\" content=\"index, follow, max-snippet:-1, max-image-preview:large, max-video-preview:-1\" \/>\n<link rel=\"canonical\" href=\"https:\/\/www.cedol.org.ar\/logistica\/indices-utn-cedol-costos-logisticos-julio\/\" \/>\n<meta property=\"og:locale\" content=\"es_ES\" \/>\n<meta property=\"og:type\" content=\"article\" \/>\n<meta property=\"og:title\" content=\"\u00cdndices UTN \/ CEDOL de Costos Log\u00edsticos de Julio &#187; CEDOL\" \/>\n<meta property=\"og:description\" content=\"La Universidad Tecnol\u00f3gica Nacional (UTN) a trav\u00e9s de su Centro Tecnol\u00f3gico de Transporte, Tr\u00e1nsito y Seguridad Vial (C3T), dio a conocer la evoluci\u00f3n del\" \/>\n<meta property=\"og:url\" content=\"https:\/\/www.cedol.org.ar\/logistica\/indices-utn-cedol-costos-logisticos-julio\/\" \/>\n<meta property=\"og:site_name\" content=\"CEDOL\" \/>\n<meta property=\"article:published_time\" content=\"2018-08-27T16:25:13+00:00\" \/>\n<meta property=\"article:modified_time\" content=\"2018-08-27T16:26:55+00:00\" \/>\n<meta property=\"og:image\" content=\"https:\/\/www.cedol.org.ar\/logistica\/wp-content\/uploads\/2014\/09\/logoIndicesLogisticosCEDOL-02.jpg\" \/>\n\t<meta property=\"og:image:width\" content=\"382\" \/>\n\t<meta property=\"og:image:height\" content=\"403\" \/>\n\t<meta property=\"og:image:type\" content=\"image\/jpeg\" \/>\n<meta name=\"author\" content=\"admin\" \/>\n<meta name=\"twitter:card\" content=\"summary_large_image\" \/>\n<meta name=\"twitter:label1\" content=\"Escrito por\" \/>\n\t<meta name=\"twitter:data1\" content=\"admin\" \/>\n\t<meta name=\"twitter:label2\" content=\"Tiempo de lectura\" \/>\n\t<meta name=\"twitter:data2\" content=\"2 minutos\" \/>\n<script type=\"application\/ld+json\" class=\"yoast-schema-graph\">{\"@context\":\"https:\/\/schema.org\",\"@graph\":[{\"@type\":\"WebPage\",\"@id\":\"https:\/\/www.cedol.org.ar\/logistica\/indices-utn-cedol-costos-logisticos-julio\/\",\"url\":\"https:\/\/www.cedol.org.ar\/logistica\/indices-utn-cedol-costos-logisticos-julio\/\",\"name\":\"\u00cdndices UTN \/ CEDOL de Costos Log\u00edsticos de Julio &#187; CEDOL\",\"isPartOf\":{\"@id\":\"https:\/\/www.cedol.org.ar\/logistica\/#website\"},\"primaryImageOfPage\":{\"@id\":\"https:\/\/www.cedol.org.ar\/logistica\/indices-utn-cedol-costos-logisticos-julio\/#primaryimage\"},\"image\":{\"@id\":\"https:\/\/www.cedol.org.ar\/logistica\/indices-utn-cedol-costos-logisticos-julio\/#primaryimage\"},\"thumbnailUrl\":\"https:\/\/www.cedol.org.ar\/logistica\/wp-content\/uploads\/2014\/09\/logoIndicesLogisticosCEDOL-02.jpg\",\"datePublished\":\"2018-08-27T16:25:13+00:00\",\"dateModified\":\"2018-08-27T16:26:55+00:00\",\"author\":{\"@id\":\"https:\/\/www.cedol.org.ar\/logistica\/#\/schema\/person\/40275bdb20446824fc74d51aabe22e83\"},\"description\":\"La Universidad Tecnol\u00f3gica Nacional (UTN) a trav\u00e9s de su Centro Tecnol\u00f3gico de Transporte, Tr\u00e1nsito y Seguridad Vial (C3T), dio a conocer la evoluci\u00f3n del\",\"breadcrumb\":{\"@id\":\"https:\/\/www.cedol.org.ar\/logistica\/indices-utn-cedol-costos-logisticos-julio\/#breadcrumb\"},\"inLanguage\":\"es\",\"potentialAction\":[{\"@type\":\"ReadAction\",\"target\":[\"https:\/\/www.cedol.org.ar\/logistica\/indices-utn-cedol-costos-logisticos-julio\/\"]}]},{\"@type\":\"ImageObject\",\"inLanguage\":\"es\",\"@id\":\"https:\/\/www.cedol.org.ar\/logistica\/indices-utn-cedol-costos-logisticos-julio\/#primaryimage\",\"url\":\"https:\/\/www.cedol.org.ar\/logistica\/wp-content\/uploads\/2014\/09\/logoIndicesLogisticosCEDOL-02.jpg\",\"contentUrl\":\"https:\/\/www.cedol.org.ar\/logistica\/wp-content\/uploads\/2014\/09\/logoIndicesLogisticosCEDOL-02.jpg\",\"width\":382,\"height\":403,\"caption\":\"indice log\u00edstico\"},{\"@type\":\"BreadcrumbList\",\"@id\":\"https:\/\/www.cedol.org.ar\/logistica\/indices-utn-cedol-costos-logisticos-julio\/#breadcrumb\",\"itemListElement\":[{\"@type\":\"ListItem\",\"position\":1,\"name\":\"Home\",\"item\":\"https:\/\/www.cedol.org.ar\/logistica\/\"},{\"@type\":\"ListItem\",\"position\":2,\"name\":\"\u00cdndices UTN \/ CEDOL de Costos Log\u00edsticos de Julio\"}]},{\"@type\":\"WebSite\",\"@id\":\"https:\/\/www.cedol.org.ar\/logistica\/#website\",\"url\":\"https:\/\/www.cedol.org.ar\/logistica\/\",\"name\":\"CEDOL\",\"description\":\"C\u00c1MARA EMPRESARIA DE OPERADORES LOG\u00cdSTICOS\",\"potentialAction\":[{\"@type\":\"SearchAction\",\"target\":{\"@type\":\"EntryPoint\",\"urlTemplate\":\"https:\/\/www.cedol.org.ar\/logistica\/?s={search_term_string}\"},\"query-input\":\"required name=search_term_string\"}],\"inLanguage\":\"es\"},{\"@type\":\"Person\",\"@id\":\"https:\/\/www.cedol.org.ar\/logistica\/#\/schema\/person\/40275bdb20446824fc74d51aabe22e83\",\"name\":\"admin\"}]}<\/script>\n<!-- \/ Yoast SEO plugin. -->","yoast_head_json":{"title":"\u00cdndices UTN \/ CEDOL de Costos Log\u00edsticos de Julio &#187; CEDOL","description":"La Universidad Tecnol\u00f3gica Nacional (UTN) a trav\u00e9s de su Centro Tecnol\u00f3gico de Transporte, Tr\u00e1nsito y Seguridad Vial (C3T), dio a conocer la evoluci\u00f3n del","robots":{"index":"index","follow":"follow","max-snippet":"max-snippet:-1","max-image-preview":"max-image-preview:large","max-video-preview":"max-video-preview:-1"},"canonical":"https:\/\/www.cedol.org.ar\/logistica\/indices-utn-cedol-costos-logisticos-julio\/","og_locale":"es_ES","og_type":"article","og_title":"\u00cdndices UTN \/ CEDOL de Costos Log\u00edsticos de Julio &#187; CEDOL","og_description":"La Universidad Tecnol\u00f3gica Nacional (UTN) a trav\u00e9s de su Centro Tecnol\u00f3gico de Transporte, Tr\u00e1nsito y Seguridad Vial (C3T), dio a conocer la evoluci\u00f3n del","og_url":"https:\/\/www.cedol.org.ar\/logistica\/indices-utn-cedol-costos-logisticos-julio\/","og_site_name":"CEDOL","article_published_time":"2018-08-27T16:25:13+00:00","article_modified_time":"2018-08-27T16:26:55+00:00","og_image":[{"width":382,"height":403,"url":"https:\/\/www.cedol.org.ar\/logistica\/wp-content\/uploads\/2014\/09\/logoIndicesLogisticosCEDOL-02.jpg","type":"image\/jpeg"}],"author":"admin","twitter_card":"summary_large_image","twitter_misc":{"Escrito por":"admin","Tiempo de lectura":"2 minutos"},"schema":{"@context":"https:\/\/schema.org","@graph":[{"@type":"WebPage","@id":"https:\/\/www.cedol.org.ar\/logistica\/indices-utn-cedol-costos-logisticos-julio\/","url":"https:\/\/www.cedol.org.ar\/logistica\/indices-utn-cedol-costos-logisticos-julio\/","name":"\u00cdndices UTN \/ CEDOL de Costos Log\u00edsticos de Julio &#187; CEDOL","isPartOf":{"@id":"https:\/\/www.cedol.org.ar\/logistica\/#website"},"primaryImageOfPage":{"@id":"https:\/\/www.cedol.org.ar\/logistica\/indices-utn-cedol-costos-logisticos-julio\/#primaryimage"},"image":{"@id":"https:\/\/www.cedol.org.ar\/logistica\/indices-utn-cedol-costos-logisticos-julio\/#primaryimage"},"thumbnailUrl":"https:\/\/www.cedol.org.ar\/logistica\/wp-content\/uploads\/2014\/09\/logoIndicesLogisticosCEDOL-02.jpg","datePublished":"2018-08-27T16:25:13+00:00","dateModified":"2018-08-27T16:26:55+00:00","author":{"@id":"https:\/\/www.cedol.org.ar\/logistica\/#\/schema\/person\/40275bdb20446824fc74d51aabe22e83"},"description":"La Universidad Tecnol\u00f3gica Nacional (UTN) a trav\u00e9s de su Centro Tecnol\u00f3gico de Transporte, Tr\u00e1nsito y Seguridad Vial (C3T), dio a conocer la evoluci\u00f3n del","breadcrumb":{"@id":"https:\/\/www.cedol.org.ar\/logistica\/indices-utn-cedol-costos-logisticos-julio\/#breadcrumb"},"inLanguage":"es","potentialAction":[{"@type":"ReadAction","target":["https:\/\/www.cedol.org.ar\/logistica\/indices-utn-cedol-costos-logisticos-julio\/"]}]},{"@type":"ImageObject","inLanguage":"es","@id":"https:\/\/www.cedol.org.ar\/logistica\/indices-utn-cedol-costos-logisticos-julio\/#primaryimage","url":"https:\/\/www.cedol.org.ar\/logistica\/wp-content\/uploads\/2014\/09\/logoIndicesLogisticosCEDOL-02.jpg","contentUrl":"https:\/\/www.cedol.org.ar\/logistica\/wp-content\/uploads\/2014\/09\/logoIndicesLogisticosCEDOL-02.jpg","width":382,"height":403,"caption":"indice log\u00edstico"},{"@type":"BreadcrumbList","@id":"https:\/\/www.cedol.org.ar\/logistica\/indices-utn-cedol-costos-logisticos-julio\/#breadcrumb","itemListElement":[{"@type":"ListItem","position":1,"name":"Home","item":"https:\/\/www.cedol.org.ar\/logistica\/"},{"@type":"ListItem","position":2,"name":"\u00cdndices UTN \/ CEDOL de Costos Log\u00edsticos de Julio"}]},{"@type":"WebSite","@id":"https:\/\/www.cedol.org.ar\/logistica\/#website","url":"https:\/\/www.cedol.org.ar\/logistica\/","name":"CEDOL","description":"C\u00c1MARA EMPRESARIA DE OPERADORES LOG\u00cdSTICOS","potentialAction":[{"@type":"SearchAction","target":{"@type":"EntryPoint","urlTemplate":"https:\/\/www.cedol.org.ar\/logistica\/?s={search_term_string}"},"query-input":"required name=search_term_string"}],"inLanguage":"es"},{"@type":"Person","@id":"https:\/\/www.cedol.org.ar\/logistica\/#\/schema\/person\/40275bdb20446824fc74d51aabe22e83","name":"admin"}]}},"_links":{"self":[{"href":"https:\/\/www.cedol.org.ar\/logistica\/wp-json\/wp\/v2\/posts\/2071","targetHints":{"allow":["GET"]}}],"collection":[{"href":"https:\/\/www.cedol.org.ar\/logistica\/wp-json\/wp\/v2\/posts"}],"about":[{"href":"https:\/\/www.cedol.org.ar\/logistica\/wp-json\/wp\/v2\/types\/post"}],"author":[{"embeddable":true,"href":"https:\/\/www.cedol.org.ar\/logistica\/wp-json\/wp\/v2\/users\/1"}],"replies":[{"embeddable":true,"href":"https:\/\/www.cedol.org.ar\/logistica\/wp-json\/wp\/v2\/comments?post=2071"}],"version-history":[{"count":2,"href":"https:\/\/www.cedol.org.ar\/logistica\/wp-json\/wp\/v2\/posts\/2071\/revisions"}],"predecessor-version":[{"id":2076,"href":"https:\/\/www.cedol.org.ar\/logistica\/wp-json\/wp\/v2\/posts\/2071\/revisions\/2076"}],"wp:featuredmedia":[{"embeddable":true,"href":"https:\/\/www.cedol.org.ar\/logistica\/wp-json\/wp\/v2\/media\/973"}],"wp:attachment":[{"href":"https:\/\/www.cedol.org.ar\/logistica\/wp-json\/wp\/v2\/media?parent=2071"}],"wp:term":[{"taxonomy":"category","embeddable":true,"href":"https:\/\/www.cedol.org.ar\/logistica\/wp-json\/wp\/v2\/categories?post=2071"},{"taxonomy":"post_tag","embeddable":true,"href":"https:\/\/www.cedol.org.ar\/logistica\/wp-json\/wp\/v2\/tags?post=2071"}],"curies":[{"name":"wp","href":"https:\/\/api.w.org\/{rel}","templated":true}]}}