{"id":2062,"date":"2018-08-07T12:35:11","date_gmt":"2018-08-07T12:35:11","guid":{"rendered":"http:\/\/www.cedol.org.ar\/logistica\/?p=2062"},"modified":"2018-08-07T12:36:14","modified_gmt":"2018-08-07T12:36:14","slug":"indice-nacional-costos-logisticos-utn-cedol-julio-2018","status":"publish","type":"post","link":"https:\/\/www.cedol.org.ar\/logistica\/indice-nacional-costos-logisticos-utn-cedol-julio-2018\/","title":{"rendered":"\u00cdndice Nacional de Costos Log\u00edsticos &#8211; UTN\/CEDOL &#8211;\u00a0Julio 2018"},"content":{"rendered":"<p><em>Las medidas de ajuste y suba de precios implementadas por las pol\u00edticas econ\u00f3micas nacionales siguen incrementando los costos log\u00edsticos y afectando la competitividad de las empresas y del pa\u00eds.<\/em><\/p>\n<p>Buenos Aires, 05 de Agosto 2018-.\u00a0La<strong>\u00a0Universidad Tecnol\u00f3gica Nacional<\/strong>\u00a0<strong>(UTN)<\/strong>\u00a0a trav\u00e9s de su Centro Tecnol\u00f3gico de Transporte, Tr\u00e1nsito y Seguridad Vial (C3T), dio a conocer la evoluci\u00f3n del \u00cdndice de Costos Log\u00edsticos Nacionales elaborado para la<strong>\u00a0C\u00e1mara Empresaria de Operadores Log\u00edsticos (CEDOL)<\/strong>, correspondiente al mes de<strong>\u00a0Julio 2018<\/strong>, cuyos incrementos en las distintas variantes de medici\u00f3n son:<\/p>\n<p><strong>\u00a0\u00a0\u00a0\u00a0\u00a0\u00a0\u00a0\u00a0\u00a0\u00a0\u00a0\u00a0\u00a0\u00a0\u00a0\u00a0\u00a0\u00a0\u00a0\u00a0\u00a0\u00a0\u00a0\u00a0\u00a0\u00a0\u00a0\u00a0\u00a0\u00a0\u00a0\u00a0\u00a0\u00a0\u00a0\u00a0\u00a0\u00a0\u00a0\u00a0\u00a0\u00a0\u00a0\u00a0\u00a0\u00a0\u00a0\u00a0\u00a0\u00a0\u00a0\u00a0\u00a0\u00a0\u00a0\u00a0\u00a0\u00a0\u00a0\u00a0\u00a0\u00a0\u00a0\u00a0\u00a0\u00a0\u00a0\u00a0\u00a0\u00a0\u00a0\u00a0\u00a0\u00a0\u00a0\u00a0\u00a0\u00a0\u00a0\u00a0\u00a0\u00a0\u00a0\u00a0\u00a0\u00a0\u00a0\u00a0\u00a0\u00a0\u00a0\u00a0\u00a0\u00a0\u00a0\u00a0\u00a0\u00a0\u00a0\u00a0\u00a0\u00a0\u00a0\u00a0\u00a0\u00a0\u00a0\u00a0\u00a0\u00a0\u00a0<\/strong><\/p>\n<ul>\n<li><strong> Costo Sin Transporte: 6,08%.<\/strong><\/li>\n<li><strong> Costo Con Transporte: 6,92%.<\/strong><\/li>\n<li><strong> Costo de Distribuci\u00f3n Con Acompa\u00f1ante: 7,14%.<\/strong><\/li>\n<li><strong> Costo de Distribuci\u00f3n Sin Acompa\u00f1ante: 6,84%.\u00a0<\/strong><\/li>\n<\/ul>\n<p><strong>\u00a0<\/strong><\/p>\n<p>Adicionalmente, cabe se\u00f1alar que la medici\u00f3n de costos en transporte que realiza la Federaci\u00f3n Argentina de Entidades Empresarias del Autotransporte de Carga (FADEEAC), alcanz\u00f3 una suba del<strong>\u00a07,17%<\/strong>, en Julio.<\/p>\n<p>Los aumentos acumulados en los que va de 2018 y las variaciones interanuales por el impacto que generan las subas de tarifas en servicios y otros insumos, revelan la gravedad de la situaci\u00f3n que est\u00e1n soportando las empresas de log\u00edstica:<\/p>\n<p><strong>\u00a0<\/strong><\/p>\n<table>\n<tbody>\n<tr>\n<td width=\"265\"><strong>\u00a0<\/strong><\/td>\n<td width=\"166\"><strong>Variaci\u00f3n \u00faltimos 7 meses<\/strong><\/td>\n<td width=\"170\"><strong>Variaci\u00f3n \u00faltimos 12 meses<\/strong><\/td>\n<\/tr>\n<tr>\n<td width=\"265\"><strong>CEDOL con costo de transporte<\/strong><\/td>\n<td width=\"166\"><strong>23,37%<\/strong><\/td>\n<td width=\"170\"><strong>34,24%<\/strong><\/td>\n<\/tr>\n<tr>\n<td width=\"265\"><strong>CEDOL sin costo de transporte<\/strong><\/td>\n<td width=\"166\"><strong>20,74%<\/strong><\/td>\n<td width=\"170\"><strong>29,45%<\/strong><\/td>\n<\/tr>\n<tr>\n<td width=\"265\"><strong>Distribuci\u00f3n con acompa\u00f1ante<\/strong><\/td>\n<td width=\"166\"><strong>19,29%<\/strong><\/td>\n<td width=\"170\"><strong>27,81%<\/strong><\/td>\n<\/tr>\n<tr>\n<td width=\"265\"><strong>Distribuci\u00f3n sin acompa\u00f1ante<\/strong><\/td>\n<td width=\"166\"><strong>21,40%<\/strong><\/td>\n<td width=\"170\"><strong>30,81%<\/strong><\/td>\n<\/tr>\n<tr>\n<td width=\"265\"><strong>\u00a0<\/strong><\/td>\n<td width=\"166\"><strong>\u00a0<\/strong><\/td>\n<td width=\"170\"><strong>\u00a0<\/strong><\/td>\n<\/tr>\n<tr>\n<td width=\"265\"><strong>\u00cdndice de variaci\u00f3n FADEEAC<\/strong><\/td>\n<td width=\"166\"><strong>24,13%<\/strong><\/td>\n<td width=\"170\"><strong>35,70%<\/strong><\/td>\n<\/tr>\n<\/tbody>\n<\/table>\n<p><strong>\u00a0<\/strong><\/p>\n<p>Sin dudas, las iniciativas de mejoras y los esfuerzos de inversi\u00f3n que realiza el sector para lograr mayor competitividad se frustran ante la embestida indiscriminada de ajustes de los diversos rubros que impactan fuertemente en los costos log\u00edsticos:<\/p>\n<p>&nbsp;<\/p>\n<ul>\n<li><strong>Mano de Obra, seg\u00fan Convenio del 40\/89.<\/strong><\/li>\n<li><strong>No Homologaci\u00f3n del bono acordado con el Sindicato al inicio del presente a\u00f1o.<\/strong><\/li>\n<li><strong>Implementaci\u00f3n del Decreto 633 que incrementa el aporte por parte de empleadores.<\/strong><\/li>\n<li><strong>Incremento del 1% de p\u00f3lizas de seguros para el transporte de carga y pasajeros, para justificar un plan de forestaci\u00f3n nacional.<\/strong><\/li>\n<li><strong>Aumento de tasas municipales de manera discrecional.<\/strong><\/li>\n<li><strong>Las consecuencias del incremento desmedido en los precios de combustibles como fruto de la desregulaci\u00f3n.<\/strong><\/li>\n<li><strong>Costos financieros por atrasos de la cadena de pagos, asociada a pol\u00edticas macroecon\u00f3micas con elevadas tasas de inter\u00e9s.<\/strong><\/li>\n<li><strong>Todo lo anterior, agravado por las consecutivas devaluaciones y la ca\u00edda del consumo.<\/strong><\/li>\n<\/ul>\n<p><strong>\u00a0<\/strong><\/p>\n<p>De esta manera, Cedol busca poner en el centro del debate esta dif\u00edcil situaci\u00f3n ya que\u00a0<strong>LA ACTIVIDAD LOG\u00cdSTICA NO ES FORMADORA DE PRECIOS\u00a0<\/strong>sino otra v\u00edctima de los aumentos que sufre la sociedad en general y de las medidas econ\u00f3micas tomadas que, claramente, no contribuyen a mejorar la competitividad del sector y del pa\u00eds. Todo esto, mientras se observa con incredulidad que desde diferentes sectores contin\u00faan apuntando a la log\u00edstica como responsable de aumentos en la canasta de productos.<\/p>\n<p>El objetivo de estos indicadores es reflejar mensualmente las variaciones que sufren los costos de los operadores log\u00edsticos de todo el pa\u00eds. Su publicaci\u00f3n, con los componentes completos, tambi\u00e9n se puede consultar en la web de la C\u00e1mara:\u00a0<a href=\"http:\/\/www.cedol.org.ar\/\" data-saferedirecturl=\"https:\/\/www.google.com\/url?hl=es-419&amp;q=http:\/\/www.cedol.org.ar\/&amp;source=gmail&amp;ust=1533730302423000&amp;usg=AFQjCNEYXMn-7Js3Vs-x02D421FMGLtkMg\">www.cedol.org.ar<\/a><\/p>\n<p>&nbsp;<\/p>\n<p><strong>\u00a0<\/strong><\/p>\n<p><strong>Gracias por su Difusi\u00f3n<\/strong><\/p>\n<p><strong>C\u00e1mara Empresaria de Operadores Log\u00edsticos<\/strong><\/p>\n<p><a href=\"https:\/\/maps.google.com\/?q=S%C3%A1nchez+de+Bustamante+54.+Buenos+Aires&amp;entry=gmail&amp;source=g\">S\u00e1nchez de Bustamante 54. Buenos Aires<\/a>.<\/p>\n<p>(011) 4860-7775\/6\u00a0<a href=\"http:\/\/www.cedol.org.ar\/\" data-saferedirecturl=\"https:\/\/www.google.com\/url?hl=es-419&amp;q=http:\/\/www.cedol.org.ar&amp;source=gmail&amp;ust=1533730302423000&amp;usg=AFQjCNGn2gy6OfWw09MVEcj-2U5d9m68dQ\">www.cedol.org.ar<\/a><\/p>\n<p><strong>\u00a0<\/strong><\/p>\n<p><strong>Comunicaci\u00f3n &amp; Prensa<\/strong>: Carlos Toppazzini \/\/ 15- 3694-3327 \/\/\u00a0<a href=\"mailto:comunicacion@cedol.org.ar\">comunicacion@cedol.org.ar<\/a><\/p>\n","protected":false},"excerpt":{"rendered":"<p>Las medidas de ajuste y suba de precios implementadas por las pol\u00edticas econ\u00f3micas nacionales siguen incrementando los costos log\u00edsticos y afectando la competitividad de las [&hellip;]<\/p>\n","protected":false},"author":1,"featured_media":973,"comment_status":"open","ping_status":"open","sticky":false,"template":"","format":"standard","meta":{"_monsterinsights_skip_tracking":false,"_monsterinsights_sitenote_active":false,"_monsterinsights_sitenote_note":"","_monsterinsights_sitenote_category":0,"footnotes":""},"categories":[8],"tags":[],"class_list":["post-2062","post","type-post","status-publish","format-standard","has-post-thumbnail","hentry","category-estadisticas"],"yoast_head":"<!-- This site is optimized with the Yoast SEO plugin v22.3 - https:\/\/yoast.com\/wordpress\/plugins\/seo\/ -->\n<title>\u00cdndice Nacional de Costos Log\u00edsticos - UTN\/CEDOL -\u00a0Julio 2018 &#187; CEDOL<\/title>\n<meta name=\"description\" content=\"Las medidas de ajuste y suba de precios implementadas por las pol\u00edticas econ\u00f3micas nacionales siguen incrementando los costos log\u00edsticos y afectando la\" \/>\n<meta name=\"robots\" content=\"index, follow, max-snippet:-1, max-image-preview:large, max-video-preview:-1\" \/>\n<link rel=\"canonical\" href=\"https:\/\/www.cedol.org.ar\/logistica\/indice-nacional-costos-logisticos-utn-cedol-julio-2018\/\" \/>\n<meta property=\"og:locale\" content=\"es_ES\" \/>\n<meta property=\"og:type\" content=\"article\" \/>\n<meta property=\"og:title\" content=\"\u00cdndice Nacional de Costos Log\u00edsticos - UTN\/CEDOL -\u00a0Julio 2018 &#187; CEDOL\" \/>\n<meta property=\"og:description\" content=\"Las medidas de ajuste y suba de precios implementadas por las pol\u00edticas econ\u00f3micas nacionales siguen incrementando los costos log\u00edsticos y afectando la\" \/>\n<meta property=\"og:url\" content=\"https:\/\/www.cedol.org.ar\/logistica\/indice-nacional-costos-logisticos-utn-cedol-julio-2018\/\" \/>\n<meta property=\"og:site_name\" content=\"CEDOL\" \/>\n<meta property=\"article:published_time\" content=\"2018-08-07T12:35:11+00:00\" \/>\n<meta property=\"article:modified_time\" content=\"2018-08-07T12:36:14+00:00\" \/>\n<meta property=\"og:image\" content=\"https:\/\/www.cedol.org.ar\/logistica\/wp-content\/uploads\/2014\/09\/logoIndicesLogisticosCEDOL-02.jpg\" \/>\n\t<meta property=\"og:image:width\" content=\"382\" \/>\n\t<meta property=\"og:image:height\" content=\"403\" \/>\n\t<meta property=\"og:image:type\" content=\"image\/jpeg\" \/>\n<meta name=\"author\" content=\"admin\" \/>\n<meta name=\"twitter:card\" content=\"summary_large_image\" \/>\n<meta name=\"twitter:label1\" content=\"Escrito por\" \/>\n\t<meta name=\"twitter:data1\" content=\"admin\" \/>\n\t<meta name=\"twitter:label2\" content=\"Tiempo de lectura\" \/>\n\t<meta name=\"twitter:data2\" content=\"3 minutos\" \/>\n<script type=\"application\/ld+json\" class=\"yoast-schema-graph\">{\"@context\":\"https:\/\/schema.org\",\"@graph\":[{\"@type\":\"WebPage\",\"@id\":\"https:\/\/www.cedol.org.ar\/logistica\/indice-nacional-costos-logisticos-utn-cedol-julio-2018\/\",\"url\":\"https:\/\/www.cedol.org.ar\/logistica\/indice-nacional-costos-logisticos-utn-cedol-julio-2018\/\",\"name\":\"\u00cdndice Nacional de Costos Log\u00edsticos - UTN\/CEDOL -\u00a0Julio 2018 &#187; CEDOL\",\"isPartOf\":{\"@id\":\"https:\/\/www.cedol.org.ar\/logistica\/#website\"},\"primaryImageOfPage\":{\"@id\":\"https:\/\/www.cedol.org.ar\/logistica\/indice-nacional-costos-logisticos-utn-cedol-julio-2018\/#primaryimage\"},\"image\":{\"@id\":\"https:\/\/www.cedol.org.ar\/logistica\/indice-nacional-costos-logisticos-utn-cedol-julio-2018\/#primaryimage\"},\"thumbnailUrl\":\"https:\/\/www.cedol.org.ar\/logistica\/wp-content\/uploads\/2014\/09\/logoIndicesLogisticosCEDOL-02.jpg\",\"datePublished\":\"2018-08-07T12:35:11+00:00\",\"dateModified\":\"2018-08-07T12:36:14+00:00\",\"author\":{\"@id\":\"https:\/\/www.cedol.org.ar\/logistica\/#\/schema\/person\/40275bdb20446824fc74d51aabe22e83\"},\"description\":\"Las medidas de ajuste y suba de precios implementadas por las pol\u00edticas econ\u00f3micas nacionales siguen incrementando los costos log\u00edsticos y afectando la\",\"breadcrumb\":{\"@id\":\"https:\/\/www.cedol.org.ar\/logistica\/indice-nacional-costos-logisticos-utn-cedol-julio-2018\/#breadcrumb\"},\"inLanguage\":\"es\",\"potentialAction\":[{\"@type\":\"ReadAction\",\"target\":[\"https:\/\/www.cedol.org.ar\/logistica\/indice-nacional-costos-logisticos-utn-cedol-julio-2018\/\"]}]},{\"@type\":\"ImageObject\",\"inLanguage\":\"es\",\"@id\":\"https:\/\/www.cedol.org.ar\/logistica\/indice-nacional-costos-logisticos-utn-cedol-julio-2018\/#primaryimage\",\"url\":\"https:\/\/www.cedol.org.ar\/logistica\/wp-content\/uploads\/2014\/09\/logoIndicesLogisticosCEDOL-02.jpg\",\"contentUrl\":\"https:\/\/www.cedol.org.ar\/logistica\/wp-content\/uploads\/2014\/09\/logoIndicesLogisticosCEDOL-02.jpg\",\"width\":382,\"height\":403,\"caption\":\"indice log\u00edstico\"},{\"@type\":\"BreadcrumbList\",\"@id\":\"https:\/\/www.cedol.org.ar\/logistica\/indice-nacional-costos-logisticos-utn-cedol-julio-2018\/#breadcrumb\",\"itemListElement\":[{\"@type\":\"ListItem\",\"position\":1,\"name\":\"Home\",\"item\":\"https:\/\/www.cedol.org.ar\/logistica\/\"},{\"@type\":\"ListItem\",\"position\":2,\"name\":\"\u00cdndice Nacional de Costos Log\u00edsticos &#8211; UTN\/CEDOL &#8211;\u00a0Julio 2018\"}]},{\"@type\":\"WebSite\",\"@id\":\"https:\/\/www.cedol.org.ar\/logistica\/#website\",\"url\":\"https:\/\/www.cedol.org.ar\/logistica\/\",\"name\":\"CEDOL\",\"description\":\"C\u00c1MARA EMPRESARIA DE OPERADORES LOG\u00cdSTICOS\",\"potentialAction\":[{\"@type\":\"SearchAction\",\"target\":{\"@type\":\"EntryPoint\",\"urlTemplate\":\"https:\/\/www.cedol.org.ar\/logistica\/?s={search_term_string}\"},\"query-input\":\"required name=search_term_string\"}],\"inLanguage\":\"es\"},{\"@type\":\"Person\",\"@id\":\"https:\/\/www.cedol.org.ar\/logistica\/#\/schema\/person\/40275bdb20446824fc74d51aabe22e83\",\"name\":\"admin\"}]}<\/script>\n<!-- \/ Yoast SEO plugin. -->","yoast_head_json":{"title":"\u00cdndice Nacional de Costos Log\u00edsticos - UTN\/CEDOL -\u00a0Julio 2018 &#187; CEDOL","description":"Las medidas de ajuste y suba de precios implementadas por las pol\u00edticas econ\u00f3micas nacionales siguen incrementando los costos log\u00edsticos y afectando la","robots":{"index":"index","follow":"follow","max-snippet":"max-snippet:-1","max-image-preview":"max-image-preview:large","max-video-preview":"max-video-preview:-1"},"canonical":"https:\/\/www.cedol.org.ar\/logistica\/indice-nacional-costos-logisticos-utn-cedol-julio-2018\/","og_locale":"es_ES","og_type":"article","og_title":"\u00cdndice Nacional de Costos Log\u00edsticos - UTN\/CEDOL -\u00a0Julio 2018 &#187; CEDOL","og_description":"Las medidas de ajuste y suba de precios implementadas por las pol\u00edticas econ\u00f3micas nacionales siguen incrementando los costos log\u00edsticos y afectando la","og_url":"https:\/\/www.cedol.org.ar\/logistica\/indice-nacional-costos-logisticos-utn-cedol-julio-2018\/","og_site_name":"CEDOL","article_published_time":"2018-08-07T12:35:11+00:00","article_modified_time":"2018-08-07T12:36:14+00:00","og_image":[{"width":382,"height":403,"url":"https:\/\/www.cedol.org.ar\/logistica\/wp-content\/uploads\/2014\/09\/logoIndicesLogisticosCEDOL-02.jpg","type":"image\/jpeg"}],"author":"admin","twitter_card":"summary_large_image","twitter_misc":{"Escrito por":"admin","Tiempo de lectura":"3 minutos"},"schema":{"@context":"https:\/\/schema.org","@graph":[{"@type":"WebPage","@id":"https:\/\/www.cedol.org.ar\/logistica\/indice-nacional-costos-logisticos-utn-cedol-julio-2018\/","url":"https:\/\/www.cedol.org.ar\/logistica\/indice-nacional-costos-logisticos-utn-cedol-julio-2018\/","name":"\u00cdndice Nacional de Costos Log\u00edsticos - UTN\/CEDOL -\u00a0Julio 2018 &#187; CEDOL","isPartOf":{"@id":"https:\/\/www.cedol.org.ar\/logistica\/#website"},"primaryImageOfPage":{"@id":"https:\/\/www.cedol.org.ar\/logistica\/indice-nacional-costos-logisticos-utn-cedol-julio-2018\/#primaryimage"},"image":{"@id":"https:\/\/www.cedol.org.ar\/logistica\/indice-nacional-costos-logisticos-utn-cedol-julio-2018\/#primaryimage"},"thumbnailUrl":"https:\/\/www.cedol.org.ar\/logistica\/wp-content\/uploads\/2014\/09\/logoIndicesLogisticosCEDOL-02.jpg","datePublished":"2018-08-07T12:35:11+00:00","dateModified":"2018-08-07T12:36:14+00:00","author":{"@id":"https:\/\/www.cedol.org.ar\/logistica\/#\/schema\/person\/40275bdb20446824fc74d51aabe22e83"},"description":"Las medidas de ajuste y suba de precios implementadas por las pol\u00edticas econ\u00f3micas nacionales siguen incrementando los costos log\u00edsticos y afectando la","breadcrumb":{"@id":"https:\/\/www.cedol.org.ar\/logistica\/indice-nacional-costos-logisticos-utn-cedol-julio-2018\/#breadcrumb"},"inLanguage":"es","potentialAction":[{"@type":"ReadAction","target":["https:\/\/www.cedol.org.ar\/logistica\/indice-nacional-costos-logisticos-utn-cedol-julio-2018\/"]}]},{"@type":"ImageObject","inLanguage":"es","@id":"https:\/\/www.cedol.org.ar\/logistica\/indice-nacional-costos-logisticos-utn-cedol-julio-2018\/#primaryimage","url":"https:\/\/www.cedol.org.ar\/logistica\/wp-content\/uploads\/2014\/09\/logoIndicesLogisticosCEDOL-02.jpg","contentUrl":"https:\/\/www.cedol.org.ar\/logistica\/wp-content\/uploads\/2014\/09\/logoIndicesLogisticosCEDOL-02.jpg","width":382,"height":403,"caption":"indice log\u00edstico"},{"@type":"BreadcrumbList","@id":"https:\/\/www.cedol.org.ar\/logistica\/indice-nacional-costos-logisticos-utn-cedol-julio-2018\/#breadcrumb","itemListElement":[{"@type":"ListItem","position":1,"name":"Home","item":"https:\/\/www.cedol.org.ar\/logistica\/"},{"@type":"ListItem","position":2,"name":"\u00cdndice Nacional de Costos Log\u00edsticos &#8211; UTN\/CEDOL &#8211;\u00a0Julio 2018"}]},{"@type":"WebSite","@id":"https:\/\/www.cedol.org.ar\/logistica\/#website","url":"https:\/\/www.cedol.org.ar\/logistica\/","name":"CEDOL","description":"C\u00c1MARA EMPRESARIA DE OPERADORES LOG\u00cdSTICOS","potentialAction":[{"@type":"SearchAction","target":{"@type":"EntryPoint","urlTemplate":"https:\/\/www.cedol.org.ar\/logistica\/?s={search_term_string}"},"query-input":"required name=search_term_string"}],"inLanguage":"es"},{"@type":"Person","@id":"https:\/\/www.cedol.org.ar\/logistica\/#\/schema\/person\/40275bdb20446824fc74d51aabe22e83","name":"admin"}]}},"_links":{"self":[{"href":"https:\/\/www.cedol.org.ar\/logistica\/wp-json\/wp\/v2\/posts\/2062","targetHints":{"allow":["GET"]}}],"collection":[{"href":"https:\/\/www.cedol.org.ar\/logistica\/wp-json\/wp\/v2\/posts"}],"about":[{"href":"https:\/\/www.cedol.org.ar\/logistica\/wp-json\/wp\/v2\/types\/post"}],"author":[{"embeddable":true,"href":"https:\/\/www.cedol.org.ar\/logistica\/wp-json\/wp\/v2\/users\/1"}],"replies":[{"embeddable":true,"href":"https:\/\/www.cedol.org.ar\/logistica\/wp-json\/wp\/v2\/comments?post=2062"}],"version-history":[{"count":1,"href":"https:\/\/www.cedol.org.ar\/logistica\/wp-json\/wp\/v2\/posts\/2062\/revisions"}],"predecessor-version":[{"id":2063,"href":"https:\/\/www.cedol.org.ar\/logistica\/wp-json\/wp\/v2\/posts\/2062\/revisions\/2063"}],"wp:featuredmedia":[{"embeddable":true,"href":"https:\/\/www.cedol.org.ar\/logistica\/wp-json\/wp\/v2\/media\/973"}],"wp:attachment":[{"href":"https:\/\/www.cedol.org.ar\/logistica\/wp-json\/wp\/v2\/media?parent=2062"}],"wp:term":[{"taxonomy":"category","embeddable":true,"href":"https:\/\/www.cedol.org.ar\/logistica\/wp-json\/wp\/v2\/categories?post=2062"},{"taxonomy":"post_tag","embeddable":true,"href":"https:\/\/www.cedol.org.ar\/logistica\/wp-json\/wp\/v2\/tags?post=2062"}],"curies":[{"name":"wp","href":"https:\/\/api.w.org\/{rel}","templated":true}]}}