{"id":2026,"date":"2018-06-27T19:47:24","date_gmt":"2018-06-27T19:47:24","guid":{"rendered":"http:\/\/www.cedol.org.ar\/logistica\/?p=2026"},"modified":"2018-06-27T19:47:24","modified_gmt":"2018-06-27T19:47:24","slug":"nuevo-reporte-sustentabilidad-2","status":"publish","type":"post","link":"https:\/\/www.cedol.org.ar\/logistica\/nuevo-reporte-sustentabilidad-2\/","title":{"rendered":"Nuevo reporte de Sustentabilidad"},"content":{"rendered":"<p>Nuevo reporte de Sustentabilidad (FOTO B)<\/p>\n<p>Andreani present\u00f3 su Reporte de Sustentabilidad por noveno a\u00f1o consecutivo. Esta Memoria incorpora los est\u00e1ndares de la Iniciativa de Reporte Global (GRI, por sus siglas en ingl\u00e9s), su conexi\u00f3n con los 10 principios del Pacto Global de Naciones Unidas y el aporte a los Objetivos de Desarrollo Sostenible (ODS).<\/p>\n<p>La compa\u00f1\u00eda sigui\u00f3 enfoc\u00e1ndose en nuevas formas de actuaci\u00f3n responsable, combinando mejoras en procesos, innovaciones estrat\u00e9gicas e inversi\u00f3n en tecnolog\u00eda.<\/p>\n","protected":false},"excerpt":{"rendered":"<p>Nuevo reporte de Sustentabilidad (FOTO B) Andreani present\u00f3 su Reporte de Sustentabilidad por noveno a\u00f1o consecutivo. Esta Memoria incorpora los est\u00e1ndares de la Iniciativa de [&hellip;]<\/p>\n","protected":false},"author":1,"featured_media":2027,"comment_status":"open","ping_status":"open","sticky":false,"template":"","format":"standard","meta":{"_monsterinsights_skip_tracking":false,"_monsterinsights_sitenote_active":false,"_monsterinsights_sitenote_note":"","_monsterinsights_sitenote_category":0,"footnotes":""},"categories":[4],"tags":[],"class_list":["post-2026","post","type-post","status-publish","format-standard","has-post-thumbnail","hentry","category-noticias"],"yoast_head":"<!-- This site is optimized with the Yoast SEO plugin v22.3 - https:\/\/yoast.com\/wordpress\/plugins\/seo\/ -->\n<title>Nuevo reporte de Sustentabilidad &#187; CEDOL<\/title>\n<meta name=\"description\" content=\"Nuevo reporte de Sustentabilidad (FOTO B) Andreani present\u00f3 su Reporte de Sustentabilidad por noveno a\u00f1o consecutivo. Esta Memoria incorpora los\" \/>\n<meta name=\"robots\" content=\"index, follow, max-snippet:-1, max-image-preview:large, max-video-preview:-1\" \/>\n<link rel=\"canonical\" href=\"https:\/\/www.cedol.org.ar\/logistica\/nuevo-reporte-sustentabilidad-2\/\" \/>\n<meta property=\"og:locale\" content=\"es_ES\" \/>\n<meta property=\"og:type\" content=\"article\" \/>\n<meta property=\"og:title\" content=\"Nuevo reporte de Sustentabilidad &#187; CEDOL\" \/>\n<meta property=\"og:description\" content=\"Nuevo reporte de Sustentabilidad (FOTO B) Andreani present\u00f3 su Reporte de Sustentabilidad por noveno a\u00f1o consecutivo. Esta Memoria incorpora los\" \/>\n<meta property=\"og:url\" content=\"https:\/\/www.cedol.org.ar\/logistica\/nuevo-reporte-sustentabilidad-2\/\" \/>\n<meta property=\"og:site_name\" content=\"CEDOL\" \/>\n<meta property=\"article:published_time\" content=\"2018-06-27T19:47:24+00:00\" \/>\n<meta property=\"og:image\" content=\"https:\/\/www.cedol.org.ar\/logistica\/wp-content\/uploads\/2018\/06\/FOTO-B-1024x645.png\" \/>\n\t<meta property=\"og:image:width\" content=\"1024\" \/>\n\t<meta property=\"og:image:height\" content=\"645\" \/>\n\t<meta property=\"og:image:type\" content=\"image\/png\" \/>\n<meta name=\"author\" content=\"admin\" \/>\n<meta name=\"twitter:card\" content=\"summary_large_image\" \/>\n<meta name=\"twitter:label1\" content=\"Escrito por\" \/>\n\t<meta name=\"twitter:data1\" content=\"admin\" \/>\n<script type=\"application\/ld+json\" class=\"yoast-schema-graph\">{\"@context\":\"https:\/\/schema.org\",\"@graph\":[{\"@type\":\"WebPage\",\"@id\":\"https:\/\/www.cedol.org.ar\/logistica\/nuevo-reporte-sustentabilidad-2\/\",\"url\":\"https:\/\/www.cedol.org.ar\/logistica\/nuevo-reporte-sustentabilidad-2\/\",\"name\":\"Nuevo reporte de Sustentabilidad &#187; CEDOL\",\"isPartOf\":{\"@id\":\"https:\/\/www.cedol.org.ar\/logistica\/#website\"},\"primaryImageOfPage\":{\"@id\":\"https:\/\/www.cedol.org.ar\/logistica\/nuevo-reporte-sustentabilidad-2\/#primaryimage\"},\"image\":{\"@id\":\"https:\/\/www.cedol.org.ar\/logistica\/nuevo-reporte-sustentabilidad-2\/#primaryimage\"},\"thumbnailUrl\":\"https:\/\/www.cedol.org.ar\/logistica\/wp-content\/uploads\/2018\/06\/FOTO-B.png\",\"datePublished\":\"2018-06-27T19:47:24+00:00\",\"dateModified\":\"2018-06-27T19:47:24+00:00\",\"author\":{\"@id\":\"https:\/\/www.cedol.org.ar\/logistica\/#\/schema\/person\/40275bdb20446824fc74d51aabe22e83\"},\"description\":\"Nuevo reporte de Sustentabilidad (FOTO B) Andreani present\u00f3 su Reporte de Sustentabilidad por noveno a\u00f1o consecutivo. Esta Memoria incorpora los\",\"breadcrumb\":{\"@id\":\"https:\/\/www.cedol.org.ar\/logistica\/nuevo-reporte-sustentabilidad-2\/#breadcrumb\"},\"inLanguage\":\"es\",\"potentialAction\":[{\"@type\":\"ReadAction\",\"target\":[\"https:\/\/www.cedol.org.ar\/logistica\/nuevo-reporte-sustentabilidad-2\/\"]}]},{\"@type\":\"ImageObject\",\"inLanguage\":\"es\",\"@id\":\"https:\/\/www.cedol.org.ar\/logistica\/nuevo-reporte-sustentabilidad-2\/#primaryimage\",\"url\":\"https:\/\/www.cedol.org.ar\/logistica\/wp-content\/uploads\/2018\/06\/FOTO-B.png\",\"contentUrl\":\"https:\/\/www.cedol.org.ar\/logistica\/wp-content\/uploads\/2018\/06\/FOTO-B.png\",\"width\":2556,\"height\":1611},{\"@type\":\"BreadcrumbList\",\"@id\":\"https:\/\/www.cedol.org.ar\/logistica\/nuevo-reporte-sustentabilidad-2\/#breadcrumb\",\"itemListElement\":[{\"@type\":\"ListItem\",\"position\":1,\"name\":\"Home\",\"item\":\"https:\/\/www.cedol.org.ar\/logistica\/\"},{\"@type\":\"ListItem\",\"position\":2,\"name\":\"Nuevo reporte de Sustentabilidad\"}]},{\"@type\":\"WebSite\",\"@id\":\"https:\/\/www.cedol.org.ar\/logistica\/#website\",\"url\":\"https:\/\/www.cedol.org.ar\/logistica\/\",\"name\":\"CEDOL\",\"description\":\"C\u00c1MARA EMPRESARIA DE OPERADORES LOG\u00cdSTICOS\",\"potentialAction\":[{\"@type\":\"SearchAction\",\"target\":{\"@type\":\"EntryPoint\",\"urlTemplate\":\"https:\/\/www.cedol.org.ar\/logistica\/?s={search_term_string}\"},\"query-input\":\"required name=search_term_string\"}],\"inLanguage\":\"es\"},{\"@type\":\"Person\",\"@id\":\"https:\/\/www.cedol.org.ar\/logistica\/#\/schema\/person\/40275bdb20446824fc74d51aabe22e83\",\"name\":\"admin\"}]}<\/script>\n<!-- \/ Yoast SEO plugin. -->","yoast_head_json":{"title":"Nuevo reporte de Sustentabilidad &#187; CEDOL","description":"Nuevo reporte de Sustentabilidad (FOTO B) Andreani present\u00f3 su Reporte de Sustentabilidad por noveno a\u00f1o consecutivo. Esta Memoria incorpora los","robots":{"index":"index","follow":"follow","max-snippet":"max-snippet:-1","max-image-preview":"max-image-preview:large","max-video-preview":"max-video-preview:-1"},"canonical":"https:\/\/www.cedol.org.ar\/logistica\/nuevo-reporte-sustentabilidad-2\/","og_locale":"es_ES","og_type":"article","og_title":"Nuevo reporte de Sustentabilidad &#187; CEDOL","og_description":"Nuevo reporte de Sustentabilidad (FOTO B) Andreani present\u00f3 su Reporte de Sustentabilidad por noveno a\u00f1o consecutivo. Esta Memoria incorpora los","og_url":"https:\/\/www.cedol.org.ar\/logistica\/nuevo-reporte-sustentabilidad-2\/","og_site_name":"CEDOL","article_published_time":"2018-06-27T19:47:24+00:00","og_image":[{"width":1024,"height":645,"url":"https:\/\/www.cedol.org.ar\/logistica\/wp-content\/uploads\/2018\/06\/FOTO-B-1024x645.png","type":"image\/png"}],"author":"admin","twitter_card":"summary_large_image","twitter_misc":{"Escrito por":"admin"},"schema":{"@context":"https:\/\/schema.org","@graph":[{"@type":"WebPage","@id":"https:\/\/www.cedol.org.ar\/logistica\/nuevo-reporte-sustentabilidad-2\/","url":"https:\/\/www.cedol.org.ar\/logistica\/nuevo-reporte-sustentabilidad-2\/","name":"Nuevo reporte de Sustentabilidad &#187; CEDOL","isPartOf":{"@id":"https:\/\/www.cedol.org.ar\/logistica\/#website"},"primaryImageOfPage":{"@id":"https:\/\/www.cedol.org.ar\/logistica\/nuevo-reporte-sustentabilidad-2\/#primaryimage"},"image":{"@id":"https:\/\/www.cedol.org.ar\/logistica\/nuevo-reporte-sustentabilidad-2\/#primaryimage"},"thumbnailUrl":"https:\/\/www.cedol.org.ar\/logistica\/wp-content\/uploads\/2018\/06\/FOTO-B.png","datePublished":"2018-06-27T19:47:24+00:00","dateModified":"2018-06-27T19:47:24+00:00","author":{"@id":"https:\/\/www.cedol.org.ar\/logistica\/#\/schema\/person\/40275bdb20446824fc74d51aabe22e83"},"description":"Nuevo reporte de Sustentabilidad (FOTO B) Andreani present\u00f3 su Reporte de Sustentabilidad por noveno a\u00f1o consecutivo. Esta Memoria incorpora los","breadcrumb":{"@id":"https:\/\/www.cedol.org.ar\/logistica\/nuevo-reporte-sustentabilidad-2\/#breadcrumb"},"inLanguage":"es","potentialAction":[{"@type":"ReadAction","target":["https:\/\/www.cedol.org.ar\/logistica\/nuevo-reporte-sustentabilidad-2\/"]}]},{"@type":"ImageObject","inLanguage":"es","@id":"https:\/\/www.cedol.org.ar\/logistica\/nuevo-reporte-sustentabilidad-2\/#primaryimage","url":"https:\/\/www.cedol.org.ar\/logistica\/wp-content\/uploads\/2018\/06\/FOTO-B.png","contentUrl":"https:\/\/www.cedol.org.ar\/logistica\/wp-content\/uploads\/2018\/06\/FOTO-B.png","width":2556,"height":1611},{"@type":"BreadcrumbList","@id":"https:\/\/www.cedol.org.ar\/logistica\/nuevo-reporte-sustentabilidad-2\/#breadcrumb","itemListElement":[{"@type":"ListItem","position":1,"name":"Home","item":"https:\/\/www.cedol.org.ar\/logistica\/"},{"@type":"ListItem","position":2,"name":"Nuevo reporte de Sustentabilidad"}]},{"@type":"WebSite","@id":"https:\/\/www.cedol.org.ar\/logistica\/#website","url":"https:\/\/www.cedol.org.ar\/logistica\/","name":"CEDOL","description":"C\u00c1MARA EMPRESARIA DE OPERADORES LOG\u00cdSTICOS","potentialAction":[{"@type":"SearchAction","target":{"@type":"EntryPoint","urlTemplate":"https:\/\/www.cedol.org.ar\/logistica\/?s={search_term_string}"},"query-input":"required name=search_term_string"}],"inLanguage":"es"},{"@type":"Person","@id":"https:\/\/www.cedol.org.ar\/logistica\/#\/schema\/person\/40275bdb20446824fc74d51aabe22e83","name":"admin"}]}},"_links":{"self":[{"href":"https:\/\/www.cedol.org.ar\/logistica\/wp-json\/wp\/v2\/posts\/2026","targetHints":{"allow":["GET"]}}],"collection":[{"href":"https:\/\/www.cedol.org.ar\/logistica\/wp-json\/wp\/v2\/posts"}],"about":[{"href":"https:\/\/www.cedol.org.ar\/logistica\/wp-json\/wp\/v2\/types\/post"}],"author":[{"embeddable":true,"href":"https:\/\/www.cedol.org.ar\/logistica\/wp-json\/wp\/v2\/users\/1"}],"replies":[{"embeddable":true,"href":"https:\/\/www.cedol.org.ar\/logistica\/wp-json\/wp\/v2\/comments?post=2026"}],"version-history":[{"count":1,"href":"https:\/\/www.cedol.org.ar\/logistica\/wp-json\/wp\/v2\/posts\/2026\/revisions"}],"predecessor-version":[{"id":2028,"href":"https:\/\/www.cedol.org.ar\/logistica\/wp-json\/wp\/v2\/posts\/2026\/revisions\/2028"}],"wp:featuredmedia":[{"embeddable":true,"href":"https:\/\/www.cedol.org.ar\/logistica\/wp-json\/wp\/v2\/media\/2027"}],"wp:attachment":[{"href":"https:\/\/www.cedol.org.ar\/logistica\/wp-json\/wp\/v2\/media?parent=2026"}],"wp:term":[{"taxonomy":"category","embeddable":true,"href":"https:\/\/www.cedol.org.ar\/logistica\/wp-json\/wp\/v2\/categories?post=2026"},{"taxonomy":"post_tag","embeddable":true,"href":"https:\/\/www.cedol.org.ar\/logistica\/wp-json\/wp\/v2\/tags?post=2026"}],"curies":[{"name":"wp","href":"https:\/\/api.w.org\/{rel}","templated":true}]}}