{"id":2023,"date":"2018-06-27T19:25:52","date_gmt":"2018-06-27T19:25:52","guid":{"rendered":"http:\/\/www.cedol.org.ar\/logistica\/?p=2023"},"modified":"2018-06-27T19:25:52","modified_gmt":"2018-06-27T19:25:52","slug":"fadeeac-pidio-se-declare-emergencia-al-transporte-cargas","status":"publish","type":"post","link":"https:\/\/www.cedol.org.ar\/logistica\/fadeeac-pidio-se-declare-emergencia-al-transporte-cargas\/","title":{"rendered":"FADEEAC pidi\u00f3 que se declare en emergencia al transporte de cargas"},"content":{"rendered":"<p>La Federaci\u00f3n Argentina de Entidades Empresarias del Autotransporte de Cargas (FADEEAC) expres\u00f3 en un comunicado su preocupaci\u00f3n ante la crisis que atraviesa el sector del transporte de cargas por carretera.<\/p>\n<p>Luego del paro que anunciara la Federaci\u00f3n Nacional de Trabajadores Camioneros, que finalmente no se concret\u00f3, FADEEAC busca alertar a la opini\u00f3n p\u00fablica sobre la delicada situaci\u00f3n que atraviesan las empresas del sector, as\u00ed como el aumento sostenido en los precios de los combustibles, los peajes y la presi\u00f3n fiscal nacional, provincial y municipal. \u201cConvivimos con una inadecuada financiaci\u00f3n, con el consecuente deterioro de la actividad y, por lo tanto, la p\u00e9rdida de las fuentes laborales\u201d, expresaron desde la entidad que preside Daniel Indart.<\/p>\n<p>Las empresas del autotransporte de cargas est\u00e1n econ\u00f3mica y financieramente en crisis, remarca el comunicado. Las relaciones laborales no son ecu\u00e1nimes, los costos en alza resultan inviables y las obligaciones tributarias son cada vez m\u00e1s dif\u00edciles de afrontar. Sumado a ello, el embargo de cuentas bancarias por parte de los organismos de control inhibe al empresario de disponer del capital de trabajo. \u201cEn el marco de esta situaci\u00f3n desfavorable, se hace imposible la actualizaci\u00f3n de los precios para con nuestros clientes\u201d, explica la Federaci\u00f3n.<\/p>\n<p>Por todo eso, desde FADEEAC solicitaron que con car\u00e1cter de prioridad y urgencia se declare la emergencia del sector, previsibilidad sobre el precio del combustible \u2013el insumo m\u00e1s importante-, la revisi\u00f3n del valor del peaje y facilidades para acceder a un financiamiento adecuado con tasas preferenciales para hacer frente a las obligaciones crediticias y fiscales. Con estas herramientas, aseguran, podr\u00edan seguir realizando su tarea y preservar el capital de trabajo para seguir desarrollando la actividad.<\/p>\n<p>De esta manera, la entidad empresaria se ve ante un conflicto cuya resoluci\u00f3n no puede alcanzarse sin la voluntad concurrente de todos los involucrados y por tal motivo se puso a disposici\u00f3n de las partes para reunirse y conciliar los intereses que beneficien a todos los argentinos. Porque el transporte de cargas no es solamente del transportista ni de los choferes: el transporte es el sector estrat\u00e9gico para el desarrollo global de la econom\u00eda.<\/p>\n<p>Paritarias 2018<\/p>\n<p>Finalmente, el gremio de Camioneros liderado por Hugo y Pablo Moyano anunci\u00f3 el acuerdo paritario con los empresarios del autotransporte de cargas por el cual los trabajadores de Camioneros obtuvieron un aumento del 25% en 3 tramos que incluye, adem\u00e1s, una cl\u00e1usula de revisi\u00f3n por inflaci\u00f3n. Asimismo, asegur\u00f3 en conferencia de prensa, las empresas del sector se<\/p>\n<p>comprometieron, en otro tramo del acuerdo, a entregar tambi\u00e9n un bono de fin de a\u00f1o.<\/p>\n<p>\u00abEl aumento hay que pagarlo\u00bb, sentenci\u00f3 Moyano, aunque trascendi\u00f3 que el ministerio de Trabajo podr\u00eda no homologar el acuerdo. Ante ese escenario, el dirigente camionero asegur\u00f3 que \u00abno es necesario, ya que el acuerdo fue establecido\u00bb. Por \u00faltimo, no perdi\u00f3 oportunidad de referirse al gobierno de Macri al indicar que \u00abhablan de paritarias libres pero despu\u00e9s ponen topes a las negociaciones con las empresas\u201d.<\/p>\n","protected":false},"excerpt":{"rendered":"<p>La Federaci\u00f3n Argentina de Entidades Empresarias del Autotransporte de Cargas (FADEEAC) expres\u00f3 en un comunicado su preocupaci\u00f3n ante la crisis que atraviesa el sector del [&hellip;]<\/p>\n","protected":false},"author":1,"featured_media":2024,"comment_status":"open","ping_status":"open","sticky":false,"template":"","format":"standard","meta":{"_monsterinsights_skip_tracking":false,"_monsterinsights_sitenote_active":false,"_monsterinsights_sitenote_note":"","_monsterinsights_sitenote_category":0,"footnotes":""},"categories":[4],"tags":[],"class_list":["post-2023","post","type-post","status-publish","format-standard","has-post-thumbnail","hentry","category-noticias"],"yoast_head":"<!-- This site is optimized with the Yoast SEO plugin v22.3 - https:\/\/yoast.com\/wordpress\/plugins\/seo\/ -->\n<title>FADEEAC pidi\u00f3 que se declare en emergencia al transporte de cargas &#187; CEDOL<\/title>\n<meta name=\"description\" content=\"La Federaci\u00f3n Argentina de Entidades Empresarias del Autotransporte de Cargas (FADEEAC) expres\u00f3 en un comunicado su preocupaci\u00f3n ante la crisis que\" \/>\n<meta name=\"robots\" content=\"index, follow, max-snippet:-1, max-image-preview:large, max-video-preview:-1\" \/>\n<link rel=\"canonical\" href=\"https:\/\/www.cedol.org.ar\/logistica\/fadeeac-pidio-se-declare-emergencia-al-transporte-cargas\/\" \/>\n<meta property=\"og:locale\" content=\"es_ES\" \/>\n<meta property=\"og:type\" content=\"article\" \/>\n<meta property=\"og:title\" content=\"FADEEAC pidi\u00f3 que se declare en emergencia al transporte de cargas &#187; CEDOL\" \/>\n<meta property=\"og:description\" content=\"La Federaci\u00f3n Argentina de Entidades Empresarias del Autotransporte de Cargas (FADEEAC) expres\u00f3 en un comunicado su preocupaci\u00f3n ante la crisis que\" \/>\n<meta property=\"og:url\" content=\"https:\/\/www.cedol.org.ar\/logistica\/fadeeac-pidio-se-declare-emergencia-al-transporte-cargas\/\" \/>\n<meta property=\"og:site_name\" content=\"CEDOL\" \/>\n<meta property=\"article:published_time\" content=\"2018-06-27T19:25:52+00:00\" \/>\n<meta property=\"og:image\" content=\"https:\/\/www.cedol.org.ar\/logistica\/wp-content\/uploads\/2018\/06\/FOTO-2.jpg\" \/>\n\t<meta property=\"og:image:width\" content=\"660\" \/>\n\t<meta property=\"og:image:height\" content=\"460\" \/>\n\t<meta property=\"og:image:type\" content=\"image\/jpeg\" \/>\n<meta name=\"author\" content=\"admin\" \/>\n<meta name=\"twitter:card\" content=\"summary_large_image\" \/>\n<meta name=\"twitter:label1\" content=\"Escrito por\" \/>\n\t<meta name=\"twitter:data1\" content=\"admin\" \/>\n\t<meta name=\"twitter:label2\" content=\"Tiempo de lectura\" \/>\n\t<meta name=\"twitter:data2\" content=\"3 minutos\" \/>\n<script type=\"application\/ld+json\" class=\"yoast-schema-graph\">{\"@context\":\"https:\/\/schema.org\",\"@graph\":[{\"@type\":\"WebPage\",\"@id\":\"https:\/\/www.cedol.org.ar\/logistica\/fadeeac-pidio-se-declare-emergencia-al-transporte-cargas\/\",\"url\":\"https:\/\/www.cedol.org.ar\/logistica\/fadeeac-pidio-se-declare-emergencia-al-transporte-cargas\/\",\"name\":\"FADEEAC pidi\u00f3 que se declare en emergencia al transporte de cargas &#187; CEDOL\",\"isPartOf\":{\"@id\":\"https:\/\/www.cedol.org.ar\/logistica\/#website\"},\"primaryImageOfPage\":{\"@id\":\"https:\/\/www.cedol.org.ar\/logistica\/fadeeac-pidio-se-declare-emergencia-al-transporte-cargas\/#primaryimage\"},\"image\":{\"@id\":\"https:\/\/www.cedol.org.ar\/logistica\/fadeeac-pidio-se-declare-emergencia-al-transporte-cargas\/#primaryimage\"},\"thumbnailUrl\":\"https:\/\/www.cedol.org.ar\/logistica\/wp-content\/uploads\/2018\/06\/FOTO-2.jpg\",\"datePublished\":\"2018-06-27T19:25:52+00:00\",\"dateModified\":\"2018-06-27T19:25:52+00:00\",\"author\":{\"@id\":\"https:\/\/www.cedol.org.ar\/logistica\/#\/schema\/person\/40275bdb20446824fc74d51aabe22e83\"},\"description\":\"La Federaci\u00f3n Argentina de Entidades Empresarias del Autotransporte de Cargas (FADEEAC) expres\u00f3 en un comunicado su preocupaci\u00f3n ante la crisis que\",\"breadcrumb\":{\"@id\":\"https:\/\/www.cedol.org.ar\/logistica\/fadeeac-pidio-se-declare-emergencia-al-transporte-cargas\/#breadcrumb\"},\"inLanguage\":\"es\",\"potentialAction\":[{\"@type\":\"ReadAction\",\"target\":[\"https:\/\/www.cedol.org.ar\/logistica\/fadeeac-pidio-se-declare-emergencia-al-transporte-cargas\/\"]}]},{\"@type\":\"ImageObject\",\"inLanguage\":\"es\",\"@id\":\"https:\/\/www.cedol.org.ar\/logistica\/fadeeac-pidio-se-declare-emergencia-al-transporte-cargas\/#primaryimage\",\"url\":\"https:\/\/www.cedol.org.ar\/logistica\/wp-content\/uploads\/2018\/06\/FOTO-2.jpg\",\"contentUrl\":\"https:\/\/www.cedol.org.ar\/logistica\/wp-content\/uploads\/2018\/06\/FOTO-2.jpg\",\"width\":660,\"height\":460},{\"@type\":\"BreadcrumbList\",\"@id\":\"https:\/\/www.cedol.org.ar\/logistica\/fadeeac-pidio-se-declare-emergencia-al-transporte-cargas\/#breadcrumb\",\"itemListElement\":[{\"@type\":\"ListItem\",\"position\":1,\"name\":\"Home\",\"item\":\"https:\/\/www.cedol.org.ar\/logistica\/\"},{\"@type\":\"ListItem\",\"position\":2,\"name\":\"FADEEAC pidi\u00f3 que se declare en emergencia al transporte de cargas\"}]},{\"@type\":\"WebSite\",\"@id\":\"https:\/\/www.cedol.org.ar\/logistica\/#website\",\"url\":\"https:\/\/www.cedol.org.ar\/logistica\/\",\"name\":\"CEDOL\",\"description\":\"C\u00c1MARA EMPRESARIA DE OPERADORES LOG\u00cdSTICOS\",\"potentialAction\":[{\"@type\":\"SearchAction\",\"target\":{\"@type\":\"EntryPoint\",\"urlTemplate\":\"https:\/\/www.cedol.org.ar\/logistica\/?s={search_term_string}\"},\"query-input\":\"required name=search_term_string\"}],\"inLanguage\":\"es\"},{\"@type\":\"Person\",\"@id\":\"https:\/\/www.cedol.org.ar\/logistica\/#\/schema\/person\/40275bdb20446824fc74d51aabe22e83\",\"name\":\"admin\"}]}<\/script>\n<!-- \/ Yoast SEO plugin. -->","yoast_head_json":{"title":"FADEEAC pidi\u00f3 que se declare en emergencia al transporte de cargas &#187; CEDOL","description":"La Federaci\u00f3n Argentina de Entidades Empresarias del Autotransporte de Cargas (FADEEAC) expres\u00f3 en un comunicado su preocupaci\u00f3n ante la crisis que","robots":{"index":"index","follow":"follow","max-snippet":"max-snippet:-1","max-image-preview":"max-image-preview:large","max-video-preview":"max-video-preview:-1"},"canonical":"https:\/\/www.cedol.org.ar\/logistica\/fadeeac-pidio-se-declare-emergencia-al-transporte-cargas\/","og_locale":"es_ES","og_type":"article","og_title":"FADEEAC pidi\u00f3 que se declare en emergencia al transporte de cargas &#187; CEDOL","og_description":"La Federaci\u00f3n Argentina de Entidades Empresarias del Autotransporte de Cargas (FADEEAC) expres\u00f3 en un comunicado su preocupaci\u00f3n ante la crisis que","og_url":"https:\/\/www.cedol.org.ar\/logistica\/fadeeac-pidio-se-declare-emergencia-al-transporte-cargas\/","og_site_name":"CEDOL","article_published_time":"2018-06-27T19:25:52+00:00","og_image":[{"width":660,"height":460,"url":"https:\/\/www.cedol.org.ar\/logistica\/wp-content\/uploads\/2018\/06\/FOTO-2.jpg","type":"image\/jpeg"}],"author":"admin","twitter_card":"summary_large_image","twitter_misc":{"Escrito por":"admin","Tiempo de lectura":"3 minutos"},"schema":{"@context":"https:\/\/schema.org","@graph":[{"@type":"WebPage","@id":"https:\/\/www.cedol.org.ar\/logistica\/fadeeac-pidio-se-declare-emergencia-al-transporte-cargas\/","url":"https:\/\/www.cedol.org.ar\/logistica\/fadeeac-pidio-se-declare-emergencia-al-transporte-cargas\/","name":"FADEEAC pidi\u00f3 que se declare en emergencia al transporte de cargas &#187; CEDOL","isPartOf":{"@id":"https:\/\/www.cedol.org.ar\/logistica\/#website"},"primaryImageOfPage":{"@id":"https:\/\/www.cedol.org.ar\/logistica\/fadeeac-pidio-se-declare-emergencia-al-transporte-cargas\/#primaryimage"},"image":{"@id":"https:\/\/www.cedol.org.ar\/logistica\/fadeeac-pidio-se-declare-emergencia-al-transporte-cargas\/#primaryimage"},"thumbnailUrl":"https:\/\/www.cedol.org.ar\/logistica\/wp-content\/uploads\/2018\/06\/FOTO-2.jpg","datePublished":"2018-06-27T19:25:52+00:00","dateModified":"2018-06-27T19:25:52+00:00","author":{"@id":"https:\/\/www.cedol.org.ar\/logistica\/#\/schema\/person\/40275bdb20446824fc74d51aabe22e83"},"description":"La Federaci\u00f3n Argentina de Entidades Empresarias del Autotransporte de Cargas (FADEEAC) expres\u00f3 en un comunicado su preocupaci\u00f3n ante la crisis que","breadcrumb":{"@id":"https:\/\/www.cedol.org.ar\/logistica\/fadeeac-pidio-se-declare-emergencia-al-transporte-cargas\/#breadcrumb"},"inLanguage":"es","potentialAction":[{"@type":"ReadAction","target":["https:\/\/www.cedol.org.ar\/logistica\/fadeeac-pidio-se-declare-emergencia-al-transporte-cargas\/"]}]},{"@type":"ImageObject","inLanguage":"es","@id":"https:\/\/www.cedol.org.ar\/logistica\/fadeeac-pidio-se-declare-emergencia-al-transporte-cargas\/#primaryimage","url":"https:\/\/www.cedol.org.ar\/logistica\/wp-content\/uploads\/2018\/06\/FOTO-2.jpg","contentUrl":"https:\/\/www.cedol.org.ar\/logistica\/wp-content\/uploads\/2018\/06\/FOTO-2.jpg","width":660,"height":460},{"@type":"BreadcrumbList","@id":"https:\/\/www.cedol.org.ar\/logistica\/fadeeac-pidio-se-declare-emergencia-al-transporte-cargas\/#breadcrumb","itemListElement":[{"@type":"ListItem","position":1,"name":"Home","item":"https:\/\/www.cedol.org.ar\/logistica\/"},{"@type":"ListItem","position":2,"name":"FADEEAC pidi\u00f3 que se declare en emergencia al transporte de cargas"}]},{"@type":"WebSite","@id":"https:\/\/www.cedol.org.ar\/logistica\/#website","url":"https:\/\/www.cedol.org.ar\/logistica\/","name":"CEDOL","description":"C\u00c1MARA EMPRESARIA DE OPERADORES LOG\u00cdSTICOS","potentialAction":[{"@type":"SearchAction","target":{"@type":"EntryPoint","urlTemplate":"https:\/\/www.cedol.org.ar\/logistica\/?s={search_term_string}"},"query-input":"required name=search_term_string"}],"inLanguage":"es"},{"@type":"Person","@id":"https:\/\/www.cedol.org.ar\/logistica\/#\/schema\/person\/40275bdb20446824fc74d51aabe22e83","name":"admin"}]}},"_links":{"self":[{"href":"https:\/\/www.cedol.org.ar\/logistica\/wp-json\/wp\/v2\/posts\/2023","targetHints":{"allow":["GET"]}}],"collection":[{"href":"https:\/\/www.cedol.org.ar\/logistica\/wp-json\/wp\/v2\/posts"}],"about":[{"href":"https:\/\/www.cedol.org.ar\/logistica\/wp-json\/wp\/v2\/types\/post"}],"author":[{"embeddable":true,"href":"https:\/\/www.cedol.org.ar\/logistica\/wp-json\/wp\/v2\/users\/1"}],"replies":[{"embeddable":true,"href":"https:\/\/www.cedol.org.ar\/logistica\/wp-json\/wp\/v2\/comments?post=2023"}],"version-history":[{"count":1,"href":"https:\/\/www.cedol.org.ar\/logistica\/wp-json\/wp\/v2\/posts\/2023\/revisions"}],"predecessor-version":[{"id":2025,"href":"https:\/\/www.cedol.org.ar\/logistica\/wp-json\/wp\/v2\/posts\/2023\/revisions\/2025"}],"wp:featuredmedia":[{"embeddable":true,"href":"https:\/\/www.cedol.org.ar\/logistica\/wp-json\/wp\/v2\/media\/2024"}],"wp:attachment":[{"href":"https:\/\/www.cedol.org.ar\/logistica\/wp-json\/wp\/v2\/media?parent=2023"}],"wp:term":[{"taxonomy":"category","embeddable":true,"href":"https:\/\/www.cedol.org.ar\/logistica\/wp-json\/wp\/v2\/categories?post=2023"},{"taxonomy":"post_tag","embeddable":true,"href":"https:\/\/www.cedol.org.ar\/logistica\/wp-json\/wp\/v2\/tags?post=2023"}],"curies":[{"name":"wp","href":"https:\/\/api.w.org\/{rel}","templated":true}]}}