{"id":2011,"date":"2018-05-27T23:45:42","date_gmt":"2018-05-27T23:45:42","guid":{"rendered":"http:\/\/www.cedol.org.ar\/logistica\/?p=2011"},"modified":"2018-05-27T23:56:21","modified_gmt":"2018-05-27T23:56:21","slug":"la-contradiccion-del-gobierno-los-costos-logisticos","status":"publish","type":"post","link":"https:\/\/www.cedol.org.ar\/logistica\/la-contradiccion-del-gobierno-los-costos-logisticos\/","title":{"rendered":"La contradicci\u00f3n del gobierno sobre los costos log\u00edsticos"},"content":{"rendered":"<p>En los \u00faltimos 2 a\u00f1os, la log\u00edstica tom\u00f3 un protagonismo inusitado, espec\u00edficamente a partir de los costos log\u00edsticos sobre los que proliferaron incontables especialistas. Desde el presidente Macri hasta panelistas de televisi\u00f3n emitieron sus veredictos sobre una industria que, en la mayor\u00eda de los casos, no podr\u00edan definir. \u201cPocos saben qu\u00e9 es la log\u00edstica. Empresarios o funcionarios dicen costos log\u00edsticos pero err\u00f3neamente se est\u00e1n refiriendo al transporte por cami\u00f3n\u201d, explic\u00f3 Jorge L\u00f3pez, presidente de la C\u00e1mara Empresaria de Operadores Log\u00edsticos (Cedol) y de la Asociaci\u00f3n Latinoam\u00e9rica de Log\u00edstica (Alalog), en el marco del \u00faltimo Encuentro Profesional que organiz\u00f3 la c\u00e1mara en abril.<\/p>\n<p>En ese contexto, L\u00f3pez reflexion\u00f3 sobre la actitud del Gobierno Nacional: \u201ces contradictorio que las mismas autoridades que hablan de reducir costos log\u00edsticos no paren de incrementar o agregar impuestos a una actividad que no supera un d\u00edgito en su rentabilidad. Si no bajan impuestos, combustibles o peajes, que alguien me explique c\u00f3mo se reducen los costos\u201d.<\/p>\n<p>Para el directivo, otra contrariedad se ve en el Pacto Fiscal de 2017, donde se limita el cobro de Ingresos Brutos al transporte, pero no a la log\u00edstica o al correo. Aprovechando ese detalle, 7 provincias ya subieron el impuesto a tasas del 5% para empresas de log\u00edstica, otras 6 incrementaron hasta 8% Ingresos Brutos sobre alquileres de dep\u00f3sitos y casi todas las tasas municipales treparon al 2% de la facturaci\u00f3n. Adem\u00e1s, los peajes aumentaron 227% en 2 a\u00f1os y el combustible, de octubre 2017 a abril 2018, cerca de 43%.<\/p>\n<p>\u201cEl 80% de la tarifa log\u00edstica se va en impuestos, combustibles y mano de obra. No somos formadores de precios y culparnos por aumentos de precios es no conocer la realidad o querer beneficiar y defender vaya uno a saber a qui\u00e9n\u201d, reclam\u00f3 L\u00f3pez.<\/p>\n<p>Por su parte, Hern\u00e1n S\u00e1nchez, en ese momento presidente de la Asociaci\u00f3n Argentina de Log\u00edstica (Arlog), se refiri\u00f3 a otra frase que se volvi\u00f3 viral gracias al desconocimiento imperante: \u201ccuando dicen que es m\u00e1s caro traer un contenedor de Tucum\u00e1n a Buenos Aires que importarlo desde Shanghai es una obviedad, porque mover 1 contenedor 2.000 kil\u00f3metros en cami\u00f3n es mucho m\u00e1s caro que mover 20.000 contenedores en un barco, de un continente a otro. Ac\u00e1 y en Holanda. Lo cierto es que hay un problema estructural y se\u00f1alan a la log\u00edstica para que todos repitan desde la ignorancia, sin profundizar la cuesti\u00f3n\u201d.<\/p>\n<p>Y continu\u00f3: \u201ccuando escucho que nos culpan de los aumentos de precios me da mucha bronca porque no saben del esfuerzo que hacemos para sortear innumerables trabas que impone un pa\u00eds complejo, que no entiende el rol clave de la log\u00edstica como pol\u00edtica de Estado a largo plazo para la competitividad nacional\u201d, se sincer\u00f3 S\u00e1nchez; y a\u00f1adi\u00f3 que \u201cac\u00e1 se hace log\u00edstica muy competitiva pese a los palos en la rueda que encontramos cada d\u00eda\u201d.<\/p>\n<p>Inversiones y pol\u00edticas nacionales<\/p>\n<p>El problema de los costos log\u00edsticos no es exclusivo de Argentina, aunque tenga los m\u00e1s altos de Sudam\u00e9rica. Un estudio de 2017 entre miembros de Alalog indic\u00f3 que posee el costo de operaciones m\u00e1s elevado, 24% encima de Brasil y 70% m\u00e1s caro que Bolivia, el m\u00e1s barato de la regi\u00f3n. Si bien la problem\u00e1tica es global, cada pa\u00eds trabaja para disminuir tiempos y costos; aunque s\u00f3lo dos, Uruguay y Colombia, entendieron que deb\u00edan integrar a la log\u00edstica en su Pol\u00edtica de Estado y crearon planes estrat\u00e9gicos que trascienden gobiernos, con metas realizables y coordinadas con los privados.<\/p>\n<p>Otros, como Argentina, siguen buscando la oportunidad. C\u00e9sar Meirelles, de la Asociaci\u00f3n Brasilera de Operadores Log\u00edsticos, explic\u00f3 que \u201cla log\u00edstica requiere un programa de largo plazo y la acci\u00f3n conjunta de inversiones p\u00fablicas y privadas\u201d. A su vez, Antonio Garc\u00eda, presidente de la Asociaci\u00f3n de M\u00e9xico, reconoci\u00f3 que \u201ca pesar de tener 117 puertos mar\u00edtimos y 27.000 kil\u00f3metros de v\u00edas f\u00e9rreas, tenemos mucho por mejorar porque a\u00fan es ineficiente mover mercader\u00edas\u201d. En Chile, en tanto, la inversi\u00f3n de privados fue muy efectiva, aunque el presidente de la Asociaci\u00f3n Chilena, Neil Taylor, aclar\u00f3 que \u201cla concesi\u00f3n de rutas es bastante cara y preocupa al sector, por lo que trabajamos para bajar costos en los que, como regi\u00f3n, estamos 50% encima de otros bloques\u201d.<\/p>\n<p>Por \u00faltimo, resumi\u00f3 S\u00e1nchez, \u201ctodos culpan de los costos al sector log\u00edstico pero el problema no est\u00e1 asociado a la operaci\u00f3n log\u00edstica sino a deficiencias en infraestructuras y, sobre todo, a cuestiones impositivas y burocr\u00e1ticas\u201d.<\/p>\n<p>(*) El presente art\u00edculo es un extracto de la nota publicada por Carlos Toppazzini en la revista Noticias (Editorial Perfil), en la edici\u00f3n del 27 de abril de 2018.-<\/p>\n","protected":false},"excerpt":{"rendered":"<p>En los \u00faltimos 2 a\u00f1os, la log\u00edstica tom\u00f3 un protagonismo inusitado, espec\u00edficamente a partir de los costos log\u00edsticos sobre los que proliferaron incontables especialistas. Desde [&hellip;]<\/p>\n","protected":false},"author":1,"featured_media":2012,"comment_status":"open","ping_status":"open","sticky":false,"template":"","format":"standard","meta":{"_monsterinsights_skip_tracking":false,"_monsterinsights_sitenote_active":false,"_monsterinsights_sitenote_note":"","_monsterinsights_sitenote_category":0,"footnotes":""},"categories":[4],"tags":[],"class_list":["post-2011","post","type-post","status-publish","format-standard","has-post-thumbnail","hentry","category-noticias"],"yoast_head":"<!-- This site is optimized with the Yoast SEO plugin v22.3 - https:\/\/yoast.com\/wordpress\/plugins\/seo\/ -->\n<title>La contradicci\u00f3n del gobierno sobre los costos log\u00edsticos &#187; CEDOL<\/title>\n<meta name=\"description\" content=\"En los \u00faltimos 2 a\u00f1os, la log\u00edstica tom\u00f3 un protagonismo inusitado, espec\u00edficamente a partir de los costos log\u00edsticos sobre los que proliferaron\" \/>\n<meta name=\"robots\" content=\"index, follow, max-snippet:-1, max-image-preview:large, max-video-preview:-1\" \/>\n<link rel=\"canonical\" href=\"https:\/\/www.cedol.org.ar\/logistica\/la-contradiccion-del-gobierno-los-costos-logisticos\/\" \/>\n<meta property=\"og:locale\" content=\"es_ES\" \/>\n<meta property=\"og:type\" content=\"article\" \/>\n<meta property=\"og:title\" content=\"La contradicci\u00f3n del gobierno sobre los costos log\u00edsticos &#187; CEDOL\" \/>\n<meta property=\"og:description\" content=\"En los \u00faltimos 2 a\u00f1os, la log\u00edstica tom\u00f3 un protagonismo inusitado, espec\u00edficamente a partir de los costos log\u00edsticos sobre los que proliferaron\" \/>\n<meta property=\"og:url\" content=\"https:\/\/www.cedol.org.ar\/logistica\/la-contradiccion-del-gobierno-los-costos-logisticos\/\" \/>\n<meta property=\"og:site_name\" content=\"CEDOL\" \/>\n<meta property=\"article:published_time\" content=\"2018-05-27T23:45:42+00:00\" \/>\n<meta property=\"article:modified_time\" content=\"2018-05-27T23:56:21+00:00\" \/>\n<meta property=\"og:image\" content=\"https:\/\/www.cedol.org.ar\/logistica\/wp-content\/uploads\/2018\/05\/FOTO-1-1.jpg\" \/>\n\t<meta property=\"og:image:width\" content=\"3921\" \/>\n\t<meta property=\"og:image:height\" content=\"2273\" \/>\n\t<meta property=\"og:image:type\" content=\"image\/jpeg\" \/>\n<meta name=\"author\" content=\"admin\" \/>\n<meta name=\"twitter:card\" content=\"summary_large_image\" \/>\n<meta name=\"twitter:label1\" content=\"Escrito por\" \/>\n\t<meta name=\"twitter:data1\" content=\"admin\" \/>\n\t<meta name=\"twitter:label2\" content=\"Tiempo de lectura\" \/>\n\t<meta name=\"twitter:data2\" content=\"4 minutos\" \/>\n<script type=\"application\/ld+json\" class=\"yoast-schema-graph\">{\"@context\":\"https:\/\/schema.org\",\"@graph\":[{\"@type\":\"WebPage\",\"@id\":\"https:\/\/www.cedol.org.ar\/logistica\/la-contradiccion-del-gobierno-los-costos-logisticos\/\",\"url\":\"https:\/\/www.cedol.org.ar\/logistica\/la-contradiccion-del-gobierno-los-costos-logisticos\/\",\"name\":\"La contradicci\u00f3n del gobierno sobre los costos log\u00edsticos &#187; CEDOL\",\"isPartOf\":{\"@id\":\"https:\/\/www.cedol.org.ar\/logistica\/#website\"},\"primaryImageOfPage\":{\"@id\":\"https:\/\/www.cedol.org.ar\/logistica\/la-contradiccion-del-gobierno-los-costos-logisticos\/#primaryimage\"},\"image\":{\"@id\":\"https:\/\/www.cedol.org.ar\/logistica\/la-contradiccion-del-gobierno-los-costos-logisticos\/#primaryimage\"},\"thumbnailUrl\":\"https:\/\/www.cedol.org.ar\/logistica\/wp-content\/uploads\/2018\/05\/FOTO-1-1.jpg\",\"datePublished\":\"2018-05-27T23:45:42+00:00\",\"dateModified\":\"2018-05-27T23:56:21+00:00\",\"author\":{\"@id\":\"https:\/\/www.cedol.org.ar\/logistica\/#\/schema\/person\/40275bdb20446824fc74d51aabe22e83\"},\"description\":\"En los \u00faltimos 2 a\u00f1os, la log\u00edstica tom\u00f3 un protagonismo inusitado, espec\u00edficamente a partir de los costos log\u00edsticos sobre los que proliferaron\",\"breadcrumb\":{\"@id\":\"https:\/\/www.cedol.org.ar\/logistica\/la-contradiccion-del-gobierno-los-costos-logisticos\/#breadcrumb\"},\"inLanguage\":\"es\",\"potentialAction\":[{\"@type\":\"ReadAction\",\"target\":[\"https:\/\/www.cedol.org.ar\/logistica\/la-contradiccion-del-gobierno-los-costos-logisticos\/\"]}]},{\"@type\":\"ImageObject\",\"inLanguage\":\"es\",\"@id\":\"https:\/\/www.cedol.org.ar\/logistica\/la-contradiccion-del-gobierno-los-costos-logisticos\/#primaryimage\",\"url\":\"https:\/\/www.cedol.org.ar\/logistica\/wp-content\/uploads\/2018\/05\/FOTO-1-1.jpg\",\"contentUrl\":\"https:\/\/www.cedol.org.ar\/logistica\/wp-content\/uploads\/2018\/05\/FOTO-1-1.jpg\",\"width\":3921,\"height\":2273},{\"@type\":\"BreadcrumbList\",\"@id\":\"https:\/\/www.cedol.org.ar\/logistica\/la-contradiccion-del-gobierno-los-costos-logisticos\/#breadcrumb\",\"itemListElement\":[{\"@type\":\"ListItem\",\"position\":1,\"name\":\"Home\",\"item\":\"https:\/\/www.cedol.org.ar\/logistica\/\"},{\"@type\":\"ListItem\",\"position\":2,\"name\":\"La contradicci\u00f3n del gobierno sobre los costos log\u00edsticos\"}]},{\"@type\":\"WebSite\",\"@id\":\"https:\/\/www.cedol.org.ar\/logistica\/#website\",\"url\":\"https:\/\/www.cedol.org.ar\/logistica\/\",\"name\":\"CEDOL\",\"description\":\"C\u00c1MARA EMPRESARIA DE OPERADORES LOG\u00cdSTICOS\",\"potentialAction\":[{\"@type\":\"SearchAction\",\"target\":{\"@type\":\"EntryPoint\",\"urlTemplate\":\"https:\/\/www.cedol.org.ar\/logistica\/?s={search_term_string}\"},\"query-input\":\"required name=search_term_string\"}],\"inLanguage\":\"es\"},{\"@type\":\"Person\",\"@id\":\"https:\/\/www.cedol.org.ar\/logistica\/#\/schema\/person\/40275bdb20446824fc74d51aabe22e83\",\"name\":\"admin\"}]}<\/script>\n<!-- \/ Yoast SEO plugin. -->","yoast_head_json":{"title":"La contradicci\u00f3n del gobierno sobre los costos log\u00edsticos &#187; CEDOL","description":"En los \u00faltimos 2 a\u00f1os, la log\u00edstica tom\u00f3 un protagonismo inusitado, espec\u00edficamente a partir de los costos log\u00edsticos sobre los que proliferaron","robots":{"index":"index","follow":"follow","max-snippet":"max-snippet:-1","max-image-preview":"max-image-preview:large","max-video-preview":"max-video-preview:-1"},"canonical":"https:\/\/www.cedol.org.ar\/logistica\/la-contradiccion-del-gobierno-los-costos-logisticos\/","og_locale":"es_ES","og_type":"article","og_title":"La contradicci\u00f3n del gobierno sobre los costos log\u00edsticos &#187; CEDOL","og_description":"En los \u00faltimos 2 a\u00f1os, la log\u00edstica tom\u00f3 un protagonismo inusitado, espec\u00edficamente a partir de los costos log\u00edsticos sobre los que proliferaron","og_url":"https:\/\/www.cedol.org.ar\/logistica\/la-contradiccion-del-gobierno-los-costos-logisticos\/","og_site_name":"CEDOL","article_published_time":"2018-05-27T23:45:42+00:00","article_modified_time":"2018-05-27T23:56:21+00:00","og_image":[{"width":3921,"height":2273,"url":"https:\/\/www.cedol.org.ar\/logistica\/wp-content\/uploads\/2018\/05\/FOTO-1-1.jpg","type":"image\/jpeg"}],"author":"admin","twitter_card":"summary_large_image","twitter_misc":{"Escrito por":"admin","Tiempo de lectura":"4 minutos"},"schema":{"@context":"https:\/\/schema.org","@graph":[{"@type":"WebPage","@id":"https:\/\/www.cedol.org.ar\/logistica\/la-contradiccion-del-gobierno-los-costos-logisticos\/","url":"https:\/\/www.cedol.org.ar\/logistica\/la-contradiccion-del-gobierno-los-costos-logisticos\/","name":"La contradicci\u00f3n del gobierno sobre los costos log\u00edsticos &#187; CEDOL","isPartOf":{"@id":"https:\/\/www.cedol.org.ar\/logistica\/#website"},"primaryImageOfPage":{"@id":"https:\/\/www.cedol.org.ar\/logistica\/la-contradiccion-del-gobierno-los-costos-logisticos\/#primaryimage"},"image":{"@id":"https:\/\/www.cedol.org.ar\/logistica\/la-contradiccion-del-gobierno-los-costos-logisticos\/#primaryimage"},"thumbnailUrl":"https:\/\/www.cedol.org.ar\/logistica\/wp-content\/uploads\/2018\/05\/FOTO-1-1.jpg","datePublished":"2018-05-27T23:45:42+00:00","dateModified":"2018-05-27T23:56:21+00:00","author":{"@id":"https:\/\/www.cedol.org.ar\/logistica\/#\/schema\/person\/40275bdb20446824fc74d51aabe22e83"},"description":"En los \u00faltimos 2 a\u00f1os, la log\u00edstica tom\u00f3 un protagonismo inusitado, espec\u00edficamente a partir de los costos log\u00edsticos sobre los que proliferaron","breadcrumb":{"@id":"https:\/\/www.cedol.org.ar\/logistica\/la-contradiccion-del-gobierno-los-costos-logisticos\/#breadcrumb"},"inLanguage":"es","potentialAction":[{"@type":"ReadAction","target":["https:\/\/www.cedol.org.ar\/logistica\/la-contradiccion-del-gobierno-los-costos-logisticos\/"]}]},{"@type":"ImageObject","inLanguage":"es","@id":"https:\/\/www.cedol.org.ar\/logistica\/la-contradiccion-del-gobierno-los-costos-logisticos\/#primaryimage","url":"https:\/\/www.cedol.org.ar\/logistica\/wp-content\/uploads\/2018\/05\/FOTO-1-1.jpg","contentUrl":"https:\/\/www.cedol.org.ar\/logistica\/wp-content\/uploads\/2018\/05\/FOTO-1-1.jpg","width":3921,"height":2273},{"@type":"BreadcrumbList","@id":"https:\/\/www.cedol.org.ar\/logistica\/la-contradiccion-del-gobierno-los-costos-logisticos\/#breadcrumb","itemListElement":[{"@type":"ListItem","position":1,"name":"Home","item":"https:\/\/www.cedol.org.ar\/logistica\/"},{"@type":"ListItem","position":2,"name":"La contradicci\u00f3n del gobierno sobre los costos log\u00edsticos"}]},{"@type":"WebSite","@id":"https:\/\/www.cedol.org.ar\/logistica\/#website","url":"https:\/\/www.cedol.org.ar\/logistica\/","name":"CEDOL","description":"C\u00c1MARA EMPRESARIA DE OPERADORES LOG\u00cdSTICOS","potentialAction":[{"@type":"SearchAction","target":{"@type":"EntryPoint","urlTemplate":"https:\/\/www.cedol.org.ar\/logistica\/?s={search_term_string}"},"query-input":"required name=search_term_string"}],"inLanguage":"es"},{"@type":"Person","@id":"https:\/\/www.cedol.org.ar\/logistica\/#\/schema\/person\/40275bdb20446824fc74d51aabe22e83","name":"admin"}]}},"_links":{"self":[{"href":"https:\/\/www.cedol.org.ar\/logistica\/wp-json\/wp\/v2\/posts\/2011","targetHints":{"allow":["GET"]}}],"collection":[{"href":"https:\/\/www.cedol.org.ar\/logistica\/wp-json\/wp\/v2\/posts"}],"about":[{"href":"https:\/\/www.cedol.org.ar\/logistica\/wp-json\/wp\/v2\/types\/post"}],"author":[{"embeddable":true,"href":"https:\/\/www.cedol.org.ar\/logistica\/wp-json\/wp\/v2\/users\/1"}],"replies":[{"embeddable":true,"href":"https:\/\/www.cedol.org.ar\/logistica\/wp-json\/wp\/v2\/comments?post=2011"}],"version-history":[{"count":1,"href":"https:\/\/www.cedol.org.ar\/logistica\/wp-json\/wp\/v2\/posts\/2011\/revisions"}],"predecessor-version":[{"id":2013,"href":"https:\/\/www.cedol.org.ar\/logistica\/wp-json\/wp\/v2\/posts\/2011\/revisions\/2013"}],"wp:featuredmedia":[{"embeddable":true,"href":"https:\/\/www.cedol.org.ar\/logistica\/wp-json\/wp\/v2\/media\/2012"}],"wp:attachment":[{"href":"https:\/\/www.cedol.org.ar\/logistica\/wp-json\/wp\/v2\/media?parent=2011"}],"wp:term":[{"taxonomy":"category","embeddable":true,"href":"https:\/\/www.cedol.org.ar\/logistica\/wp-json\/wp\/v2\/categories?post=2011"},{"taxonomy":"post_tag","embeddable":true,"href":"https:\/\/www.cedol.org.ar\/logistica\/wp-json\/wp\/v2\/tags?post=2011"}],"curies":[{"name":"wp","href":"https:\/\/api.w.org\/{rel}","templated":true}]}}