{"id":2008,"date":"2018-05-27T23:44:51","date_gmt":"2018-05-27T23:44:51","guid":{"rendered":"http:\/\/www.cedol.org.ar\/logistica\/?p=2008"},"modified":"2018-05-27T23:44:51","modified_gmt":"2018-05-27T23:44:51","slug":"perfil-profesional-del-futuro-logistica","status":"publish","type":"post","link":"https:\/\/www.cedol.org.ar\/logistica\/perfil-profesional-del-futuro-logistica\/","title":{"rendered":"\u00bfCu\u00e1l es el perfil profesional del futuro en log\u00edstica?"},"content":{"rendered":"<p>En estos \u00faltimos a\u00f1os, el mundo empresarial dedicado a la log\u00edstica ha demandado perfiles que tengan un rol distinto al buscado hasta ahora. Este nuevo profesional tiene que aunar la destreza en ventas en el extranjero y conocer a la perfecci\u00f3n todo el proceso log\u00edstico y lo que lo rodea.<\/p>\n<p>La globalizaci\u00f3n nos permite estar conectados en todo momento, tenemos acceso a todo tipo de informaci\u00f3n las 24 horas desde cualquier punto del globo, y gracias al e-commerce podemos adquirir distintos productos producidos a miles de kil\u00f3metros de nuestro continente con tan solo un clic. Para el sector de la log\u00edstica, esta competitividad global demanda una necesidad de expansi\u00f3n de mercados en busca de nuevas oportunidades.<\/p>\n<p>Por eso, las empresas log\u00edsticas buscan perfiles de trabajadores con una serie de habilidades que les permitan trabajar sin limitaci\u00f3n de idiomas, conocimientos e imaginaci\u00f3n para innovar y buscar nuevos mercados en los que expandirse.<\/p>\n<p>La creciente actividad del sector, la necesidad de mejorar la eficiencia y competitividad, el auge del e-commerce, la automatizaci\u00f3n de las cadenas de suministro y la revoluci\u00f3n del Big Data, entre otros factores, est\u00e1n cambiando el trabajo en el sector log\u00edstico. Los profesionales deben incorporar habilidades y conocimientos enfocados a las people skills y liderazgo.<\/p>\n<p>Seg\u00fan un estudio realizado por IMF Business School sobre tendencias de empleo y gesti\u00f3n de talento en el sector de la log\u00edstica, 27% de las empresas manifiesta que la necesidad de nuevas habilidades es un motivo fundamental para llevar a cabo nuevas contrataciones; es decir que la transformaci\u00f3n de los trabajos genera nuevos requisitos que no pueden cubrirse con las plantillas actuales.<\/p>\n<p>B\u00e1sicamente, se pueden establecer 5 puntos b\u00e1sicos que todo profesional de la log\u00edstica debe tener o desarrollar:<\/p>\n<p>-Llevar a cabo y gestionar distintos procesos de internacionalizaci\u00f3n de la empresa.<\/p>\n<p>-Ser h\u00e1bil para entender y trabajar con nuevos modelos de negocios, especialmente el e-commerce.<\/p>\n<p>-Establecer estrategias para mejorar la comercializaci\u00f3n de los productos en pa\u00edses extranjeros.<\/p>\n<p>-Introducir y realizar pr\u00e1cticas adecuadas en gesti\u00f3n a trav\u00e9s del supply chain management.<\/p>\n<p>-Hablar varios idiomas.<\/p>\n<p>Por supuesto, tambi\u00e9n cabe destacar la importancia del conocimiento tecnol\u00f3gico en el futuro profesional del sector, ya que en diversos relevamientos aparecen puestos puramente de innovaci\u00f3n y tecnolog\u00edas entre los que las empresas han solicitado durante el \u00faltimo a\u00f1o, como el responsable de proyectos inform\u00e1ticos IT para log\u00edstica. Adem\u00e1s, la innovaci\u00f3n y la creatividad han sido aptitudes muy buscadas, sobre todo para dar soluciones sostenibles e innovadoras a la Supply Chain.<\/p>\n<p>Ventajas competitivas de los nuevos perfiles<\/p>\n<p>En general, los nuevos perfiles han de poseer a partes iguales las aptitudes y competencias relacionadas con el conocimiento del sector; y las actitudes y capacidades para aprender nuevas t\u00e9cnicas para aplicarlas con la mayor efectividad posible. En este sentido, experiencia en comercio exterior, habilidades sociales y pasi\u00f3n por la log\u00edstica puede ser la f\u00f3rmula ganadora que haga destacar a una empresa por encima de otra. Por eso, es importante adaptarse a los cambios que se est\u00e1n viviendo en el sector de forma \u00e1gil y categ\u00f3rica.<\/p>\n<p>La competitividad nacional e internacional requiere un buen posicionamiento de imagen de marca en general y a nivel e-commerce, en particular, para asegurar la mayor visibilidad de cara a los posibles clientes. Adem\u00e1s, la direcci\u00f3n de todos los procesos log\u00edsticos necesita de un control exhaustivo y del mantenimiento de las relaciones con los proveedores, unas soft skills que pueden hacer marcar la diferencia entre empresas.<\/p>\n<p>\u00bfQu\u00e9 pasa en las Pymes?<\/p>\n<p>Seg\u00fan el estudio de PwC bajo el nombre Transporte y log\u00edstica 2030: c\u00f3mo ganar la carrera del talento, en el plano de la contrataci\u00f3n de personal, las empresas m\u00e1s peque\u00f1as se encuentran en desventaja porque la contrataci\u00f3n de personal cualificado parece ser a\u00fan m\u00e1s complicada.<\/p>\n<p>Como bien se refleja, el debate del sector se plantea una f\u00f3rmula alternativa para que las empresas de menor tama\u00f1o puedan cerrar la brecha existente: las<\/p>\n<p>alianzas estrat\u00e9gicas entre sectores para mejorar las condiciones laborales y la imagen de marca de las peque\u00f1as y medianas empresas.<\/p>\n<p>Sobre la importancia del cuidado de la marca empleadora, es relevante recordar el dato que PwC public\u00f3 en otro estudio bajo el nombre Millenials at work, en el que el 7% de los encuestados no quer\u00eda trabajar en el sector de transporte y log\u00edstica \u00fanicamente por motivo de su imagen.<\/p>\n<p>A modo de conclusi\u00f3n, la demanda de nuevos perfiles requiere unas capacidades espec\u00edficas para encarar el futuro de log\u00edstica, sin embargo, para atraer este talento es necesario que la imagen de marca refleje el acercamiento a las nuevas generaciones, la internacionalizaci\u00f3n del sector y la humanizaci\u00f3n de los procesos.<\/p>\n<p>Fuente: Randstad Espa\u00f1a \/ https:\/\/www.randstad.es\/tendencias360<\/p>\n","protected":false},"excerpt":{"rendered":"<p>En estos \u00faltimos a\u00f1os, el mundo empresarial dedicado a la log\u00edstica ha demandado perfiles que tengan un rol distinto al buscado hasta ahora. Este nuevo [&hellip;]<\/p>\n","protected":false},"author":1,"featured_media":2009,"comment_status":"open","ping_status":"open","sticky":false,"template":"","format":"standard","meta":{"_monsterinsights_skip_tracking":false,"_monsterinsights_sitenote_active":false,"_monsterinsights_sitenote_note":"","_monsterinsights_sitenote_category":0,"footnotes":""},"categories":[4],"tags":[],"class_list":["post-2008","post","type-post","status-publish","format-standard","has-post-thumbnail","hentry","category-noticias"],"yoast_head":"<!-- This site is optimized with the Yoast SEO plugin v22.3 - https:\/\/yoast.com\/wordpress\/plugins\/seo\/ -->\n<title>\u00bfCu\u00e1l es el perfil profesional del futuro en log\u00edstica? &#187; CEDOL<\/title>\n<meta name=\"description\" content=\"En estos \u00faltimos a\u00f1os, el mundo empresarial dedicado a la log\u00edstica ha demandado perfiles que tengan un rol distinto al buscado hasta ahora. Este nuevo\" \/>\n<meta name=\"robots\" content=\"index, follow, max-snippet:-1, max-image-preview:large, max-video-preview:-1\" \/>\n<link rel=\"canonical\" href=\"https:\/\/www.cedol.org.ar\/logistica\/perfil-profesional-del-futuro-logistica\/\" \/>\n<meta property=\"og:locale\" content=\"es_ES\" \/>\n<meta property=\"og:type\" content=\"article\" \/>\n<meta property=\"og:title\" content=\"\u00bfCu\u00e1l es el perfil profesional del futuro en log\u00edstica? &#187; CEDOL\" \/>\n<meta property=\"og:description\" content=\"En estos \u00faltimos a\u00f1os, el mundo empresarial dedicado a la log\u00edstica ha demandado perfiles que tengan un rol distinto al buscado hasta ahora. Este nuevo\" \/>\n<meta property=\"og:url\" content=\"https:\/\/www.cedol.org.ar\/logistica\/perfil-profesional-del-futuro-logistica\/\" \/>\n<meta property=\"og:site_name\" content=\"CEDOL\" \/>\n<meta property=\"article:published_time\" content=\"2018-05-27T23:44:51+00:00\" \/>\n<meta property=\"og:image\" content=\"https:\/\/www.cedol.org.ar\/logistica\/wp-content\/uploads\/2018\/05\/FOTO-2-1.jpg\" \/>\n\t<meta property=\"og:image:width\" content=\"4596\" \/>\n\t<meta property=\"og:image:height\" content=\"3180\" \/>\n\t<meta property=\"og:image:type\" content=\"image\/jpeg\" \/>\n<meta name=\"author\" content=\"admin\" \/>\n<meta name=\"twitter:card\" content=\"summary_large_image\" \/>\n<meta name=\"twitter:label1\" content=\"Escrito por\" \/>\n\t<meta name=\"twitter:data1\" content=\"admin\" \/>\n\t<meta name=\"twitter:label2\" content=\"Tiempo de lectura\" \/>\n\t<meta name=\"twitter:data2\" content=\"4 minutos\" \/>\n<script type=\"application\/ld+json\" class=\"yoast-schema-graph\">{\"@context\":\"https:\/\/schema.org\",\"@graph\":[{\"@type\":\"WebPage\",\"@id\":\"https:\/\/www.cedol.org.ar\/logistica\/perfil-profesional-del-futuro-logistica\/\",\"url\":\"https:\/\/www.cedol.org.ar\/logistica\/perfil-profesional-del-futuro-logistica\/\",\"name\":\"\u00bfCu\u00e1l es el perfil profesional del futuro en log\u00edstica? &#187; CEDOL\",\"isPartOf\":{\"@id\":\"https:\/\/www.cedol.org.ar\/logistica\/#website\"},\"primaryImageOfPage\":{\"@id\":\"https:\/\/www.cedol.org.ar\/logistica\/perfil-profesional-del-futuro-logistica\/#primaryimage\"},\"image\":{\"@id\":\"https:\/\/www.cedol.org.ar\/logistica\/perfil-profesional-del-futuro-logistica\/#primaryimage\"},\"thumbnailUrl\":\"https:\/\/www.cedol.org.ar\/logistica\/wp-content\/uploads\/2018\/05\/FOTO-2-1.jpg\",\"datePublished\":\"2018-05-27T23:44:51+00:00\",\"dateModified\":\"2018-05-27T23:44:51+00:00\",\"author\":{\"@id\":\"https:\/\/www.cedol.org.ar\/logistica\/#\/schema\/person\/40275bdb20446824fc74d51aabe22e83\"},\"description\":\"En estos \u00faltimos a\u00f1os, el mundo empresarial dedicado a la log\u00edstica ha demandado perfiles que tengan un rol distinto al buscado hasta ahora. Este nuevo\",\"breadcrumb\":{\"@id\":\"https:\/\/www.cedol.org.ar\/logistica\/perfil-profesional-del-futuro-logistica\/#breadcrumb\"},\"inLanguage\":\"es\",\"potentialAction\":[{\"@type\":\"ReadAction\",\"target\":[\"https:\/\/www.cedol.org.ar\/logistica\/perfil-profesional-del-futuro-logistica\/\"]}]},{\"@type\":\"ImageObject\",\"inLanguage\":\"es\",\"@id\":\"https:\/\/www.cedol.org.ar\/logistica\/perfil-profesional-del-futuro-logistica\/#primaryimage\",\"url\":\"https:\/\/www.cedol.org.ar\/logistica\/wp-content\/uploads\/2018\/05\/FOTO-2-1.jpg\",\"contentUrl\":\"https:\/\/www.cedol.org.ar\/logistica\/wp-content\/uploads\/2018\/05\/FOTO-2-1.jpg\",\"width\":4596,\"height\":3180},{\"@type\":\"BreadcrumbList\",\"@id\":\"https:\/\/www.cedol.org.ar\/logistica\/perfil-profesional-del-futuro-logistica\/#breadcrumb\",\"itemListElement\":[{\"@type\":\"ListItem\",\"position\":1,\"name\":\"Home\",\"item\":\"https:\/\/www.cedol.org.ar\/logistica\/\"},{\"@type\":\"ListItem\",\"position\":2,\"name\":\"\u00bfCu\u00e1l es el perfil profesional del futuro en log\u00edstica?\"}]},{\"@type\":\"WebSite\",\"@id\":\"https:\/\/www.cedol.org.ar\/logistica\/#website\",\"url\":\"https:\/\/www.cedol.org.ar\/logistica\/\",\"name\":\"CEDOL\",\"description\":\"C\u00c1MARA EMPRESARIA DE OPERADORES LOG\u00cdSTICOS\",\"potentialAction\":[{\"@type\":\"SearchAction\",\"target\":{\"@type\":\"EntryPoint\",\"urlTemplate\":\"https:\/\/www.cedol.org.ar\/logistica\/?s={search_term_string}\"},\"query-input\":\"required name=search_term_string\"}],\"inLanguage\":\"es\"},{\"@type\":\"Person\",\"@id\":\"https:\/\/www.cedol.org.ar\/logistica\/#\/schema\/person\/40275bdb20446824fc74d51aabe22e83\",\"name\":\"admin\"}]}<\/script>\n<!-- \/ Yoast SEO plugin. -->","yoast_head_json":{"title":"\u00bfCu\u00e1l es el perfil profesional del futuro en log\u00edstica? &#187; CEDOL","description":"En estos \u00faltimos a\u00f1os, el mundo empresarial dedicado a la log\u00edstica ha demandado perfiles que tengan un rol distinto al buscado hasta ahora. Este nuevo","robots":{"index":"index","follow":"follow","max-snippet":"max-snippet:-1","max-image-preview":"max-image-preview:large","max-video-preview":"max-video-preview:-1"},"canonical":"https:\/\/www.cedol.org.ar\/logistica\/perfil-profesional-del-futuro-logistica\/","og_locale":"es_ES","og_type":"article","og_title":"\u00bfCu\u00e1l es el perfil profesional del futuro en log\u00edstica? &#187; CEDOL","og_description":"En estos \u00faltimos a\u00f1os, el mundo empresarial dedicado a la log\u00edstica ha demandado perfiles que tengan un rol distinto al buscado hasta ahora. Este nuevo","og_url":"https:\/\/www.cedol.org.ar\/logistica\/perfil-profesional-del-futuro-logistica\/","og_site_name":"CEDOL","article_published_time":"2018-05-27T23:44:51+00:00","og_image":[{"width":4596,"height":3180,"url":"https:\/\/www.cedol.org.ar\/logistica\/wp-content\/uploads\/2018\/05\/FOTO-2-1.jpg","type":"image\/jpeg"}],"author":"admin","twitter_card":"summary_large_image","twitter_misc":{"Escrito por":"admin","Tiempo de lectura":"4 minutos"},"schema":{"@context":"https:\/\/schema.org","@graph":[{"@type":"WebPage","@id":"https:\/\/www.cedol.org.ar\/logistica\/perfil-profesional-del-futuro-logistica\/","url":"https:\/\/www.cedol.org.ar\/logistica\/perfil-profesional-del-futuro-logistica\/","name":"\u00bfCu\u00e1l es el perfil profesional del futuro en log\u00edstica? &#187; CEDOL","isPartOf":{"@id":"https:\/\/www.cedol.org.ar\/logistica\/#website"},"primaryImageOfPage":{"@id":"https:\/\/www.cedol.org.ar\/logistica\/perfil-profesional-del-futuro-logistica\/#primaryimage"},"image":{"@id":"https:\/\/www.cedol.org.ar\/logistica\/perfil-profesional-del-futuro-logistica\/#primaryimage"},"thumbnailUrl":"https:\/\/www.cedol.org.ar\/logistica\/wp-content\/uploads\/2018\/05\/FOTO-2-1.jpg","datePublished":"2018-05-27T23:44:51+00:00","dateModified":"2018-05-27T23:44:51+00:00","author":{"@id":"https:\/\/www.cedol.org.ar\/logistica\/#\/schema\/person\/40275bdb20446824fc74d51aabe22e83"},"description":"En estos \u00faltimos a\u00f1os, el mundo empresarial dedicado a la log\u00edstica ha demandado perfiles que tengan un rol distinto al buscado hasta ahora. Este nuevo","breadcrumb":{"@id":"https:\/\/www.cedol.org.ar\/logistica\/perfil-profesional-del-futuro-logistica\/#breadcrumb"},"inLanguage":"es","potentialAction":[{"@type":"ReadAction","target":["https:\/\/www.cedol.org.ar\/logistica\/perfil-profesional-del-futuro-logistica\/"]}]},{"@type":"ImageObject","inLanguage":"es","@id":"https:\/\/www.cedol.org.ar\/logistica\/perfil-profesional-del-futuro-logistica\/#primaryimage","url":"https:\/\/www.cedol.org.ar\/logistica\/wp-content\/uploads\/2018\/05\/FOTO-2-1.jpg","contentUrl":"https:\/\/www.cedol.org.ar\/logistica\/wp-content\/uploads\/2018\/05\/FOTO-2-1.jpg","width":4596,"height":3180},{"@type":"BreadcrumbList","@id":"https:\/\/www.cedol.org.ar\/logistica\/perfil-profesional-del-futuro-logistica\/#breadcrumb","itemListElement":[{"@type":"ListItem","position":1,"name":"Home","item":"https:\/\/www.cedol.org.ar\/logistica\/"},{"@type":"ListItem","position":2,"name":"\u00bfCu\u00e1l es el perfil profesional del futuro en log\u00edstica?"}]},{"@type":"WebSite","@id":"https:\/\/www.cedol.org.ar\/logistica\/#website","url":"https:\/\/www.cedol.org.ar\/logistica\/","name":"CEDOL","description":"C\u00c1MARA EMPRESARIA DE OPERADORES LOG\u00cdSTICOS","potentialAction":[{"@type":"SearchAction","target":{"@type":"EntryPoint","urlTemplate":"https:\/\/www.cedol.org.ar\/logistica\/?s={search_term_string}"},"query-input":"required name=search_term_string"}],"inLanguage":"es"},{"@type":"Person","@id":"https:\/\/www.cedol.org.ar\/logistica\/#\/schema\/person\/40275bdb20446824fc74d51aabe22e83","name":"admin"}]}},"_links":{"self":[{"href":"https:\/\/www.cedol.org.ar\/logistica\/wp-json\/wp\/v2\/posts\/2008","targetHints":{"allow":["GET"]}}],"collection":[{"href":"https:\/\/www.cedol.org.ar\/logistica\/wp-json\/wp\/v2\/posts"}],"about":[{"href":"https:\/\/www.cedol.org.ar\/logistica\/wp-json\/wp\/v2\/types\/post"}],"author":[{"embeddable":true,"href":"https:\/\/www.cedol.org.ar\/logistica\/wp-json\/wp\/v2\/users\/1"}],"replies":[{"embeddable":true,"href":"https:\/\/www.cedol.org.ar\/logistica\/wp-json\/wp\/v2\/comments?post=2008"}],"version-history":[{"count":1,"href":"https:\/\/www.cedol.org.ar\/logistica\/wp-json\/wp\/v2\/posts\/2008\/revisions"}],"predecessor-version":[{"id":2010,"href":"https:\/\/www.cedol.org.ar\/logistica\/wp-json\/wp\/v2\/posts\/2008\/revisions\/2010"}],"wp:featuredmedia":[{"embeddable":true,"href":"https:\/\/www.cedol.org.ar\/logistica\/wp-json\/wp\/v2\/media\/2009"}],"wp:attachment":[{"href":"https:\/\/www.cedol.org.ar\/logistica\/wp-json\/wp\/v2\/media?parent=2008"}],"wp:term":[{"taxonomy":"category","embeddable":true,"href":"https:\/\/www.cedol.org.ar\/logistica\/wp-json\/wp\/v2\/categories?post=2008"},{"taxonomy":"post_tag","embeddable":true,"href":"https:\/\/www.cedol.org.ar\/logistica\/wp-json\/wp\/v2\/tags?post=2008"}],"curies":[{"name":"wp","href":"https:\/\/api.w.org\/{rel}","templated":true}]}}