{"id":2001,"date":"2018-05-27T23:34:34","date_gmt":"2018-05-27T23:34:34","guid":{"rendered":"http:\/\/www.cedol.org.ar\/logistica\/?p=2001"},"modified":"2018-05-27T23:34:34","modified_gmt":"2018-05-27T23:34:34","slug":"nueva-comision-directiva-arlog","status":"publish","type":"post","link":"https:\/\/www.cedol.org.ar\/logistica\/nueva-comision-directiva-arlog\/","title":{"rendered":"Nueva comisi\u00f3n directiva en Arlog"},"content":{"rendered":"<p>Desde el 1\u00ba de mayo la Asociaci\u00f3n Argentina de Log\u00edstica Empresaria (Arlog), cuenta con una nueva Comisi\u00f3n Directiva que se desempe\u00f1ar\u00e1 durante el per\u00edodo 2018\/2020. De esta manera, Ra\u00fal Garreta, director de Tecnolog\u00edstica Consultores, inicia su primer per\u00edodo como presidente de la entidad; en tanto que el resto de la Comisi\u00f3n qued\u00f3 conformada por los siguientes profesionales: Vicepresidente 1\u00ba: Fabi\u00e1n Yannone (Andreani Log\u00edstica); Vicepresidente 2\u00ba: Diego Passeron (La An\u00f3nima); Secretario: Rodrigo Quir\u00f3s (Cencosud); Tesorero: Javier Rojo (Tabacal); Pro-Tesorero: Luciano Guacci (Dow Qu\u00edmica).<\/p>\n<p>Vocales titulares: Vocal 1\u00ba: Pablo Massuh (La An\u00f3nima); Vocal 2\u00ba: Sergio Pelliza (Estrada); Vocal 3\u00ba: N\u00e9stor Membrive (Distribuidora Metropolitana); Vocal 4\u00ba: Gustavo Figuerola (Terminal R\u00edo de le Plata); Vocal 5\u00ba: Gabriel Garc\u00eda Polignano (Celsur).<\/p>\n<p>Vocales suplentes: Vocal suplente 1\u00ba: Casimiro Polledo (Schoss); Vocal suplente 2\u00ba: Mara G\u00f3mez (Raypack); Vocal suplente 3\u00ba: Diego Gonz\u00e1lez (Droguer\u00eda del Sud); Vocal suplente 4\u00ba: Mart\u00edn Bossini (Massalin); Vocal suplente 5\u00ba: Gustavo Di Capua (Di Capua Consulting).<\/p>\n<p>Revisores de Cuenta: Revisor 1: Ignacio Cafferatta (DHL); y Revisor 2: Guillermo Coccoz (Energ\u00e9tica).<\/p>\n","protected":false},"excerpt":{"rendered":"<p>Desde el 1\u00ba de mayo la Asociaci\u00f3n Argentina de Log\u00edstica Empresaria (Arlog), cuenta con una nueva Comisi\u00f3n Directiva que se desempe\u00f1ar\u00e1 durante el per\u00edodo 2018\/2020. [&hellip;]<\/p>\n","protected":false},"author":1,"featured_media":2002,"comment_status":"open","ping_status":"open","sticky":false,"template":"","format":"standard","meta":{"_monsterinsights_skip_tracking":false,"_monsterinsights_sitenote_active":false,"_monsterinsights_sitenote_note":"","_monsterinsights_sitenote_category":0,"footnotes":""},"categories":[4],"tags":[],"class_list":["post-2001","post","type-post","status-publish","format-standard","has-post-thumbnail","hentry","category-noticias"],"yoast_head":"<!-- This site is optimized with the Yoast SEO plugin v22.3 - https:\/\/yoast.com\/wordpress\/plugins\/seo\/ -->\n<title>Nueva comisi\u00f3n directiva en Arlog &#187; CEDOL<\/title>\n<meta name=\"description\" content=\"Desde el 1\u00ba de mayo la Asociaci\u00f3n Argentina de Log\u00edstica Empresaria (Arlog), cuenta con una nueva Comisi\u00f3n Directiva que se desempe\u00f1ar\u00e1 durante el per\u00edodo\" \/>\n<meta name=\"robots\" content=\"index, follow, max-snippet:-1, max-image-preview:large, max-video-preview:-1\" \/>\n<link rel=\"canonical\" href=\"https:\/\/www.cedol.org.ar\/logistica\/nueva-comision-directiva-arlog\/\" \/>\n<meta property=\"og:locale\" content=\"es_ES\" \/>\n<meta property=\"og:type\" content=\"article\" \/>\n<meta property=\"og:title\" content=\"Nueva comisi\u00f3n directiva en Arlog &#187; CEDOL\" \/>\n<meta property=\"og:description\" content=\"Desde el 1\u00ba de mayo la Asociaci\u00f3n Argentina de Log\u00edstica Empresaria (Arlog), cuenta con una nueva Comisi\u00f3n Directiva que se desempe\u00f1ar\u00e1 durante el per\u00edodo\" \/>\n<meta property=\"og:url\" content=\"https:\/\/www.cedol.org.ar\/logistica\/nueva-comision-directiva-arlog\/\" \/>\n<meta property=\"og:site_name\" content=\"CEDOL\" \/>\n<meta property=\"article:published_time\" content=\"2018-05-27T23:34:34+00:00\" \/>\n<meta property=\"og:image\" content=\"https:\/\/www.cedol.org.ar\/logistica\/wp-content\/uploads\/2018\/05\/Foto-A.jpg\" \/>\n\t<meta property=\"og:image:width\" content=\"1086\" \/>\n\t<meta property=\"og:image:height\" content=\"1796\" \/>\n\t<meta property=\"og:image:type\" content=\"image\/jpeg\" \/>\n<meta name=\"author\" content=\"admin\" \/>\n<meta name=\"twitter:card\" content=\"summary_large_image\" \/>\n<meta name=\"twitter:label1\" content=\"Escrito por\" \/>\n\t<meta name=\"twitter:data1\" content=\"admin\" \/>\n\t<meta name=\"twitter:label2\" content=\"Tiempo de lectura\" \/>\n\t<meta name=\"twitter:data2\" content=\"1 minuto\" \/>\n<script type=\"application\/ld+json\" class=\"yoast-schema-graph\">{\"@context\":\"https:\/\/schema.org\",\"@graph\":[{\"@type\":\"WebPage\",\"@id\":\"https:\/\/www.cedol.org.ar\/logistica\/nueva-comision-directiva-arlog\/\",\"url\":\"https:\/\/www.cedol.org.ar\/logistica\/nueva-comision-directiva-arlog\/\",\"name\":\"Nueva comisi\u00f3n directiva en Arlog &#187; CEDOL\",\"isPartOf\":{\"@id\":\"https:\/\/www.cedol.org.ar\/logistica\/#website\"},\"primaryImageOfPage\":{\"@id\":\"https:\/\/www.cedol.org.ar\/logistica\/nueva-comision-directiva-arlog\/#primaryimage\"},\"image\":{\"@id\":\"https:\/\/www.cedol.org.ar\/logistica\/nueva-comision-directiva-arlog\/#primaryimage\"},\"thumbnailUrl\":\"https:\/\/www.cedol.org.ar\/logistica\/wp-content\/uploads\/2018\/05\/Foto-A.jpg\",\"datePublished\":\"2018-05-27T23:34:34+00:00\",\"dateModified\":\"2018-05-27T23:34:34+00:00\",\"author\":{\"@id\":\"https:\/\/www.cedol.org.ar\/logistica\/#\/schema\/person\/40275bdb20446824fc74d51aabe22e83\"},\"description\":\"Desde el 1\u00ba de mayo la Asociaci\u00f3n Argentina de Log\u00edstica Empresaria (Arlog), cuenta con una nueva Comisi\u00f3n Directiva que se desempe\u00f1ar\u00e1 durante el per\u00edodo\",\"breadcrumb\":{\"@id\":\"https:\/\/www.cedol.org.ar\/logistica\/nueva-comision-directiva-arlog\/#breadcrumb\"},\"inLanguage\":\"es\",\"potentialAction\":[{\"@type\":\"ReadAction\",\"target\":[\"https:\/\/www.cedol.org.ar\/logistica\/nueva-comision-directiva-arlog\/\"]}]},{\"@type\":\"ImageObject\",\"inLanguage\":\"es\",\"@id\":\"https:\/\/www.cedol.org.ar\/logistica\/nueva-comision-directiva-arlog\/#primaryimage\",\"url\":\"https:\/\/www.cedol.org.ar\/logistica\/wp-content\/uploads\/2018\/05\/Foto-A.jpg\",\"contentUrl\":\"https:\/\/www.cedol.org.ar\/logistica\/wp-content\/uploads\/2018\/05\/Foto-A.jpg\",\"width\":1086,\"height\":1796},{\"@type\":\"BreadcrumbList\",\"@id\":\"https:\/\/www.cedol.org.ar\/logistica\/nueva-comision-directiva-arlog\/#breadcrumb\",\"itemListElement\":[{\"@type\":\"ListItem\",\"position\":1,\"name\":\"Home\",\"item\":\"https:\/\/www.cedol.org.ar\/logistica\/\"},{\"@type\":\"ListItem\",\"position\":2,\"name\":\"Nueva comisi\u00f3n directiva en Arlog\"}]},{\"@type\":\"WebSite\",\"@id\":\"https:\/\/www.cedol.org.ar\/logistica\/#website\",\"url\":\"https:\/\/www.cedol.org.ar\/logistica\/\",\"name\":\"CEDOL\",\"description\":\"C\u00c1MARA EMPRESARIA DE OPERADORES LOG\u00cdSTICOS\",\"potentialAction\":[{\"@type\":\"SearchAction\",\"target\":{\"@type\":\"EntryPoint\",\"urlTemplate\":\"https:\/\/www.cedol.org.ar\/logistica\/?s={search_term_string}\"},\"query-input\":\"required name=search_term_string\"}],\"inLanguage\":\"es\"},{\"@type\":\"Person\",\"@id\":\"https:\/\/www.cedol.org.ar\/logistica\/#\/schema\/person\/40275bdb20446824fc74d51aabe22e83\",\"name\":\"admin\"}]}<\/script>\n<!-- \/ Yoast SEO plugin. -->","yoast_head_json":{"title":"Nueva comisi\u00f3n directiva en Arlog &#187; CEDOL","description":"Desde el 1\u00ba de mayo la Asociaci\u00f3n Argentina de Log\u00edstica Empresaria (Arlog), cuenta con una nueva Comisi\u00f3n Directiva que se desempe\u00f1ar\u00e1 durante el per\u00edodo","robots":{"index":"index","follow":"follow","max-snippet":"max-snippet:-1","max-image-preview":"max-image-preview:large","max-video-preview":"max-video-preview:-1"},"canonical":"https:\/\/www.cedol.org.ar\/logistica\/nueva-comision-directiva-arlog\/","og_locale":"es_ES","og_type":"article","og_title":"Nueva comisi\u00f3n directiva en Arlog &#187; CEDOL","og_description":"Desde el 1\u00ba de mayo la Asociaci\u00f3n Argentina de Log\u00edstica Empresaria (Arlog), cuenta con una nueva Comisi\u00f3n Directiva que se desempe\u00f1ar\u00e1 durante el per\u00edodo","og_url":"https:\/\/www.cedol.org.ar\/logistica\/nueva-comision-directiva-arlog\/","og_site_name":"CEDOL","article_published_time":"2018-05-27T23:34:34+00:00","og_image":[{"width":1086,"height":1796,"url":"https:\/\/www.cedol.org.ar\/logistica\/wp-content\/uploads\/2018\/05\/Foto-A.jpg","type":"image\/jpeg"}],"author":"admin","twitter_card":"summary_large_image","twitter_misc":{"Escrito por":"admin","Tiempo de lectura":"1 minuto"},"schema":{"@context":"https:\/\/schema.org","@graph":[{"@type":"WebPage","@id":"https:\/\/www.cedol.org.ar\/logistica\/nueva-comision-directiva-arlog\/","url":"https:\/\/www.cedol.org.ar\/logistica\/nueva-comision-directiva-arlog\/","name":"Nueva comisi\u00f3n directiva en Arlog &#187; CEDOL","isPartOf":{"@id":"https:\/\/www.cedol.org.ar\/logistica\/#website"},"primaryImageOfPage":{"@id":"https:\/\/www.cedol.org.ar\/logistica\/nueva-comision-directiva-arlog\/#primaryimage"},"image":{"@id":"https:\/\/www.cedol.org.ar\/logistica\/nueva-comision-directiva-arlog\/#primaryimage"},"thumbnailUrl":"https:\/\/www.cedol.org.ar\/logistica\/wp-content\/uploads\/2018\/05\/Foto-A.jpg","datePublished":"2018-05-27T23:34:34+00:00","dateModified":"2018-05-27T23:34:34+00:00","author":{"@id":"https:\/\/www.cedol.org.ar\/logistica\/#\/schema\/person\/40275bdb20446824fc74d51aabe22e83"},"description":"Desde el 1\u00ba de mayo la Asociaci\u00f3n Argentina de Log\u00edstica Empresaria (Arlog), cuenta con una nueva Comisi\u00f3n Directiva que se desempe\u00f1ar\u00e1 durante el per\u00edodo","breadcrumb":{"@id":"https:\/\/www.cedol.org.ar\/logistica\/nueva-comision-directiva-arlog\/#breadcrumb"},"inLanguage":"es","potentialAction":[{"@type":"ReadAction","target":["https:\/\/www.cedol.org.ar\/logistica\/nueva-comision-directiva-arlog\/"]}]},{"@type":"ImageObject","inLanguage":"es","@id":"https:\/\/www.cedol.org.ar\/logistica\/nueva-comision-directiva-arlog\/#primaryimage","url":"https:\/\/www.cedol.org.ar\/logistica\/wp-content\/uploads\/2018\/05\/Foto-A.jpg","contentUrl":"https:\/\/www.cedol.org.ar\/logistica\/wp-content\/uploads\/2018\/05\/Foto-A.jpg","width":1086,"height":1796},{"@type":"BreadcrumbList","@id":"https:\/\/www.cedol.org.ar\/logistica\/nueva-comision-directiva-arlog\/#breadcrumb","itemListElement":[{"@type":"ListItem","position":1,"name":"Home","item":"https:\/\/www.cedol.org.ar\/logistica\/"},{"@type":"ListItem","position":2,"name":"Nueva comisi\u00f3n directiva en Arlog"}]},{"@type":"WebSite","@id":"https:\/\/www.cedol.org.ar\/logistica\/#website","url":"https:\/\/www.cedol.org.ar\/logistica\/","name":"CEDOL","description":"C\u00c1MARA EMPRESARIA DE OPERADORES LOG\u00cdSTICOS","potentialAction":[{"@type":"SearchAction","target":{"@type":"EntryPoint","urlTemplate":"https:\/\/www.cedol.org.ar\/logistica\/?s={search_term_string}"},"query-input":"required name=search_term_string"}],"inLanguage":"es"},{"@type":"Person","@id":"https:\/\/www.cedol.org.ar\/logistica\/#\/schema\/person\/40275bdb20446824fc74d51aabe22e83","name":"admin"}]}},"_links":{"self":[{"href":"https:\/\/www.cedol.org.ar\/logistica\/wp-json\/wp\/v2\/posts\/2001","targetHints":{"allow":["GET"]}}],"collection":[{"href":"https:\/\/www.cedol.org.ar\/logistica\/wp-json\/wp\/v2\/posts"}],"about":[{"href":"https:\/\/www.cedol.org.ar\/logistica\/wp-json\/wp\/v2\/types\/post"}],"author":[{"embeddable":true,"href":"https:\/\/www.cedol.org.ar\/logistica\/wp-json\/wp\/v2\/users\/1"}],"replies":[{"embeddable":true,"href":"https:\/\/www.cedol.org.ar\/logistica\/wp-json\/wp\/v2\/comments?post=2001"}],"version-history":[{"count":1,"href":"https:\/\/www.cedol.org.ar\/logistica\/wp-json\/wp\/v2\/posts\/2001\/revisions"}],"predecessor-version":[{"id":2003,"href":"https:\/\/www.cedol.org.ar\/logistica\/wp-json\/wp\/v2\/posts\/2001\/revisions\/2003"}],"wp:featuredmedia":[{"embeddable":true,"href":"https:\/\/www.cedol.org.ar\/logistica\/wp-json\/wp\/v2\/media\/2002"}],"wp:attachment":[{"href":"https:\/\/www.cedol.org.ar\/logistica\/wp-json\/wp\/v2\/media?parent=2001"}],"wp:term":[{"taxonomy":"category","embeddable":true,"href":"https:\/\/www.cedol.org.ar\/logistica\/wp-json\/wp\/v2\/categories?post=2001"},{"taxonomy":"post_tag","embeddable":true,"href":"https:\/\/www.cedol.org.ar\/logistica\/wp-json\/wp\/v2\/tags?post=2001"}],"curies":[{"name":"wp","href":"https:\/\/api.w.org\/{rel}","templated":true}]}}