{"id":1959,"date":"2018-05-02T20:42:57","date_gmt":"2018-05-02T20:42:57","guid":{"rendered":"http:\/\/www.cedol.org.ar\/logistica\/?p=1959"},"modified":"2018-05-02T20:42:57","modified_gmt":"2018-05-02T20:42:57","slug":"alianza-estrategica-regional","status":"publish","type":"post","link":"https:\/\/www.cedol.org.ar\/logistica\/alianza-estrategica-regional\/","title":{"rendered":"Alianza estrat\u00e9gica regional"},"content":{"rendered":"<p>El Grupo Log\u00edstico Andreani y el Grupo Costa Oriental (Uruguay) celebraron una alianza estrat\u00e9gica en gesti\u00f3n log\u00edstica que apunta a acompa\u00f1ar los proyectos de regionalizaci\u00f3n de sus clientes, al operar desde zonas francas ubicadas en Uruguay o en territorio dom\u00e9stico uruguayo.<\/p>\n<p>Con este acuerdo, las compa\u00f1\u00edas buscan responder a las necesidades de sus clientes internacionales, generar sinergias, combinar conocimiento y visi\u00f3n de negocio; planificar la nacionalizaci\u00f3n de los productos, y sumar productividad en los flujos operativos, administrativos, econ\u00f3micos y financieros de la gesti\u00f3n log\u00edstica.<\/p>\n<p>De esta forma, ambas compa\u00f1\u00edas avanzan en la consolidaci\u00f3n de su posicionamiento como referentes en el mercado de las operaciones log\u00edsticas de la regi\u00f3n.<\/p>\n","protected":false},"excerpt":{"rendered":"<p>El Grupo Log\u00edstico Andreani y el Grupo Costa Oriental (Uruguay) celebraron una alianza estrat\u00e9gica en gesti\u00f3n log\u00edstica que apunta a acompa\u00f1ar los proyectos de regionalizaci\u00f3n [&hellip;]<\/p>\n","protected":false},"author":1,"featured_media":1960,"comment_status":"open","ping_status":"open","sticky":false,"template":"","format":"standard","meta":{"_monsterinsights_skip_tracking":false,"_monsterinsights_sitenote_active":false,"_monsterinsights_sitenote_note":"","_monsterinsights_sitenote_category":0,"footnotes":""},"categories":[4],"tags":[],"class_list":["post-1959","post","type-post","status-publish","format-standard","has-post-thumbnail","hentry","category-noticias"],"yoast_head":"<!-- This site is optimized with the Yoast SEO plugin v22.3 - https:\/\/yoast.com\/wordpress\/plugins\/seo\/ -->\n<title>Alianza estrat\u00e9gica regional &#187; CEDOL<\/title>\n<meta name=\"description\" content=\"El Grupo Log\u00edstico Andreani y el Grupo Costa Oriental (Uruguay) celebraron una alianza estrat\u00e9gica en gesti\u00f3n log\u00edstica que apunta a acompa\u00f1ar los\" \/>\n<meta name=\"robots\" content=\"index, follow, max-snippet:-1, max-image-preview:large, max-video-preview:-1\" \/>\n<link rel=\"canonical\" href=\"https:\/\/www.cedol.org.ar\/logistica\/alianza-estrategica-regional\/\" \/>\n<meta property=\"og:locale\" content=\"es_ES\" \/>\n<meta property=\"og:type\" content=\"article\" \/>\n<meta property=\"og:title\" content=\"Alianza estrat\u00e9gica regional &#187; CEDOL\" \/>\n<meta property=\"og:description\" content=\"El Grupo Log\u00edstico Andreani y el Grupo Costa Oriental (Uruguay) celebraron una alianza estrat\u00e9gica en gesti\u00f3n log\u00edstica que apunta a acompa\u00f1ar los\" \/>\n<meta property=\"og:url\" content=\"https:\/\/www.cedol.org.ar\/logistica\/alianza-estrategica-regional\/\" \/>\n<meta property=\"og:site_name\" content=\"CEDOL\" \/>\n<meta property=\"article:published_time\" content=\"2018-05-02T20:42:57+00:00\" \/>\n<meta property=\"og:image\" content=\"https:\/\/www.cedol.org.ar\/logistica\/wp-content\/uploads\/2018\/05\/Noticias-del-sector-Andreani-y-Costa-1024x769.png\" \/>\n\t<meta property=\"og:image:width\" content=\"1024\" \/>\n\t<meta property=\"og:image:height\" content=\"769\" \/>\n\t<meta property=\"og:image:type\" content=\"image\/png\" \/>\n<meta name=\"author\" content=\"admin\" \/>\n<meta name=\"twitter:card\" content=\"summary_large_image\" \/>\n<meta name=\"twitter:label1\" content=\"Escrito por\" \/>\n\t<meta name=\"twitter:data1\" content=\"admin\" \/>\n\t<meta name=\"twitter:label2\" content=\"Tiempo de lectura\" \/>\n\t<meta name=\"twitter:data2\" content=\"1 minuto\" \/>\n<script type=\"application\/ld+json\" class=\"yoast-schema-graph\">{\"@context\":\"https:\/\/schema.org\",\"@graph\":[{\"@type\":\"WebPage\",\"@id\":\"https:\/\/www.cedol.org.ar\/logistica\/alianza-estrategica-regional\/\",\"url\":\"https:\/\/www.cedol.org.ar\/logistica\/alianza-estrategica-regional\/\",\"name\":\"Alianza estrat\u00e9gica regional &#187; CEDOL\",\"isPartOf\":{\"@id\":\"https:\/\/www.cedol.org.ar\/logistica\/#website\"},\"primaryImageOfPage\":{\"@id\":\"https:\/\/www.cedol.org.ar\/logistica\/alianza-estrategica-regional\/#primaryimage\"},\"image\":{\"@id\":\"https:\/\/www.cedol.org.ar\/logistica\/alianza-estrategica-regional\/#primaryimage\"},\"thumbnailUrl\":\"https:\/\/www.cedol.org.ar\/logistica\/wp-content\/uploads\/2018\/05\/Noticias-del-sector-Andreani-y-Costa.png\",\"datePublished\":\"2018-05-02T20:42:57+00:00\",\"dateModified\":\"2018-05-02T20:42:57+00:00\",\"author\":{\"@id\":\"https:\/\/www.cedol.org.ar\/logistica\/#\/schema\/person\/40275bdb20446824fc74d51aabe22e83\"},\"description\":\"El Grupo Log\u00edstico Andreani y el Grupo Costa Oriental (Uruguay) celebraron una alianza estrat\u00e9gica en gesti\u00f3n log\u00edstica que apunta a acompa\u00f1ar los\",\"breadcrumb\":{\"@id\":\"https:\/\/www.cedol.org.ar\/logistica\/alianza-estrategica-regional\/#breadcrumb\"},\"inLanguage\":\"es\",\"potentialAction\":[{\"@type\":\"ReadAction\",\"target\":[\"https:\/\/www.cedol.org.ar\/logistica\/alianza-estrategica-regional\/\"]}]},{\"@type\":\"ImageObject\",\"inLanguage\":\"es\",\"@id\":\"https:\/\/www.cedol.org.ar\/logistica\/alianza-estrategica-regional\/#primaryimage\",\"url\":\"https:\/\/www.cedol.org.ar\/logistica\/wp-content\/uploads\/2018\/05\/Noticias-del-sector-Andreani-y-Costa.png\",\"contentUrl\":\"https:\/\/www.cedol.org.ar\/logistica\/wp-content\/uploads\/2018\/05\/Noticias-del-sector-Andreani-y-Costa.png\",\"width\":1604,\"height\":1204},{\"@type\":\"BreadcrumbList\",\"@id\":\"https:\/\/www.cedol.org.ar\/logistica\/alianza-estrategica-regional\/#breadcrumb\",\"itemListElement\":[{\"@type\":\"ListItem\",\"position\":1,\"name\":\"Home\",\"item\":\"https:\/\/www.cedol.org.ar\/logistica\/\"},{\"@type\":\"ListItem\",\"position\":2,\"name\":\"Alianza estrat\u00e9gica regional\"}]},{\"@type\":\"WebSite\",\"@id\":\"https:\/\/www.cedol.org.ar\/logistica\/#website\",\"url\":\"https:\/\/www.cedol.org.ar\/logistica\/\",\"name\":\"CEDOL\",\"description\":\"C\u00c1MARA EMPRESARIA DE OPERADORES LOG\u00cdSTICOS\",\"potentialAction\":[{\"@type\":\"SearchAction\",\"target\":{\"@type\":\"EntryPoint\",\"urlTemplate\":\"https:\/\/www.cedol.org.ar\/logistica\/?s={search_term_string}\"},\"query-input\":\"required name=search_term_string\"}],\"inLanguage\":\"es\"},{\"@type\":\"Person\",\"@id\":\"https:\/\/www.cedol.org.ar\/logistica\/#\/schema\/person\/40275bdb20446824fc74d51aabe22e83\",\"name\":\"admin\"}]}<\/script>\n<!-- \/ Yoast SEO plugin. -->","yoast_head_json":{"title":"Alianza estrat\u00e9gica regional &#187; CEDOL","description":"El Grupo Log\u00edstico Andreani y el Grupo Costa Oriental (Uruguay) celebraron una alianza estrat\u00e9gica en gesti\u00f3n log\u00edstica que apunta a acompa\u00f1ar los","robots":{"index":"index","follow":"follow","max-snippet":"max-snippet:-1","max-image-preview":"max-image-preview:large","max-video-preview":"max-video-preview:-1"},"canonical":"https:\/\/www.cedol.org.ar\/logistica\/alianza-estrategica-regional\/","og_locale":"es_ES","og_type":"article","og_title":"Alianza estrat\u00e9gica regional &#187; CEDOL","og_description":"El Grupo Log\u00edstico Andreani y el Grupo Costa Oriental (Uruguay) celebraron una alianza estrat\u00e9gica en gesti\u00f3n log\u00edstica que apunta a acompa\u00f1ar los","og_url":"https:\/\/www.cedol.org.ar\/logistica\/alianza-estrategica-regional\/","og_site_name":"CEDOL","article_published_time":"2018-05-02T20:42:57+00:00","og_image":[{"width":1024,"height":769,"url":"https:\/\/www.cedol.org.ar\/logistica\/wp-content\/uploads\/2018\/05\/Noticias-del-sector-Andreani-y-Costa-1024x769.png","type":"image\/png"}],"author":"admin","twitter_card":"summary_large_image","twitter_misc":{"Escrito por":"admin","Tiempo de lectura":"1 minuto"},"schema":{"@context":"https:\/\/schema.org","@graph":[{"@type":"WebPage","@id":"https:\/\/www.cedol.org.ar\/logistica\/alianza-estrategica-regional\/","url":"https:\/\/www.cedol.org.ar\/logistica\/alianza-estrategica-regional\/","name":"Alianza estrat\u00e9gica regional &#187; CEDOL","isPartOf":{"@id":"https:\/\/www.cedol.org.ar\/logistica\/#website"},"primaryImageOfPage":{"@id":"https:\/\/www.cedol.org.ar\/logistica\/alianza-estrategica-regional\/#primaryimage"},"image":{"@id":"https:\/\/www.cedol.org.ar\/logistica\/alianza-estrategica-regional\/#primaryimage"},"thumbnailUrl":"https:\/\/www.cedol.org.ar\/logistica\/wp-content\/uploads\/2018\/05\/Noticias-del-sector-Andreani-y-Costa.png","datePublished":"2018-05-02T20:42:57+00:00","dateModified":"2018-05-02T20:42:57+00:00","author":{"@id":"https:\/\/www.cedol.org.ar\/logistica\/#\/schema\/person\/40275bdb20446824fc74d51aabe22e83"},"description":"El Grupo Log\u00edstico Andreani y el Grupo Costa Oriental (Uruguay) celebraron una alianza estrat\u00e9gica en gesti\u00f3n log\u00edstica que apunta a acompa\u00f1ar los","breadcrumb":{"@id":"https:\/\/www.cedol.org.ar\/logistica\/alianza-estrategica-regional\/#breadcrumb"},"inLanguage":"es","potentialAction":[{"@type":"ReadAction","target":["https:\/\/www.cedol.org.ar\/logistica\/alianza-estrategica-regional\/"]}]},{"@type":"ImageObject","inLanguage":"es","@id":"https:\/\/www.cedol.org.ar\/logistica\/alianza-estrategica-regional\/#primaryimage","url":"https:\/\/www.cedol.org.ar\/logistica\/wp-content\/uploads\/2018\/05\/Noticias-del-sector-Andreani-y-Costa.png","contentUrl":"https:\/\/www.cedol.org.ar\/logistica\/wp-content\/uploads\/2018\/05\/Noticias-del-sector-Andreani-y-Costa.png","width":1604,"height":1204},{"@type":"BreadcrumbList","@id":"https:\/\/www.cedol.org.ar\/logistica\/alianza-estrategica-regional\/#breadcrumb","itemListElement":[{"@type":"ListItem","position":1,"name":"Home","item":"https:\/\/www.cedol.org.ar\/logistica\/"},{"@type":"ListItem","position":2,"name":"Alianza estrat\u00e9gica regional"}]},{"@type":"WebSite","@id":"https:\/\/www.cedol.org.ar\/logistica\/#website","url":"https:\/\/www.cedol.org.ar\/logistica\/","name":"CEDOL","description":"C\u00c1MARA EMPRESARIA DE OPERADORES LOG\u00cdSTICOS","potentialAction":[{"@type":"SearchAction","target":{"@type":"EntryPoint","urlTemplate":"https:\/\/www.cedol.org.ar\/logistica\/?s={search_term_string}"},"query-input":"required name=search_term_string"}],"inLanguage":"es"},{"@type":"Person","@id":"https:\/\/www.cedol.org.ar\/logistica\/#\/schema\/person\/40275bdb20446824fc74d51aabe22e83","name":"admin"}]}},"_links":{"self":[{"href":"https:\/\/www.cedol.org.ar\/logistica\/wp-json\/wp\/v2\/posts\/1959","targetHints":{"allow":["GET"]}}],"collection":[{"href":"https:\/\/www.cedol.org.ar\/logistica\/wp-json\/wp\/v2\/posts"}],"about":[{"href":"https:\/\/www.cedol.org.ar\/logistica\/wp-json\/wp\/v2\/types\/post"}],"author":[{"embeddable":true,"href":"https:\/\/www.cedol.org.ar\/logistica\/wp-json\/wp\/v2\/users\/1"}],"replies":[{"embeddable":true,"href":"https:\/\/www.cedol.org.ar\/logistica\/wp-json\/wp\/v2\/comments?post=1959"}],"version-history":[{"count":1,"href":"https:\/\/www.cedol.org.ar\/logistica\/wp-json\/wp\/v2\/posts\/1959\/revisions"}],"predecessor-version":[{"id":1961,"href":"https:\/\/www.cedol.org.ar\/logistica\/wp-json\/wp\/v2\/posts\/1959\/revisions\/1961"}],"wp:featuredmedia":[{"embeddable":true,"href":"https:\/\/www.cedol.org.ar\/logistica\/wp-json\/wp\/v2\/media\/1960"}],"wp:attachment":[{"href":"https:\/\/www.cedol.org.ar\/logistica\/wp-json\/wp\/v2\/media?parent=1959"}],"wp:term":[{"taxonomy":"category","embeddable":true,"href":"https:\/\/www.cedol.org.ar\/logistica\/wp-json\/wp\/v2\/categories?post=1959"},{"taxonomy":"post_tag","embeddable":true,"href":"https:\/\/www.cedol.org.ar\/logistica\/wp-json\/wp\/v2\/tags?post=1959"}],"curies":[{"name":"wp","href":"https:\/\/api.w.org\/{rel}","templated":true}]}}