{"id":1950,"date":"2018-04-01T03:32:27","date_gmt":"2018-04-01T03:32:27","guid":{"rendered":"http:\/\/www.cedol.org.ar\/logistica\/?p=1950"},"modified":"2018-04-01T03:32:27","modified_gmt":"2018-04-01T03:32:27","slug":"nuevo-deposito-mercado-central","status":"publish","type":"post","link":"https:\/\/www.cedol.org.ar\/logistica\/nuevo-deposito-mercado-central\/","title":{"rendered":"Nuevo dep\u00f3sito en el Mercado Central"},"content":{"rendered":"<p>Cruz del Sur sum\u00f3 un nuevo dep\u00f3sito de 7500 m2 en el Mercado Central, donde cuenta con otros tres, por un total de 22.500 mt2. A su vez, incorpor\u00f3 m\u00e1quinas de \u00faltima tecnolog\u00eda para maximizar los recursos y servicios del nuevo espacio. Con una inversi\u00f3n de $4 millones, destinados principalmente a mano de obra y reacondicionamiento, se est\u00e1n agregando 2750 racks, en dos etapas: en una primera, ya se instalaron 1250 y, en breve, se realizar\u00e1 la instalaci\u00f3n de otros 1500. El nuevo dep\u00f3sito, denominado L5, est\u00e1 destinado a carga general o carga seca y demandar\u00e1 entre 15 y 30 personas para el manejo de mercader\u00eda, seg\u00fan la complejidad del negocio asociado.<\/p>\n<p><em>\u201cEl dep\u00f3sito permite brindar nuevas opciones a nuestros clientes y, a su vez, ampliarnos a otros rubros, como es el caso de la indumentaria deportiva y materiales de computaci\u00f3n. Nos da la posibilidad de potenciar nuestra infraestructura en un plazo corto y seguir creciendo con tecnolog\u00eda y maximizaci\u00f3n de recursos\u201d<\/em>, se\u00f1al\u00f3 Pablo Duarte, gerente de Divisi\u00f3n Log\u00edstica de la compa\u00f1\u00eda.<\/p>\n","protected":false},"excerpt":{"rendered":"<p>Cruz del Sur sum\u00f3 un nuevo dep\u00f3sito de 7500 m2 en el Mercado Central, donde cuenta con otros tres, por un total de 22.500 mt2. [&hellip;]<\/p>\n","protected":false},"author":1,"featured_media":1951,"comment_status":"open","ping_status":"open","sticky":false,"template":"","format":"standard","meta":{"_monsterinsights_skip_tracking":false,"_monsterinsights_sitenote_active":false,"_monsterinsights_sitenote_note":"","_monsterinsights_sitenote_category":0,"footnotes":""},"categories":[4],"tags":[],"class_list":["post-1950","post","type-post","status-publish","format-standard","has-post-thumbnail","hentry","category-noticias"],"yoast_head":"<!-- This site is optimized with the Yoast SEO plugin v22.3 - https:\/\/yoast.com\/wordpress\/plugins\/seo\/ -->\n<title>Nuevo dep\u00f3sito en el Mercado Central &#187; CEDOL<\/title>\n<meta name=\"description\" content=\"Cruz del Sur sum\u00f3 un nuevo dep\u00f3sito de 7500 m2 en el Mercado Central, donde cuenta con otros tres, por un total de 22.500 mt2. A su vez, incorpor\u00f3\" \/>\n<meta name=\"robots\" content=\"index, follow, max-snippet:-1, max-image-preview:large, max-video-preview:-1\" \/>\n<link rel=\"canonical\" href=\"https:\/\/www.cedol.org.ar\/logistica\/nuevo-deposito-mercado-central\/\" \/>\n<meta property=\"og:locale\" content=\"es_ES\" \/>\n<meta property=\"og:type\" content=\"article\" \/>\n<meta property=\"og:title\" content=\"Nuevo dep\u00f3sito en el Mercado Central &#187; CEDOL\" \/>\n<meta property=\"og:description\" content=\"Cruz del Sur sum\u00f3 un nuevo dep\u00f3sito de 7500 m2 en el Mercado Central, donde cuenta con otros tres, por un total de 22.500 mt2. A su vez, incorpor\u00f3\" \/>\n<meta property=\"og:url\" content=\"https:\/\/www.cedol.org.ar\/logistica\/nuevo-deposito-mercado-central\/\" \/>\n<meta property=\"og:site_name\" content=\"CEDOL\" \/>\n<meta property=\"article:published_time\" content=\"2018-04-01T03:32:27+00:00\" \/>\n<meta property=\"og:image\" content=\"https:\/\/www.cedol.org.ar\/logistica\/wp-content\/uploads\/2018\/04\/dep\u00f3sito.-cruz-del-sur.-mercado-central.jpg\" \/>\n\t<meta property=\"og:image:width\" content=\"640\" \/>\n\t<meta property=\"og:image:height\" content=\"480\" \/>\n\t<meta property=\"og:image:type\" content=\"image\/jpeg\" \/>\n<meta name=\"author\" content=\"admin\" \/>\n<meta name=\"twitter:card\" content=\"summary_large_image\" \/>\n<meta name=\"twitter:label1\" content=\"Escrito por\" \/>\n\t<meta name=\"twitter:data1\" content=\"admin\" \/>\n\t<meta name=\"twitter:label2\" content=\"Tiempo de lectura\" \/>\n\t<meta name=\"twitter:data2\" content=\"1 minuto\" \/>\n<script type=\"application\/ld+json\" class=\"yoast-schema-graph\">{\"@context\":\"https:\/\/schema.org\",\"@graph\":[{\"@type\":\"WebPage\",\"@id\":\"https:\/\/www.cedol.org.ar\/logistica\/nuevo-deposito-mercado-central\/\",\"url\":\"https:\/\/www.cedol.org.ar\/logistica\/nuevo-deposito-mercado-central\/\",\"name\":\"Nuevo dep\u00f3sito en el Mercado Central &#187; CEDOL\",\"isPartOf\":{\"@id\":\"https:\/\/www.cedol.org.ar\/logistica\/#website\"},\"primaryImageOfPage\":{\"@id\":\"https:\/\/www.cedol.org.ar\/logistica\/nuevo-deposito-mercado-central\/#primaryimage\"},\"image\":{\"@id\":\"https:\/\/www.cedol.org.ar\/logistica\/nuevo-deposito-mercado-central\/#primaryimage\"},\"thumbnailUrl\":\"https:\/\/www.cedol.org.ar\/logistica\/wp-content\/uploads\/2018\/04\/dep\u00f3sito.-cruz-del-sur.-mercado-central.jpg\",\"datePublished\":\"2018-04-01T03:32:27+00:00\",\"dateModified\":\"2018-04-01T03:32:27+00:00\",\"author\":{\"@id\":\"https:\/\/www.cedol.org.ar\/logistica\/#\/schema\/person\/40275bdb20446824fc74d51aabe22e83\"},\"description\":\"Cruz del Sur sum\u00f3 un nuevo dep\u00f3sito de 7500 m2 en el Mercado Central, donde cuenta con otros tres, por un total de 22.500 mt2. A su vez, incorpor\u00f3\",\"breadcrumb\":{\"@id\":\"https:\/\/www.cedol.org.ar\/logistica\/nuevo-deposito-mercado-central\/#breadcrumb\"},\"inLanguage\":\"es\",\"potentialAction\":[{\"@type\":\"ReadAction\",\"target\":[\"https:\/\/www.cedol.org.ar\/logistica\/nuevo-deposito-mercado-central\/\"]}]},{\"@type\":\"ImageObject\",\"inLanguage\":\"es\",\"@id\":\"https:\/\/www.cedol.org.ar\/logistica\/nuevo-deposito-mercado-central\/#primaryimage\",\"url\":\"https:\/\/www.cedol.org.ar\/logistica\/wp-content\/uploads\/2018\/04\/dep\u00f3sito.-cruz-del-sur.-mercado-central.jpg\",\"contentUrl\":\"https:\/\/www.cedol.org.ar\/logistica\/wp-content\/uploads\/2018\/04\/dep\u00f3sito.-cruz-del-sur.-mercado-central.jpg\",\"width\":640,\"height\":480},{\"@type\":\"BreadcrumbList\",\"@id\":\"https:\/\/www.cedol.org.ar\/logistica\/nuevo-deposito-mercado-central\/#breadcrumb\",\"itemListElement\":[{\"@type\":\"ListItem\",\"position\":1,\"name\":\"Home\",\"item\":\"https:\/\/www.cedol.org.ar\/logistica\/\"},{\"@type\":\"ListItem\",\"position\":2,\"name\":\"Nuevo dep\u00f3sito en el Mercado Central\"}]},{\"@type\":\"WebSite\",\"@id\":\"https:\/\/www.cedol.org.ar\/logistica\/#website\",\"url\":\"https:\/\/www.cedol.org.ar\/logistica\/\",\"name\":\"CEDOL\",\"description\":\"C\u00c1MARA EMPRESARIA DE OPERADORES LOG\u00cdSTICOS\",\"potentialAction\":[{\"@type\":\"SearchAction\",\"target\":{\"@type\":\"EntryPoint\",\"urlTemplate\":\"https:\/\/www.cedol.org.ar\/logistica\/?s={search_term_string}\"},\"query-input\":\"required name=search_term_string\"}],\"inLanguage\":\"es\"},{\"@type\":\"Person\",\"@id\":\"https:\/\/www.cedol.org.ar\/logistica\/#\/schema\/person\/40275bdb20446824fc74d51aabe22e83\",\"name\":\"admin\"}]}<\/script>\n<!-- \/ Yoast SEO plugin. -->","yoast_head_json":{"title":"Nuevo dep\u00f3sito en el Mercado Central &#187; CEDOL","description":"Cruz del Sur sum\u00f3 un nuevo dep\u00f3sito de 7500 m2 en el Mercado Central, donde cuenta con otros tres, por un total de 22.500 mt2. A su vez, incorpor\u00f3","robots":{"index":"index","follow":"follow","max-snippet":"max-snippet:-1","max-image-preview":"max-image-preview:large","max-video-preview":"max-video-preview:-1"},"canonical":"https:\/\/www.cedol.org.ar\/logistica\/nuevo-deposito-mercado-central\/","og_locale":"es_ES","og_type":"article","og_title":"Nuevo dep\u00f3sito en el Mercado Central &#187; CEDOL","og_description":"Cruz del Sur sum\u00f3 un nuevo dep\u00f3sito de 7500 m2 en el Mercado Central, donde cuenta con otros tres, por un total de 22.500 mt2. A su vez, incorpor\u00f3","og_url":"https:\/\/www.cedol.org.ar\/logistica\/nuevo-deposito-mercado-central\/","og_site_name":"CEDOL","article_published_time":"2018-04-01T03:32:27+00:00","og_image":[{"width":640,"height":480,"url":"https:\/\/www.cedol.org.ar\/logistica\/wp-content\/uploads\/2018\/04\/dep\u00f3sito.-cruz-del-sur.-mercado-central.jpg","type":"image\/jpeg"}],"author":"admin","twitter_card":"summary_large_image","twitter_misc":{"Escrito por":"admin","Tiempo de lectura":"1 minuto"},"schema":{"@context":"https:\/\/schema.org","@graph":[{"@type":"WebPage","@id":"https:\/\/www.cedol.org.ar\/logistica\/nuevo-deposito-mercado-central\/","url":"https:\/\/www.cedol.org.ar\/logistica\/nuevo-deposito-mercado-central\/","name":"Nuevo dep\u00f3sito en el Mercado Central &#187; CEDOL","isPartOf":{"@id":"https:\/\/www.cedol.org.ar\/logistica\/#website"},"primaryImageOfPage":{"@id":"https:\/\/www.cedol.org.ar\/logistica\/nuevo-deposito-mercado-central\/#primaryimage"},"image":{"@id":"https:\/\/www.cedol.org.ar\/logistica\/nuevo-deposito-mercado-central\/#primaryimage"},"thumbnailUrl":"https:\/\/www.cedol.org.ar\/logistica\/wp-content\/uploads\/2018\/04\/dep\u00f3sito.-cruz-del-sur.-mercado-central.jpg","datePublished":"2018-04-01T03:32:27+00:00","dateModified":"2018-04-01T03:32:27+00:00","author":{"@id":"https:\/\/www.cedol.org.ar\/logistica\/#\/schema\/person\/40275bdb20446824fc74d51aabe22e83"},"description":"Cruz del Sur sum\u00f3 un nuevo dep\u00f3sito de 7500 m2 en el Mercado Central, donde cuenta con otros tres, por un total de 22.500 mt2. A su vez, incorpor\u00f3","breadcrumb":{"@id":"https:\/\/www.cedol.org.ar\/logistica\/nuevo-deposito-mercado-central\/#breadcrumb"},"inLanguage":"es","potentialAction":[{"@type":"ReadAction","target":["https:\/\/www.cedol.org.ar\/logistica\/nuevo-deposito-mercado-central\/"]}]},{"@type":"ImageObject","inLanguage":"es","@id":"https:\/\/www.cedol.org.ar\/logistica\/nuevo-deposito-mercado-central\/#primaryimage","url":"https:\/\/www.cedol.org.ar\/logistica\/wp-content\/uploads\/2018\/04\/dep\u00f3sito.-cruz-del-sur.-mercado-central.jpg","contentUrl":"https:\/\/www.cedol.org.ar\/logistica\/wp-content\/uploads\/2018\/04\/dep\u00f3sito.-cruz-del-sur.-mercado-central.jpg","width":640,"height":480},{"@type":"BreadcrumbList","@id":"https:\/\/www.cedol.org.ar\/logistica\/nuevo-deposito-mercado-central\/#breadcrumb","itemListElement":[{"@type":"ListItem","position":1,"name":"Home","item":"https:\/\/www.cedol.org.ar\/logistica\/"},{"@type":"ListItem","position":2,"name":"Nuevo dep\u00f3sito en el Mercado Central"}]},{"@type":"WebSite","@id":"https:\/\/www.cedol.org.ar\/logistica\/#website","url":"https:\/\/www.cedol.org.ar\/logistica\/","name":"CEDOL","description":"C\u00c1MARA EMPRESARIA DE OPERADORES LOG\u00cdSTICOS","potentialAction":[{"@type":"SearchAction","target":{"@type":"EntryPoint","urlTemplate":"https:\/\/www.cedol.org.ar\/logistica\/?s={search_term_string}"},"query-input":"required name=search_term_string"}],"inLanguage":"es"},{"@type":"Person","@id":"https:\/\/www.cedol.org.ar\/logistica\/#\/schema\/person\/40275bdb20446824fc74d51aabe22e83","name":"admin"}]}},"_links":{"self":[{"href":"https:\/\/www.cedol.org.ar\/logistica\/wp-json\/wp\/v2\/posts\/1950","targetHints":{"allow":["GET"]}}],"collection":[{"href":"https:\/\/www.cedol.org.ar\/logistica\/wp-json\/wp\/v2\/posts"}],"about":[{"href":"https:\/\/www.cedol.org.ar\/logistica\/wp-json\/wp\/v2\/types\/post"}],"author":[{"embeddable":true,"href":"https:\/\/www.cedol.org.ar\/logistica\/wp-json\/wp\/v2\/users\/1"}],"replies":[{"embeddable":true,"href":"https:\/\/www.cedol.org.ar\/logistica\/wp-json\/wp\/v2\/comments?post=1950"}],"version-history":[{"count":1,"href":"https:\/\/www.cedol.org.ar\/logistica\/wp-json\/wp\/v2\/posts\/1950\/revisions"}],"predecessor-version":[{"id":1952,"href":"https:\/\/www.cedol.org.ar\/logistica\/wp-json\/wp\/v2\/posts\/1950\/revisions\/1952"}],"wp:featuredmedia":[{"embeddable":true,"href":"https:\/\/www.cedol.org.ar\/logistica\/wp-json\/wp\/v2\/media\/1951"}],"wp:attachment":[{"href":"https:\/\/www.cedol.org.ar\/logistica\/wp-json\/wp\/v2\/media?parent=1950"}],"wp:term":[{"taxonomy":"category","embeddable":true,"href":"https:\/\/www.cedol.org.ar\/logistica\/wp-json\/wp\/v2\/categories?post=1950"},{"taxonomy":"post_tag","embeddable":true,"href":"https:\/\/www.cedol.org.ar\/logistica\/wp-json\/wp\/v2\/tags?post=1950"}],"curies":[{"name":"wp","href":"https:\/\/api.w.org\/{rel}","templated":true}]}}