{"id":1806,"date":"2017-12-21T18:59:40","date_gmt":"2017-12-21T18:59:40","guid":{"rendered":"http:\/\/www.cedol.org.ar\/logistica\/?p=1806"},"modified":"2017-12-21T18:59:40","modified_gmt":"2017-12-21T18:59:40","slug":"se-fue-visionario-la-logistica","status":"publish","type":"post","link":"https:\/\/www.cedol.org.ar\/logistica\/se-fue-visionario-la-logistica\/","title":{"rendered":"Se fue un visionario de la log\u00edstica"},"content":{"rendered":"<p>Roberto Liatis, un visionario de la log\u00edstica, maestro de varias generaciones e impulsor de la asociatividad y la capacitaci\u00f3n, falleci\u00f3 en Buenos Aires en la madrugada del 1 de diciembre de 2017, a los 88 a\u00f1os.<\/p>\n<p><em>\u201cLa log\u00edstica es la administraci\u00f3n del tiempo\u201d<\/em>, era la breve y contundente definici\u00f3n que adopt\u00f3 para la disciplina que fuera su pasi\u00f3n. \u00c9l, tambi\u00e9n aprendi\u00f3 a definirse con los a\u00f1os y sol\u00eda verse como <em>\u201capenas un t\u00e9cnico en grandes motores que aprendi\u00f3 lo que es la supply chain en la pr\u00e1ctica\u201d<\/em>.<\/p>\n<p>De hecho, t\u00e9cnico en grandes motores de combusti\u00f3n fue el \u00fanico t\u00edtulo profesional que tuvo y, sin embargo, fue uno de los impulsores m\u00e1s incansables\u00a0 de la capacitaci\u00f3n log\u00edstica en Argentina y parte de la regi\u00f3n. De origen muy humilde, Roberto se form\u00f3 como t\u00e9cnico especializado en grandes motores estacionarios de combusti\u00f3n interna y, en 1955, comenz\u00f3 a recorrer la Argentina reparando motores en usinas generadoras de electricidad, lo que le permiti\u00f3 conocer el pa\u00eds aun sin saber la importancia que este conocimiento tendr\u00eda para su futuro.<\/p>\n<p>Entre 1965 y 1988 fue comprador de transportes en la empresa tabacalera Imparciales-Massalin. Luchador implacable por lograr los mejores costos para su empresa, la experiencia le permiti\u00f3 comprender la importancia de los inventarios, el tiempo, la entrega justa en el lugar indicado, y pon\u00eda estos conocimientos sobre la mesa con la seguridad de la experiencia acumulada y la tenacidad <em>\u201cde un griego\u201d<\/em>.<\/p>\n<p>Amigo de sus amigos (a muchos de los cuales ayud\u00f3 con consejos o tambi\u00e9n econ\u00f3micamente), Liatis ten\u00eda pasi\u00f3n por el tango, que bailaba como un profesional, por el club de f\u00fatbol Chicago, y por la buena comida compartida en largas charlas.<\/p>\n<p>Una desavenencia con la empresa tabacalera lo llev\u00f3 a pedir su jubilaci\u00f3n anticipada. Otro visionario de la log\u00edstica que hab\u00eda lidiado con aquel comprador feroz, Oscar Andreani, advirti\u00f3 el valor de ese hombre y lo incorpor\u00f3 al Grupo Log\u00edstico Andreani como asesor adscripto al Directorio y la Gerencia General, donde trabaj\u00f3 hasta que lo aquej\u00f3 una severa enfermedad hace poco m\u00e1s de dos a\u00f1os. Andreani y Jorge L\u00f3pez escucharon sus ideas y consejos y, desde ese espacio, potenci\u00f3 la actividad en la Argentina.<\/p>\n<p>Su gran especialidad fue el c\u00e1lculo de costos de transporte y sus t\u00e9cnicas est\u00e1n en la base de los \u00cdndices de FADEEAC y CEDOL, as\u00ed como en las c\u00e1maras empresarias paraguayas y uruguayas.<\/p>\n<p>Cre\u00eda en la asociatividad y en la necesidad de que las personas y empresas se vincularan y compartieran conocimientos antes de que la palabra \u201cbenchmarking\u201d fuera de uso corriente. Aunque se presentaba a s\u00ed mismo humildemente, Roberto se sent\u00eda s\u00f3lido en sus conocimientos y argumentaba con vehemencia, aunque siempre ced\u00eda cuando entend\u00eda que estaba equivocado. <em>\u201cHay una sola ley superior a todas<\/em>, <em>la de la gravedad: todo est\u00e1 sometido a ella, y al final todas las mentiras caen y la verdad, tarde o temprano, sale a la luz\u201d, <\/em>le gustaba decir.<\/p>\n<p>Fue un activo promotor de la creaci\u00f3n de la C\u00e1mara Argentina de Transporte de Mercanc\u00edas Peligrosas (CATAMP), de la Asociaci\u00f3n Argentina de Log\u00edstica Empresaria (ARLOG), de la C\u00e1mara Empresaria de Operadores log\u00edsticos (CEDOL), de la Fundaci\u00f3n Profesional en el Transporte (FPT), etc. En la FPT dise\u00f1\u00f3 el Programa de Formaci\u00f3n Obligatoria de Conductores de Transportes de Cargas de la Argentina y fue el generador del \u201cLibro Azul\u201d, compendio de actividades de la FPT del cual se realizaron cuatro versiones partir de 2003.<\/p>\n<p>Fue miembro del staff de consultores externos del Centro Tecnol\u00f3gico de Transporte, Tr\u00e1nsito y Seguridad Vial (C3T) de la Universidad Tecnol\u00f3gica Nacional y docente en diversos cursos de la actividad, entre los que se cuenta el Diplomado en Log\u00edstica de la Fundaci\u00f3n Andreani.<\/p>\n<p>En el seno del C3T, fue el creador y coautor del libro <em>\u201cHistoria de la Log\u00edstica en la Argentina\u201d<\/em>, editado en 2014. Al a\u00f1o siguiente, CEDOL lo reconoci\u00f3 como <em>\u201cPersonalidad Log\u00edstica del A\u00f1o\u201d<\/em>.<\/p>\n<p>Entre sus \u00faltimas participaciones profesionales cabe mencionar su asesoramiento al Gobierno Nacional para la reglamentaci\u00f3n de la modificaci\u00f3n de longitud de las unidades de transporte carretero, que abre paso al uso de bitrenes.<\/p>\n<p><em>\u201cHay que dejar el mundo tal como llegamos\u201d,<\/em> era otra frase que le gustaba decir, y as\u00ed se fue, con muy poco en lo material, pero con incontables obras y, sobre todo, amigos y disc\u00edpulos, muchos de los cuales disfrutaron de compartir su sabidur\u00eda. Muchos otros, sin saberlo, lo hacen y lo seguir\u00e1n haciendo al tomar contacto con innumerables actividades en las cuales est\u00e1 impregnada su genialidad.<\/p>\n<p><strong>Extracto del texto publicado en Webpicking.com<\/strong><\/p>\n","protected":false},"excerpt":{"rendered":"<p>Roberto Liatis, un visionario de la log\u00edstica, maestro de varias generaciones e impulsor de la asociatividad y la capacitaci\u00f3n, falleci\u00f3 en Buenos Aires en la [&hellip;]<\/p>\n","protected":false},"author":1,"featured_media":1807,"comment_status":"open","ping_status":"open","sticky":false,"template":"","format":"standard","meta":{"_monsterinsights_skip_tracking":false,"_monsterinsights_sitenote_active":false,"_monsterinsights_sitenote_note":"","_monsterinsights_sitenote_category":0,"footnotes":""},"categories":[4],"tags":[],"class_list":["post-1806","post","type-post","status-publish","format-standard","has-post-thumbnail","hentry","category-noticias"],"yoast_head":"<!-- This site is optimized with the Yoast SEO plugin v22.3 - https:\/\/yoast.com\/wordpress\/plugins\/seo\/ -->\n<title>Se fue un visionario de la log\u00edstica &#187; CEDOL<\/title>\n<meta name=\"description\" content=\"Roberto Liatis, un visionario de la log\u00edstica, maestro de varias generaciones e impulsor de la asociatividad y la capacitaci\u00f3n, falleci\u00f3 en Buenos Aires\" \/>\n<meta name=\"robots\" content=\"index, follow, max-snippet:-1, max-image-preview:large, max-video-preview:-1\" \/>\n<link rel=\"canonical\" href=\"https:\/\/www.cedol.org.ar\/logistica\/se-fue-visionario-la-logistica\/\" \/>\n<meta property=\"og:locale\" content=\"es_ES\" \/>\n<meta property=\"og:type\" content=\"article\" \/>\n<meta property=\"og:title\" content=\"Se fue un visionario de la log\u00edstica &#187; CEDOL\" \/>\n<meta property=\"og:description\" content=\"Roberto Liatis, un visionario de la log\u00edstica, maestro de varias generaciones e impulsor de la asociatividad y la capacitaci\u00f3n, falleci\u00f3 en Buenos Aires\" \/>\n<meta property=\"og:url\" content=\"https:\/\/www.cedol.org.ar\/logistica\/se-fue-visionario-la-logistica\/\" \/>\n<meta property=\"og:site_name\" content=\"CEDOL\" \/>\n<meta property=\"article:published_time\" content=\"2017-12-21T18:59:40+00:00\" \/>\n<meta property=\"og:image\" content=\"https:\/\/www.cedol.org.ar\/logistica\/wp-content\/uploads\/2017\/12\/FOTO-3.jpg\" \/>\n\t<meta property=\"og:image:width\" content=\"1024\" \/>\n\t<meta property=\"og:image:height\" content=\"682\" \/>\n\t<meta property=\"og:image:type\" content=\"image\/jpeg\" \/>\n<meta name=\"author\" content=\"admin\" \/>\n<meta name=\"twitter:card\" content=\"summary_large_image\" \/>\n<meta name=\"twitter:label1\" content=\"Escrito por\" \/>\n\t<meta name=\"twitter:data1\" content=\"admin\" \/>\n\t<meta name=\"twitter:label2\" content=\"Tiempo de lectura\" \/>\n\t<meta name=\"twitter:data2\" content=\"4 minutos\" \/>\n<script type=\"application\/ld+json\" class=\"yoast-schema-graph\">{\"@context\":\"https:\/\/schema.org\",\"@graph\":[{\"@type\":\"WebPage\",\"@id\":\"https:\/\/www.cedol.org.ar\/logistica\/se-fue-visionario-la-logistica\/\",\"url\":\"https:\/\/www.cedol.org.ar\/logistica\/se-fue-visionario-la-logistica\/\",\"name\":\"Se fue un visionario de la log\u00edstica &#187; CEDOL\",\"isPartOf\":{\"@id\":\"https:\/\/www.cedol.org.ar\/logistica\/#website\"},\"primaryImageOfPage\":{\"@id\":\"https:\/\/www.cedol.org.ar\/logistica\/se-fue-visionario-la-logistica\/#primaryimage\"},\"image\":{\"@id\":\"https:\/\/www.cedol.org.ar\/logistica\/se-fue-visionario-la-logistica\/#primaryimage\"},\"thumbnailUrl\":\"https:\/\/www.cedol.org.ar\/logistica\/wp-content\/uploads\/2017\/12\/FOTO-3.jpg\",\"datePublished\":\"2017-12-21T18:59:40+00:00\",\"dateModified\":\"2017-12-21T18:59:40+00:00\",\"author\":{\"@id\":\"https:\/\/www.cedol.org.ar\/logistica\/#\/schema\/person\/40275bdb20446824fc74d51aabe22e83\"},\"description\":\"Roberto Liatis, un visionario de la log\u00edstica, maestro de varias generaciones e impulsor de la asociatividad y la capacitaci\u00f3n, falleci\u00f3 en Buenos Aires\",\"breadcrumb\":{\"@id\":\"https:\/\/www.cedol.org.ar\/logistica\/se-fue-visionario-la-logistica\/#breadcrumb\"},\"inLanguage\":\"es\",\"potentialAction\":[{\"@type\":\"ReadAction\",\"target\":[\"https:\/\/www.cedol.org.ar\/logistica\/se-fue-visionario-la-logistica\/\"]}]},{\"@type\":\"ImageObject\",\"inLanguage\":\"es\",\"@id\":\"https:\/\/www.cedol.org.ar\/logistica\/se-fue-visionario-la-logistica\/#primaryimage\",\"url\":\"https:\/\/www.cedol.org.ar\/logistica\/wp-content\/uploads\/2017\/12\/FOTO-3.jpg\",\"contentUrl\":\"https:\/\/www.cedol.org.ar\/logistica\/wp-content\/uploads\/2017\/12\/FOTO-3.jpg\",\"width\":1024,\"height\":682},{\"@type\":\"BreadcrumbList\",\"@id\":\"https:\/\/www.cedol.org.ar\/logistica\/se-fue-visionario-la-logistica\/#breadcrumb\",\"itemListElement\":[{\"@type\":\"ListItem\",\"position\":1,\"name\":\"Home\",\"item\":\"https:\/\/www.cedol.org.ar\/logistica\/\"},{\"@type\":\"ListItem\",\"position\":2,\"name\":\"Se fue un visionario de la log\u00edstica\"}]},{\"@type\":\"WebSite\",\"@id\":\"https:\/\/www.cedol.org.ar\/logistica\/#website\",\"url\":\"https:\/\/www.cedol.org.ar\/logistica\/\",\"name\":\"CEDOL\",\"description\":\"C\u00c1MARA EMPRESARIA DE OPERADORES LOG\u00cdSTICOS\",\"potentialAction\":[{\"@type\":\"SearchAction\",\"target\":{\"@type\":\"EntryPoint\",\"urlTemplate\":\"https:\/\/www.cedol.org.ar\/logistica\/?s={search_term_string}\"},\"query-input\":\"required name=search_term_string\"}],\"inLanguage\":\"es\"},{\"@type\":\"Person\",\"@id\":\"https:\/\/www.cedol.org.ar\/logistica\/#\/schema\/person\/40275bdb20446824fc74d51aabe22e83\",\"name\":\"admin\"}]}<\/script>\n<!-- \/ Yoast SEO plugin. -->","yoast_head_json":{"title":"Se fue un visionario de la log\u00edstica &#187; CEDOL","description":"Roberto Liatis, un visionario de la log\u00edstica, maestro de varias generaciones e impulsor de la asociatividad y la capacitaci\u00f3n, falleci\u00f3 en Buenos Aires","robots":{"index":"index","follow":"follow","max-snippet":"max-snippet:-1","max-image-preview":"max-image-preview:large","max-video-preview":"max-video-preview:-1"},"canonical":"https:\/\/www.cedol.org.ar\/logistica\/se-fue-visionario-la-logistica\/","og_locale":"es_ES","og_type":"article","og_title":"Se fue un visionario de la log\u00edstica &#187; CEDOL","og_description":"Roberto Liatis, un visionario de la log\u00edstica, maestro de varias generaciones e impulsor de la asociatividad y la capacitaci\u00f3n, falleci\u00f3 en Buenos Aires","og_url":"https:\/\/www.cedol.org.ar\/logistica\/se-fue-visionario-la-logistica\/","og_site_name":"CEDOL","article_published_time":"2017-12-21T18:59:40+00:00","og_image":[{"width":1024,"height":682,"url":"https:\/\/www.cedol.org.ar\/logistica\/wp-content\/uploads\/2017\/12\/FOTO-3.jpg","type":"image\/jpeg"}],"author":"admin","twitter_card":"summary_large_image","twitter_misc":{"Escrito por":"admin","Tiempo de lectura":"4 minutos"},"schema":{"@context":"https:\/\/schema.org","@graph":[{"@type":"WebPage","@id":"https:\/\/www.cedol.org.ar\/logistica\/se-fue-visionario-la-logistica\/","url":"https:\/\/www.cedol.org.ar\/logistica\/se-fue-visionario-la-logistica\/","name":"Se fue un visionario de la log\u00edstica &#187; CEDOL","isPartOf":{"@id":"https:\/\/www.cedol.org.ar\/logistica\/#website"},"primaryImageOfPage":{"@id":"https:\/\/www.cedol.org.ar\/logistica\/se-fue-visionario-la-logistica\/#primaryimage"},"image":{"@id":"https:\/\/www.cedol.org.ar\/logistica\/se-fue-visionario-la-logistica\/#primaryimage"},"thumbnailUrl":"https:\/\/www.cedol.org.ar\/logistica\/wp-content\/uploads\/2017\/12\/FOTO-3.jpg","datePublished":"2017-12-21T18:59:40+00:00","dateModified":"2017-12-21T18:59:40+00:00","author":{"@id":"https:\/\/www.cedol.org.ar\/logistica\/#\/schema\/person\/40275bdb20446824fc74d51aabe22e83"},"description":"Roberto Liatis, un visionario de la log\u00edstica, maestro de varias generaciones e impulsor de la asociatividad y la capacitaci\u00f3n, falleci\u00f3 en Buenos Aires","breadcrumb":{"@id":"https:\/\/www.cedol.org.ar\/logistica\/se-fue-visionario-la-logistica\/#breadcrumb"},"inLanguage":"es","potentialAction":[{"@type":"ReadAction","target":["https:\/\/www.cedol.org.ar\/logistica\/se-fue-visionario-la-logistica\/"]}]},{"@type":"ImageObject","inLanguage":"es","@id":"https:\/\/www.cedol.org.ar\/logistica\/se-fue-visionario-la-logistica\/#primaryimage","url":"https:\/\/www.cedol.org.ar\/logistica\/wp-content\/uploads\/2017\/12\/FOTO-3.jpg","contentUrl":"https:\/\/www.cedol.org.ar\/logistica\/wp-content\/uploads\/2017\/12\/FOTO-3.jpg","width":1024,"height":682},{"@type":"BreadcrumbList","@id":"https:\/\/www.cedol.org.ar\/logistica\/se-fue-visionario-la-logistica\/#breadcrumb","itemListElement":[{"@type":"ListItem","position":1,"name":"Home","item":"https:\/\/www.cedol.org.ar\/logistica\/"},{"@type":"ListItem","position":2,"name":"Se fue un visionario de la log\u00edstica"}]},{"@type":"WebSite","@id":"https:\/\/www.cedol.org.ar\/logistica\/#website","url":"https:\/\/www.cedol.org.ar\/logistica\/","name":"CEDOL","description":"C\u00c1MARA EMPRESARIA DE OPERADORES LOG\u00cdSTICOS","potentialAction":[{"@type":"SearchAction","target":{"@type":"EntryPoint","urlTemplate":"https:\/\/www.cedol.org.ar\/logistica\/?s={search_term_string}"},"query-input":"required name=search_term_string"}],"inLanguage":"es"},{"@type":"Person","@id":"https:\/\/www.cedol.org.ar\/logistica\/#\/schema\/person\/40275bdb20446824fc74d51aabe22e83","name":"admin"}]}},"_links":{"self":[{"href":"https:\/\/www.cedol.org.ar\/logistica\/wp-json\/wp\/v2\/posts\/1806","targetHints":{"allow":["GET"]}}],"collection":[{"href":"https:\/\/www.cedol.org.ar\/logistica\/wp-json\/wp\/v2\/posts"}],"about":[{"href":"https:\/\/www.cedol.org.ar\/logistica\/wp-json\/wp\/v2\/types\/post"}],"author":[{"embeddable":true,"href":"https:\/\/www.cedol.org.ar\/logistica\/wp-json\/wp\/v2\/users\/1"}],"replies":[{"embeddable":true,"href":"https:\/\/www.cedol.org.ar\/logistica\/wp-json\/wp\/v2\/comments?post=1806"}],"version-history":[{"count":1,"href":"https:\/\/www.cedol.org.ar\/logistica\/wp-json\/wp\/v2\/posts\/1806\/revisions"}],"predecessor-version":[{"id":1808,"href":"https:\/\/www.cedol.org.ar\/logistica\/wp-json\/wp\/v2\/posts\/1806\/revisions\/1808"}],"wp:featuredmedia":[{"embeddable":true,"href":"https:\/\/www.cedol.org.ar\/logistica\/wp-json\/wp\/v2\/media\/1807"}],"wp:attachment":[{"href":"https:\/\/www.cedol.org.ar\/logistica\/wp-json\/wp\/v2\/media?parent=1806"}],"wp:term":[{"taxonomy":"category","embeddable":true,"href":"https:\/\/www.cedol.org.ar\/logistica\/wp-json\/wp\/v2\/categories?post=1806"},{"taxonomy":"post_tag","embeddable":true,"href":"https:\/\/www.cedol.org.ar\/logistica\/wp-json\/wp\/v2\/tags?post=1806"}],"curies":[{"name":"wp","href":"https:\/\/api.w.org\/{rel}","templated":true}]}}