{"id":1796,"date":"2017-12-21T18:35:47","date_gmt":"2017-12-21T18:35:47","guid":{"rendered":"http:\/\/www.cedol.org.ar\/logistica\/?p=1796"},"modified":"2017-12-21T18:46:51","modified_gmt":"2017-12-21T18:46:51","slug":"cedol-despidio-ano-homenajes","status":"publish","type":"post","link":"https:\/\/www.cedol.org.ar\/logistica\/cedol-despidio-ano-homenajes\/","title":{"rendered":"CEDOL despidi\u00f3 el a\u00f1o con homenajes"},"content":{"rendered":"<p>Como cada a\u00f1o, el pasado 5 de diciembre, CEDOL realiz\u00f3 su habitual cena de camarader\u00eda para socios y colaboradores, en Punta Carrasco. En esta ocasi\u00f3n, que representa el 19\u00b0 aniversario de la creaci\u00f3n de la c\u00e1mara, la velada sirvi\u00f3 no solamente para realizar un repaso de actividades y postular desaf\u00edos para el 2018, sino que adem\u00e1s se permiti\u00f3 un sentido recuerdo para Roberto Liatis, recientemente fallecido, y el homenaje para las autoridades de FADEEAC, por su 50\u00b0 aniversario.<\/p>\n<p style=\"line-height: 28.9px;\"><img loading=\"lazy\" decoding=\"async\" class=\"size-full wp-image-1753 alignleft\" src=\"http:\/\/www.cedol.org.ar\/logistica\/wp-content\/uploads\/2017\/11\/logo-cedol1.png\" alt=\"\" width=\"110\" height=\"131\" \/><\/p>\n<p>El primero en hacer referencia a la figura de Liatis, fue el presidente de CEDOL, Jorge L\u00f3pez, quien destac\u00f3 su influencia y aporte a la log\u00edstica nacional y regional. Luego, adelant\u00f3 la tem\u00e1tica central del pr\u00f3ximo Encuentro de Cedol, centrada en tecnolog\u00edas y sistemas para Log\u00edstica.<\/p>\n<p>La c\u00e1mara cerr\u00f3 2017 con un total de 42 socios, 11 de ellos certificados con el Sello Cedol y $35.000 millones de facturaci\u00f3n entre todos sus socios. En ese sentido, L\u00f3pez asegur\u00f3 que si bien son muchos los logros, cada vez hay m\u00e1s por hacer. <em>\u201cAsumimos la presidencia de la Asociaci\u00f3n latinoamericana de Log\u00edstica (ALALOG), lo que representa un enorme compromiso como instituci\u00f3n y como pa\u00eds para seguir marcando tendencia en la regi\u00f3n\u201d<\/em>, destac\u00f3.<\/p>\n<p>A continuaci\u00f3n, L\u00f3pez insisti\u00f3 en la necesidad urgente de concretar un Consejo Nacional de Log\u00edstica, como ya poseen algunos pa\u00edses de la regi\u00f3n, y dejar de ir a paso lento al respecto, para profundizar su implementaci\u00f3n concreta. No obstante, destac\u00f3 el valor de <em>\u201clos primeros pasos que se est\u00e1n dando junto al gobierno a partir de la creaci\u00f3n de las mesas de log\u00edstica y competitividad, en las cuales hay que seguir trabajando y avanzando\u201d<\/em>.<\/p>\n<p>Para el directivo, si bien constituir estas mesas es clave entre los diferentes actores para la competitividad del sector, \u201ctambi\u00e9n debemos crear \u00e1mbitos de encuentro con otras organizaciones que participan en la supply chain y no est\u00e1n representadas para, de esa forma, compartir problem\u00e1ticas comunes e interactuar entre todos ordenadamente\u201d.<\/p>\n<p>Por \u00faltimo, el presidente de CEDOL reiter\u00f3 su compromiso para <em>\u201cjerarquizar las empresas y el sector como \u00fanico camino para que el mercado entienda el rol del operador log\u00edstico en la generaci\u00f3n de valor mediante la gesti\u00f3n de flujos en la supply chain\u201d<\/em>. Asimismo, indic\u00f3 que <em>\u201ces necesario volvernos m\u00e1s que un operador log\u00edstico para convertirnos en un gestionador de flujo que cada vez m\u00e1s agrega valor a sus clientes. Ese es el objetivo por el que trabajamos, para entender y presentar la SC como parte clave en la generaci\u00f3n de negocios\u201d<\/em>.<\/p>\n<p><strong>50\u00b0 Aniversario de FADEEAC<\/strong><\/p>\n<p>Por otro lado, en coincidencia con el d\u00eda del Camino, durante la cena se homenaje\u00f3 a la Federaci\u00f3n Argentina de Entidades Empresarias del Autotransporte de Cargas (FADEEAC) por sus 50 a\u00f1os, en la figura de su presidente Daniel Indart; y a Betty Schanz, secretaria de la entidad, por sus a\u00f1os de servicio al sector.<\/p>\n<p><em>\u201cFADEEAC se ha fortalecido en los \u00faltimos a\u00f1os y seguir\u00e1 por ese camino. Y Cedol nos muestra su profesionalizaci\u00f3n a lo largo de estos 19 a\u00f1os de vida, junto con el respaldo y acompa\u00f1amiento que nos brinda\u201d<\/em>, se\u00f1al\u00f3 Indart. Adem\u00e1s, agreg\u00f3 que <em>\u201cvenimos de a\u00f1os dif\u00edciles pero ahora vemos un crecimiento paulatino; aunque queremos bajar los costos y, sobre todo, la presi\u00f3n tributaria\u201d<\/em>.<\/p>\n<p>Finalmente, Indart tambi\u00e9n aprovech\u00f3 la ocasi\u00f3n para recordar a Roberto Liatis por su labor como miembro fundador de FADEEAC y <em>\u201csu impronta para la creaci\u00f3n del \u00edndice de costos, tanto de la federaci\u00f3n como de CEDOL\u201d<\/em>.<\/p>\n","protected":false},"excerpt":{"rendered":"<p>Como cada a\u00f1o, el pasado 5 de diciembre, CEDOL realiz\u00f3 su habitual cena de camarader\u00eda para socios y colaboradores, en Punta Carrasco. En esta ocasi\u00f3n, [&hellip;]<\/p>\n","protected":false},"author":1,"featured_media":1797,"comment_status":"open","ping_status":"open","sticky":false,"template":"","format":"standard","meta":{"_monsterinsights_skip_tracking":false,"_monsterinsights_sitenote_active":false,"_monsterinsights_sitenote_note":"","_monsterinsights_sitenote_category":0,"footnotes":""},"categories":[4],"tags":[],"class_list":["post-1796","post","type-post","status-publish","format-standard","has-post-thumbnail","hentry","category-noticias"],"yoast_head":"<!-- This site is optimized with the Yoast SEO plugin v22.3 - https:\/\/yoast.com\/wordpress\/plugins\/seo\/ -->\n<title>CEDOL despidi\u00f3 el a\u00f1o con homenajes &#187; CEDOL<\/title>\n<meta name=\"description\" content=\"Como cada a\u00f1o, el pasado 5 de diciembre, CEDOL realiz\u00f3 su habitual cena de camarader\u00eda para socios y colaboradores, en Punta Carrasco. En esta ocasi\u00f3n,\" \/>\n<meta name=\"robots\" content=\"index, follow, max-snippet:-1, max-image-preview:large, max-video-preview:-1\" \/>\n<link rel=\"canonical\" href=\"https:\/\/www.cedol.org.ar\/logistica\/cedol-despidio-ano-homenajes\/\" \/>\n<meta property=\"og:locale\" content=\"es_ES\" \/>\n<meta property=\"og:type\" content=\"article\" \/>\n<meta property=\"og:title\" content=\"CEDOL despidi\u00f3 el a\u00f1o con homenajes &#187; CEDOL\" \/>\n<meta property=\"og:description\" content=\"Como cada a\u00f1o, el pasado 5 de diciembre, CEDOL realiz\u00f3 su habitual cena de camarader\u00eda para socios y colaboradores, en Punta Carrasco. En esta ocasi\u00f3n,\" \/>\n<meta property=\"og:url\" content=\"https:\/\/www.cedol.org.ar\/logistica\/cedol-despidio-ano-homenajes\/\" \/>\n<meta property=\"og:site_name\" content=\"CEDOL\" \/>\n<meta property=\"article:published_time\" content=\"2017-12-21T18:35:47+00:00\" \/>\n<meta property=\"article:modified_time\" content=\"2017-12-21T18:46:51+00:00\" \/>\n<meta property=\"og:image\" content=\"https:\/\/www.cedol.org.ar\/logistica\/wp-content\/uploads\/2017\/12\/FOTO-1.jpg\" \/>\n\t<meta property=\"og:image:width\" content=\"2048\" \/>\n\t<meta property=\"og:image:height\" content=\"1152\" \/>\n\t<meta property=\"og:image:type\" content=\"image\/jpeg\" \/>\n<meta name=\"author\" content=\"admin\" \/>\n<meta name=\"twitter:card\" content=\"summary_large_image\" \/>\n<meta name=\"twitter:label1\" content=\"Escrito por\" \/>\n\t<meta name=\"twitter:data1\" content=\"admin\" \/>\n\t<meta name=\"twitter:label2\" content=\"Tiempo de lectura\" \/>\n\t<meta name=\"twitter:data2\" content=\"3 minutos\" \/>\n<script type=\"application\/ld+json\" class=\"yoast-schema-graph\">{\"@context\":\"https:\/\/schema.org\",\"@graph\":[{\"@type\":\"WebPage\",\"@id\":\"https:\/\/www.cedol.org.ar\/logistica\/cedol-despidio-ano-homenajes\/\",\"url\":\"https:\/\/www.cedol.org.ar\/logistica\/cedol-despidio-ano-homenajes\/\",\"name\":\"CEDOL despidi\u00f3 el a\u00f1o con homenajes &#187; CEDOL\",\"isPartOf\":{\"@id\":\"https:\/\/www.cedol.org.ar\/logistica\/#website\"},\"primaryImageOfPage\":{\"@id\":\"https:\/\/www.cedol.org.ar\/logistica\/cedol-despidio-ano-homenajes\/#primaryimage\"},\"image\":{\"@id\":\"https:\/\/www.cedol.org.ar\/logistica\/cedol-despidio-ano-homenajes\/#primaryimage\"},\"thumbnailUrl\":\"https:\/\/www.cedol.org.ar\/logistica\/wp-content\/uploads\/2017\/12\/FOTO-1.jpg\",\"datePublished\":\"2017-12-21T18:35:47+00:00\",\"dateModified\":\"2017-12-21T18:46:51+00:00\",\"author\":{\"@id\":\"https:\/\/www.cedol.org.ar\/logistica\/#\/schema\/person\/40275bdb20446824fc74d51aabe22e83\"},\"description\":\"Como cada a\u00f1o, el pasado 5 de diciembre, CEDOL realiz\u00f3 su habitual cena de camarader\u00eda para socios y colaboradores, en Punta Carrasco. En esta ocasi\u00f3n,\",\"breadcrumb\":{\"@id\":\"https:\/\/www.cedol.org.ar\/logistica\/cedol-despidio-ano-homenajes\/#breadcrumb\"},\"inLanguage\":\"es\",\"potentialAction\":[{\"@type\":\"ReadAction\",\"target\":[\"https:\/\/www.cedol.org.ar\/logistica\/cedol-despidio-ano-homenajes\/\"]}]},{\"@type\":\"ImageObject\",\"inLanguage\":\"es\",\"@id\":\"https:\/\/www.cedol.org.ar\/logistica\/cedol-despidio-ano-homenajes\/#primaryimage\",\"url\":\"https:\/\/www.cedol.org.ar\/logistica\/wp-content\/uploads\/2017\/12\/FOTO-1.jpg\",\"contentUrl\":\"https:\/\/www.cedol.org.ar\/logistica\/wp-content\/uploads\/2017\/12\/FOTO-1.jpg\",\"width\":2048,\"height\":1152},{\"@type\":\"BreadcrumbList\",\"@id\":\"https:\/\/www.cedol.org.ar\/logistica\/cedol-despidio-ano-homenajes\/#breadcrumb\",\"itemListElement\":[{\"@type\":\"ListItem\",\"position\":1,\"name\":\"Home\",\"item\":\"https:\/\/www.cedol.org.ar\/logistica\/\"},{\"@type\":\"ListItem\",\"position\":2,\"name\":\"CEDOL despidi\u00f3 el a\u00f1o con homenajes\"}]},{\"@type\":\"WebSite\",\"@id\":\"https:\/\/www.cedol.org.ar\/logistica\/#website\",\"url\":\"https:\/\/www.cedol.org.ar\/logistica\/\",\"name\":\"CEDOL\",\"description\":\"C\u00c1MARA EMPRESARIA DE OPERADORES LOG\u00cdSTICOS\",\"potentialAction\":[{\"@type\":\"SearchAction\",\"target\":{\"@type\":\"EntryPoint\",\"urlTemplate\":\"https:\/\/www.cedol.org.ar\/logistica\/?s={search_term_string}\"},\"query-input\":\"required name=search_term_string\"}],\"inLanguage\":\"es\"},{\"@type\":\"Person\",\"@id\":\"https:\/\/www.cedol.org.ar\/logistica\/#\/schema\/person\/40275bdb20446824fc74d51aabe22e83\",\"name\":\"admin\"}]}<\/script>\n<!-- \/ Yoast SEO plugin. -->","yoast_head_json":{"title":"CEDOL despidi\u00f3 el a\u00f1o con homenajes &#187; CEDOL","description":"Como cada a\u00f1o, el pasado 5 de diciembre, CEDOL realiz\u00f3 su habitual cena de camarader\u00eda para socios y colaboradores, en Punta Carrasco. En esta ocasi\u00f3n,","robots":{"index":"index","follow":"follow","max-snippet":"max-snippet:-1","max-image-preview":"max-image-preview:large","max-video-preview":"max-video-preview:-1"},"canonical":"https:\/\/www.cedol.org.ar\/logistica\/cedol-despidio-ano-homenajes\/","og_locale":"es_ES","og_type":"article","og_title":"CEDOL despidi\u00f3 el a\u00f1o con homenajes &#187; CEDOL","og_description":"Como cada a\u00f1o, el pasado 5 de diciembre, CEDOL realiz\u00f3 su habitual cena de camarader\u00eda para socios y colaboradores, en Punta Carrasco. En esta ocasi\u00f3n,","og_url":"https:\/\/www.cedol.org.ar\/logistica\/cedol-despidio-ano-homenajes\/","og_site_name":"CEDOL","article_published_time":"2017-12-21T18:35:47+00:00","article_modified_time":"2017-12-21T18:46:51+00:00","og_image":[{"width":2048,"height":1152,"url":"https:\/\/www.cedol.org.ar\/logistica\/wp-content\/uploads\/2017\/12\/FOTO-1.jpg","type":"image\/jpeg"}],"author":"admin","twitter_card":"summary_large_image","twitter_misc":{"Escrito por":"admin","Tiempo de lectura":"3 minutos"},"schema":{"@context":"https:\/\/schema.org","@graph":[{"@type":"WebPage","@id":"https:\/\/www.cedol.org.ar\/logistica\/cedol-despidio-ano-homenajes\/","url":"https:\/\/www.cedol.org.ar\/logistica\/cedol-despidio-ano-homenajes\/","name":"CEDOL despidi\u00f3 el a\u00f1o con homenajes &#187; CEDOL","isPartOf":{"@id":"https:\/\/www.cedol.org.ar\/logistica\/#website"},"primaryImageOfPage":{"@id":"https:\/\/www.cedol.org.ar\/logistica\/cedol-despidio-ano-homenajes\/#primaryimage"},"image":{"@id":"https:\/\/www.cedol.org.ar\/logistica\/cedol-despidio-ano-homenajes\/#primaryimage"},"thumbnailUrl":"https:\/\/www.cedol.org.ar\/logistica\/wp-content\/uploads\/2017\/12\/FOTO-1.jpg","datePublished":"2017-12-21T18:35:47+00:00","dateModified":"2017-12-21T18:46:51+00:00","author":{"@id":"https:\/\/www.cedol.org.ar\/logistica\/#\/schema\/person\/40275bdb20446824fc74d51aabe22e83"},"description":"Como cada a\u00f1o, el pasado 5 de diciembre, CEDOL realiz\u00f3 su habitual cena de camarader\u00eda para socios y colaboradores, en Punta Carrasco. En esta ocasi\u00f3n,","breadcrumb":{"@id":"https:\/\/www.cedol.org.ar\/logistica\/cedol-despidio-ano-homenajes\/#breadcrumb"},"inLanguage":"es","potentialAction":[{"@type":"ReadAction","target":["https:\/\/www.cedol.org.ar\/logistica\/cedol-despidio-ano-homenajes\/"]}]},{"@type":"ImageObject","inLanguage":"es","@id":"https:\/\/www.cedol.org.ar\/logistica\/cedol-despidio-ano-homenajes\/#primaryimage","url":"https:\/\/www.cedol.org.ar\/logistica\/wp-content\/uploads\/2017\/12\/FOTO-1.jpg","contentUrl":"https:\/\/www.cedol.org.ar\/logistica\/wp-content\/uploads\/2017\/12\/FOTO-1.jpg","width":2048,"height":1152},{"@type":"BreadcrumbList","@id":"https:\/\/www.cedol.org.ar\/logistica\/cedol-despidio-ano-homenajes\/#breadcrumb","itemListElement":[{"@type":"ListItem","position":1,"name":"Home","item":"https:\/\/www.cedol.org.ar\/logistica\/"},{"@type":"ListItem","position":2,"name":"CEDOL despidi\u00f3 el a\u00f1o con homenajes"}]},{"@type":"WebSite","@id":"https:\/\/www.cedol.org.ar\/logistica\/#website","url":"https:\/\/www.cedol.org.ar\/logistica\/","name":"CEDOL","description":"C\u00c1MARA EMPRESARIA DE OPERADORES LOG\u00cdSTICOS","potentialAction":[{"@type":"SearchAction","target":{"@type":"EntryPoint","urlTemplate":"https:\/\/www.cedol.org.ar\/logistica\/?s={search_term_string}"},"query-input":"required name=search_term_string"}],"inLanguage":"es"},{"@type":"Person","@id":"https:\/\/www.cedol.org.ar\/logistica\/#\/schema\/person\/40275bdb20446824fc74d51aabe22e83","name":"admin"}]}},"_links":{"self":[{"href":"https:\/\/www.cedol.org.ar\/logistica\/wp-json\/wp\/v2\/posts\/1796","targetHints":{"allow":["GET"]}}],"collection":[{"href":"https:\/\/www.cedol.org.ar\/logistica\/wp-json\/wp\/v2\/posts"}],"about":[{"href":"https:\/\/www.cedol.org.ar\/logistica\/wp-json\/wp\/v2\/types\/post"}],"author":[{"embeddable":true,"href":"https:\/\/www.cedol.org.ar\/logistica\/wp-json\/wp\/v2\/users\/1"}],"replies":[{"embeddable":true,"href":"https:\/\/www.cedol.org.ar\/logistica\/wp-json\/wp\/v2\/comments?post=1796"}],"version-history":[{"count":3,"href":"https:\/\/www.cedol.org.ar\/logistica\/wp-json\/wp\/v2\/posts\/1796\/revisions"}],"predecessor-version":[{"id":1801,"href":"https:\/\/www.cedol.org.ar\/logistica\/wp-json\/wp\/v2\/posts\/1796\/revisions\/1801"}],"wp:featuredmedia":[{"embeddable":true,"href":"https:\/\/www.cedol.org.ar\/logistica\/wp-json\/wp\/v2\/media\/1797"}],"wp:attachment":[{"href":"https:\/\/www.cedol.org.ar\/logistica\/wp-json\/wp\/v2\/media?parent=1796"}],"wp:term":[{"taxonomy":"category","embeddable":true,"href":"https:\/\/www.cedol.org.ar\/logistica\/wp-json\/wp\/v2\/categories?post=1796"},{"taxonomy":"post_tag","embeddable":true,"href":"https:\/\/www.cedol.org.ar\/logistica\/wp-json\/wp\/v2\/tags?post=1796"}],"curies":[{"name":"wp","href":"https:\/\/api.w.org\/{rel}","templated":true}]}}