{"id":1782,"date":"2017-11-29T15:52:28","date_gmt":"2017-11-29T15:52:28","guid":{"rendered":"http:\/\/www.cedol.org.ar\/logistica\/?p=1782"},"modified":"2017-11-29T23:48:20","modified_gmt":"2017-11-29T23:48:20","slug":"la-ruta-la-seda","status":"publish","type":"post","link":"https:\/\/www.cedol.org.ar\/logistica\/la-ruta-la-seda\/","title":{"rendered":"La Ruta de la Seda"},"content":{"rendered":"<p><b>GEFCO<\/b><span style=\"font-weight: 400;\"> recibi\u00f3 en Francia su primer tren cargado con containers completos desde China, tras un viaje de 11.000 km. En menos de 3 semanas, el tren transport\u00f3 containers desde Wuhan (China), hasta Dourges (Francia), para su cliente PSA. El viaje del tren bloque recorri\u00f3 Kazajist\u00e1n, Rusia y Bielorrusia. Luego continu\u00f3 por Polonia y Alemania antes de llegar a la terminal de Dourges en Francia.<\/span><\/p>\n<p><img loading=\"lazy\" decoding=\"async\" class=\"size-full wp-image-1783 alignleft\" src=\"http:\/\/www.cedol.org.ar\/logistica\/wp-content\/uploads\/2017\/11\/GEFCO_amplia_transporte_carga_no_Brasil-.jpg\" alt=\"\" width=\"750\" height=\"345\" srcset=\"https:\/\/www.cedol.org.ar\/logistica\/wp-content\/uploads\/2017\/11\/GEFCO_amplia_transporte_carga_no_Brasil-.jpg 750w, https:\/\/www.cedol.org.ar\/logistica\/wp-content\/uploads\/2017\/11\/GEFCO_amplia_transporte_carga_no_Brasil--300x138.jpg 300w\" sizes=\"auto, (max-width: 750px) 100vw, 750px\" \/>Este primer traslado es parte de la iniciativa One-Belt-One-Road presentada por el gobierno chino para aprovechar el nuevo itinerario de la Ruta de la Seda, que une China con Europa. El v\u00ednculo establecido con Francia podr\u00e1 estrechar el contacto entre los expedidores y consignatarios, ya que la mayor\u00eda de los itinerarios del nuevo recorrido ten\u00edan, hasta ahora, destinos finales en Alemania y Polonia.<\/p>\n","protected":false},"excerpt":{"rendered":"<p>GEFCO recibi\u00f3 en Francia su primer tren cargado con containers completos desde China, tras un viaje de 11.000 km. En menos de 3 semanas, el [&hellip;]<\/p>\n","protected":false},"author":1,"featured_media":1783,"comment_status":"open","ping_status":"open","sticky":false,"template":"","format":"standard","meta":{"_monsterinsights_skip_tracking":false,"_monsterinsights_sitenote_active":false,"_monsterinsights_sitenote_note":"","_monsterinsights_sitenote_category":0,"footnotes":""},"categories":[4,1],"tags":[],"class_list":["post-1782","post","type-post","status-publish","format-standard","has-post-thumbnail","hentry","category-noticias","category-uncategorized"],"yoast_head":"<!-- This site is optimized with the Yoast SEO plugin v22.3 - https:\/\/yoast.com\/wordpress\/plugins\/seo\/ -->\n<title>La Ruta de la Seda &#187; CEDOL<\/title>\n<meta name=\"description\" content=\"GEFCO recibi\u00f3 en Francia su primer tren cargado con containers completos desde China, tras un viaje de 11.000 km. En menos de 3 semanas, el tren\" \/>\n<meta name=\"robots\" content=\"index, follow, max-snippet:-1, max-image-preview:large, max-video-preview:-1\" \/>\n<link rel=\"canonical\" href=\"https:\/\/www.cedol.org.ar\/logistica\/la-ruta-la-seda\/\" \/>\n<meta property=\"og:locale\" content=\"es_ES\" \/>\n<meta property=\"og:type\" content=\"article\" \/>\n<meta property=\"og:title\" content=\"La Ruta de la Seda &#187; CEDOL\" \/>\n<meta property=\"og:description\" content=\"GEFCO recibi\u00f3 en Francia su primer tren cargado con containers completos desde China, tras un viaje de 11.000 km. En menos de 3 semanas, el tren\" \/>\n<meta property=\"og:url\" content=\"https:\/\/www.cedol.org.ar\/logistica\/la-ruta-la-seda\/\" \/>\n<meta property=\"og:site_name\" content=\"CEDOL\" \/>\n<meta property=\"article:published_time\" content=\"2017-11-29T15:52:28+00:00\" \/>\n<meta property=\"article:modified_time\" content=\"2017-11-29T23:48:20+00:00\" \/>\n<meta property=\"og:image\" content=\"https:\/\/www.cedol.org.ar\/logistica\/wp-content\/uploads\/2017\/11\/GEFCO_amplia_transporte_carga_no_Brasil-.jpg\" \/>\n\t<meta property=\"og:image:width\" content=\"750\" \/>\n\t<meta property=\"og:image:height\" content=\"345\" \/>\n\t<meta property=\"og:image:type\" content=\"image\/jpeg\" \/>\n<meta name=\"author\" content=\"admin\" \/>\n<meta name=\"twitter:card\" content=\"summary_large_image\" \/>\n<meta name=\"twitter:label1\" content=\"Escrito por\" \/>\n\t<meta name=\"twitter:data1\" content=\"admin\" \/>\n\t<meta name=\"twitter:label2\" content=\"Tiempo de lectura\" \/>\n\t<meta name=\"twitter:data2\" content=\"1 minuto\" \/>\n<script type=\"application\/ld+json\" class=\"yoast-schema-graph\">{\"@context\":\"https:\/\/schema.org\",\"@graph\":[{\"@type\":\"WebPage\",\"@id\":\"https:\/\/www.cedol.org.ar\/logistica\/la-ruta-la-seda\/\",\"url\":\"https:\/\/www.cedol.org.ar\/logistica\/la-ruta-la-seda\/\",\"name\":\"La Ruta de la Seda &#187; CEDOL\",\"isPartOf\":{\"@id\":\"https:\/\/www.cedol.org.ar\/logistica\/#website\"},\"primaryImageOfPage\":{\"@id\":\"https:\/\/www.cedol.org.ar\/logistica\/la-ruta-la-seda\/#primaryimage\"},\"image\":{\"@id\":\"https:\/\/www.cedol.org.ar\/logistica\/la-ruta-la-seda\/#primaryimage\"},\"thumbnailUrl\":\"https:\/\/www.cedol.org.ar\/logistica\/wp-content\/uploads\/2017\/11\/GEFCO_amplia_transporte_carga_no_Brasil-.jpg\",\"datePublished\":\"2017-11-29T15:52:28+00:00\",\"dateModified\":\"2017-11-29T23:48:20+00:00\",\"author\":{\"@id\":\"https:\/\/www.cedol.org.ar\/logistica\/#\/schema\/person\/40275bdb20446824fc74d51aabe22e83\"},\"description\":\"GEFCO recibi\u00f3 en Francia su primer tren cargado con containers completos desde China, tras un viaje de 11.000 km. En menos de 3 semanas, el tren\",\"breadcrumb\":{\"@id\":\"https:\/\/www.cedol.org.ar\/logistica\/la-ruta-la-seda\/#breadcrumb\"},\"inLanguage\":\"es\",\"potentialAction\":[{\"@type\":\"ReadAction\",\"target\":[\"https:\/\/www.cedol.org.ar\/logistica\/la-ruta-la-seda\/\"]}]},{\"@type\":\"ImageObject\",\"inLanguage\":\"es\",\"@id\":\"https:\/\/www.cedol.org.ar\/logistica\/la-ruta-la-seda\/#primaryimage\",\"url\":\"https:\/\/www.cedol.org.ar\/logistica\/wp-content\/uploads\/2017\/11\/GEFCO_amplia_transporte_carga_no_Brasil-.jpg\",\"contentUrl\":\"https:\/\/www.cedol.org.ar\/logistica\/wp-content\/uploads\/2017\/11\/GEFCO_amplia_transporte_carga_no_Brasil-.jpg\",\"width\":750,\"height\":345},{\"@type\":\"BreadcrumbList\",\"@id\":\"https:\/\/www.cedol.org.ar\/logistica\/la-ruta-la-seda\/#breadcrumb\",\"itemListElement\":[{\"@type\":\"ListItem\",\"position\":1,\"name\":\"Home\",\"item\":\"https:\/\/www.cedol.org.ar\/logistica\/\"},{\"@type\":\"ListItem\",\"position\":2,\"name\":\"La Ruta de la Seda\"}]},{\"@type\":\"WebSite\",\"@id\":\"https:\/\/www.cedol.org.ar\/logistica\/#website\",\"url\":\"https:\/\/www.cedol.org.ar\/logistica\/\",\"name\":\"CEDOL\",\"description\":\"C\u00c1MARA EMPRESARIA DE OPERADORES LOG\u00cdSTICOS\",\"potentialAction\":[{\"@type\":\"SearchAction\",\"target\":{\"@type\":\"EntryPoint\",\"urlTemplate\":\"https:\/\/www.cedol.org.ar\/logistica\/?s={search_term_string}\"},\"query-input\":\"required name=search_term_string\"}],\"inLanguage\":\"es\"},{\"@type\":\"Person\",\"@id\":\"https:\/\/www.cedol.org.ar\/logistica\/#\/schema\/person\/40275bdb20446824fc74d51aabe22e83\",\"name\":\"admin\"}]}<\/script>\n<!-- \/ Yoast SEO plugin. -->","yoast_head_json":{"title":"La Ruta de la Seda &#187; CEDOL","description":"GEFCO recibi\u00f3 en Francia su primer tren cargado con containers completos desde China, tras un viaje de 11.000 km. En menos de 3 semanas, el tren","robots":{"index":"index","follow":"follow","max-snippet":"max-snippet:-1","max-image-preview":"max-image-preview:large","max-video-preview":"max-video-preview:-1"},"canonical":"https:\/\/www.cedol.org.ar\/logistica\/la-ruta-la-seda\/","og_locale":"es_ES","og_type":"article","og_title":"La Ruta de la Seda &#187; CEDOL","og_description":"GEFCO recibi\u00f3 en Francia su primer tren cargado con containers completos desde China, tras un viaje de 11.000 km. En menos de 3 semanas, el tren","og_url":"https:\/\/www.cedol.org.ar\/logistica\/la-ruta-la-seda\/","og_site_name":"CEDOL","article_published_time":"2017-11-29T15:52:28+00:00","article_modified_time":"2017-11-29T23:48:20+00:00","og_image":[{"width":750,"height":345,"url":"https:\/\/www.cedol.org.ar\/logistica\/wp-content\/uploads\/2017\/11\/GEFCO_amplia_transporte_carga_no_Brasil-.jpg","type":"image\/jpeg"}],"author":"admin","twitter_card":"summary_large_image","twitter_misc":{"Escrito por":"admin","Tiempo de lectura":"1 minuto"},"schema":{"@context":"https:\/\/schema.org","@graph":[{"@type":"WebPage","@id":"https:\/\/www.cedol.org.ar\/logistica\/la-ruta-la-seda\/","url":"https:\/\/www.cedol.org.ar\/logistica\/la-ruta-la-seda\/","name":"La Ruta de la Seda &#187; CEDOL","isPartOf":{"@id":"https:\/\/www.cedol.org.ar\/logistica\/#website"},"primaryImageOfPage":{"@id":"https:\/\/www.cedol.org.ar\/logistica\/la-ruta-la-seda\/#primaryimage"},"image":{"@id":"https:\/\/www.cedol.org.ar\/logistica\/la-ruta-la-seda\/#primaryimage"},"thumbnailUrl":"https:\/\/www.cedol.org.ar\/logistica\/wp-content\/uploads\/2017\/11\/GEFCO_amplia_transporte_carga_no_Brasil-.jpg","datePublished":"2017-11-29T15:52:28+00:00","dateModified":"2017-11-29T23:48:20+00:00","author":{"@id":"https:\/\/www.cedol.org.ar\/logistica\/#\/schema\/person\/40275bdb20446824fc74d51aabe22e83"},"description":"GEFCO recibi\u00f3 en Francia su primer tren cargado con containers completos desde China, tras un viaje de 11.000 km. En menos de 3 semanas, el tren","breadcrumb":{"@id":"https:\/\/www.cedol.org.ar\/logistica\/la-ruta-la-seda\/#breadcrumb"},"inLanguage":"es","potentialAction":[{"@type":"ReadAction","target":["https:\/\/www.cedol.org.ar\/logistica\/la-ruta-la-seda\/"]}]},{"@type":"ImageObject","inLanguage":"es","@id":"https:\/\/www.cedol.org.ar\/logistica\/la-ruta-la-seda\/#primaryimage","url":"https:\/\/www.cedol.org.ar\/logistica\/wp-content\/uploads\/2017\/11\/GEFCO_amplia_transporte_carga_no_Brasil-.jpg","contentUrl":"https:\/\/www.cedol.org.ar\/logistica\/wp-content\/uploads\/2017\/11\/GEFCO_amplia_transporte_carga_no_Brasil-.jpg","width":750,"height":345},{"@type":"BreadcrumbList","@id":"https:\/\/www.cedol.org.ar\/logistica\/la-ruta-la-seda\/#breadcrumb","itemListElement":[{"@type":"ListItem","position":1,"name":"Home","item":"https:\/\/www.cedol.org.ar\/logistica\/"},{"@type":"ListItem","position":2,"name":"La Ruta de la Seda"}]},{"@type":"WebSite","@id":"https:\/\/www.cedol.org.ar\/logistica\/#website","url":"https:\/\/www.cedol.org.ar\/logistica\/","name":"CEDOL","description":"C\u00c1MARA EMPRESARIA DE OPERADORES LOG\u00cdSTICOS","potentialAction":[{"@type":"SearchAction","target":{"@type":"EntryPoint","urlTemplate":"https:\/\/www.cedol.org.ar\/logistica\/?s={search_term_string}"},"query-input":"required name=search_term_string"}],"inLanguage":"es"},{"@type":"Person","@id":"https:\/\/www.cedol.org.ar\/logistica\/#\/schema\/person\/40275bdb20446824fc74d51aabe22e83","name":"admin"}]}},"_links":{"self":[{"href":"https:\/\/www.cedol.org.ar\/logistica\/wp-json\/wp\/v2\/posts\/1782","targetHints":{"allow":["GET"]}}],"collection":[{"href":"https:\/\/www.cedol.org.ar\/logistica\/wp-json\/wp\/v2\/posts"}],"about":[{"href":"https:\/\/www.cedol.org.ar\/logistica\/wp-json\/wp\/v2\/types\/post"}],"author":[{"embeddable":true,"href":"https:\/\/www.cedol.org.ar\/logistica\/wp-json\/wp\/v2\/users\/1"}],"replies":[{"embeddable":true,"href":"https:\/\/www.cedol.org.ar\/logistica\/wp-json\/wp\/v2\/comments?post=1782"}],"version-history":[{"count":2,"href":"https:\/\/www.cedol.org.ar\/logistica\/wp-json\/wp\/v2\/posts\/1782\/revisions"}],"predecessor-version":[{"id":1790,"href":"https:\/\/www.cedol.org.ar\/logistica\/wp-json\/wp\/v2\/posts\/1782\/revisions\/1790"}],"wp:featuredmedia":[{"embeddable":true,"href":"https:\/\/www.cedol.org.ar\/logistica\/wp-json\/wp\/v2\/media\/1783"}],"wp:attachment":[{"href":"https:\/\/www.cedol.org.ar\/logistica\/wp-json\/wp\/v2\/media?parent=1782"}],"wp:term":[{"taxonomy":"category","embeddable":true,"href":"https:\/\/www.cedol.org.ar\/logistica\/wp-json\/wp\/v2\/categories?post=1782"},{"taxonomy":"post_tag","embeddable":true,"href":"https:\/\/www.cedol.org.ar\/logistica\/wp-json\/wp\/v2\/tags?post=1782"}],"curies":[{"name":"wp","href":"https:\/\/api.w.org\/{rel}","templated":true}]}}