{"id":1779,"date":"2017-11-29T15:48:19","date_gmt":"2017-11-29T15:48:19","guid":{"rendered":"http:\/\/www.cedol.org.ar\/logistica\/?p=1779"},"modified":"2017-11-29T23:49:34","modified_gmt":"2017-11-29T23:49:34","slug":"sostenibilidad-y-consolidacion","status":"publish","type":"post","link":"https:\/\/www.cedol.org.ar\/logistica\/sostenibilidad-y-consolidacion\/","title":{"rendered":"Sostenibilidad y consolidaci\u00f3n"},"content":{"rendered":"<p><b>Zarcam<\/b><span style=\"font-weight: 400;\"> presentar\u00e1 el 5\u00b0 reporte de sostenibilidad, que incluye un balance econ\u00f3mico, social y ambiental de la compa\u00f1\u00eda en su \u00faltimo a\u00f1o. Adem\u00e1s, la compa\u00f1\u00eda anunci\u00f3 que se consolida en la regi\u00f3n con m\u00e1s de 90 mil metros cuadrados de dep\u00f3sito, de los cuales 35 mil est\u00e1n en el Parque Industrial de Pilar y 55 mil en Z\u00e1rate. Tambi\u00e9n, cuenta con un predio en C\u00f3rdoba en donde est\u00e1n concentrando toda la operaci\u00f3n en el norte y centro del pa\u00eds.<\/span><\/p>\n<p><img loading=\"lazy\" decoding=\"async\" class=\"aligncenter size-large wp-image-1780\" src=\"http:\/\/www.cedol.org.ar\/logistica\/wp-content\/uploads\/2017\/11\/0b1d78c-1024x344.png\" alt=\"\" width=\"616\" height=\"207\" srcset=\"https:\/\/www.cedol.org.ar\/logistica\/wp-content\/uploads\/2017\/11\/0b1d78c-1024x344.png 1024w, https:\/\/www.cedol.org.ar\/logistica\/wp-content\/uploads\/2017\/11\/0b1d78c-300x101.png 300w, https:\/\/www.cedol.org.ar\/logistica\/wp-content\/uploads\/2017\/11\/0b1d78c-768x258.png 768w, https:\/\/www.cedol.org.ar\/logistica\/wp-content\/uploads\/2017\/11\/0b1d78c-816x274.png 816w, https:\/\/www.cedol.org.ar\/logistica\/wp-content\/uploads\/2017\/11\/0b1d78c.png 1181w\" sizes=\"auto, (max-width: 616px) 100vw, 616px\" \/><\/p>\n<p><i><span style=\"font-weight: 400;\">\u201cHoy la compa\u00f1\u00eda cuanta con dos unidades de negocios. La primera se remonta a los inicios en 1971 que es como prestadora de servicios de transporte de combustibles\u201d<\/span><\/i><span style=\"font-weight: 400;\">, record\u00f3 su gerente de Ventas, Germ\u00e1n Breunig. La segunda unidad de negocio se comienza a desarrollar en la d\u00e9cada de 1980 con los servicios de log\u00edstica: <\/span><i><span style=\"font-weight: 400;\">\u201cA partir de all\u00ed, la empresa se dedic\u00f3 a consolidar su formaci\u00f3n como Operador Log\u00edstico, prestando servicios a importantes industrias e ingresando en un nuevo mercado, el Parque Industrial Pilar\u201d<\/span><\/i><span style=\"font-weight: 400;\">, agreg\u00f3 Breunig.<\/span><\/p>\n","protected":false},"excerpt":{"rendered":"<p>Zarcam presentar\u00e1 el 5\u00b0 reporte de sostenibilidad, que incluye un balance econ\u00f3mico, social y ambiental de la compa\u00f1\u00eda en su \u00faltimo a\u00f1o. Adem\u00e1s, la compa\u00f1\u00eda [&hellip;]<\/p>\n","protected":false},"author":1,"featured_media":1791,"comment_status":"open","ping_status":"open","sticky":false,"template":"","format":"standard","meta":{"_monsterinsights_skip_tracking":false,"_monsterinsights_sitenote_active":false,"_monsterinsights_sitenote_note":"","_monsterinsights_sitenote_category":0,"footnotes":""},"categories":[4],"tags":[],"class_list":["post-1779","post","type-post","status-publish","format-standard","has-post-thumbnail","hentry","category-noticias"],"yoast_head":"<!-- This site is optimized with the Yoast SEO plugin v22.3 - https:\/\/yoast.com\/wordpress\/plugins\/seo\/ -->\n<title>Sostenibilidad y consolidaci\u00f3n &#187; CEDOL<\/title>\n<meta name=\"description\" content=\"Zarcam presentar\u00e1 el 5\u00b0 reporte de sostenibilidad, que incluye un balance econ\u00f3mico, social y ambiental de la compa\u00f1\u00eda en su \u00faltimo a\u00f1o. Adem\u00e1s, la\" \/>\n<meta name=\"robots\" content=\"index, follow, max-snippet:-1, max-image-preview:large, max-video-preview:-1\" \/>\n<link rel=\"canonical\" href=\"https:\/\/www.cedol.org.ar\/logistica\/sostenibilidad-y-consolidacion\/\" \/>\n<meta property=\"og:locale\" content=\"es_ES\" \/>\n<meta property=\"og:type\" content=\"article\" \/>\n<meta property=\"og:title\" content=\"Sostenibilidad y consolidaci\u00f3n &#187; CEDOL\" \/>\n<meta property=\"og:description\" content=\"Zarcam presentar\u00e1 el 5\u00b0 reporte de sostenibilidad, que incluye un balance econ\u00f3mico, social y ambiental de la compa\u00f1\u00eda en su \u00faltimo a\u00f1o. Adem\u00e1s, la\" \/>\n<meta property=\"og:url\" content=\"https:\/\/www.cedol.org.ar\/logistica\/sostenibilidad-y-consolidacion\/\" \/>\n<meta property=\"og:site_name\" content=\"CEDOL\" \/>\n<meta property=\"article:published_time\" content=\"2017-11-29T15:48:19+00:00\" \/>\n<meta property=\"article:modified_time\" content=\"2017-11-29T23:49:34+00:00\" \/>\n<meta property=\"og:image\" content=\"https:\/\/www.cedol.org.ar\/logistica\/wp-content\/uploads\/2017\/11\/logo.png\" \/>\n\t<meta property=\"og:image:width\" content=\"280\" \/>\n\t<meta property=\"og:image:height\" content=\"58\" \/>\n\t<meta property=\"og:image:type\" content=\"image\/png\" \/>\n<meta name=\"author\" content=\"admin\" \/>\n<meta name=\"twitter:card\" content=\"summary_large_image\" \/>\n<meta name=\"twitter:label1\" content=\"Escrito por\" \/>\n\t<meta name=\"twitter:data1\" content=\"admin\" \/>\n\t<meta name=\"twitter:label2\" content=\"Tiempo de lectura\" \/>\n\t<meta name=\"twitter:data2\" content=\"1 minuto\" \/>\n<script type=\"application\/ld+json\" class=\"yoast-schema-graph\">{\"@context\":\"https:\/\/schema.org\",\"@graph\":[{\"@type\":\"WebPage\",\"@id\":\"https:\/\/www.cedol.org.ar\/logistica\/sostenibilidad-y-consolidacion\/\",\"url\":\"https:\/\/www.cedol.org.ar\/logistica\/sostenibilidad-y-consolidacion\/\",\"name\":\"Sostenibilidad y consolidaci\u00f3n &#187; CEDOL\",\"isPartOf\":{\"@id\":\"https:\/\/www.cedol.org.ar\/logistica\/#website\"},\"primaryImageOfPage\":{\"@id\":\"https:\/\/www.cedol.org.ar\/logistica\/sostenibilidad-y-consolidacion\/#primaryimage\"},\"image\":{\"@id\":\"https:\/\/www.cedol.org.ar\/logistica\/sostenibilidad-y-consolidacion\/#primaryimage\"},\"thumbnailUrl\":\"https:\/\/www.cedol.org.ar\/logistica\/wp-content\/uploads\/2017\/11\/logo.png\",\"datePublished\":\"2017-11-29T15:48:19+00:00\",\"dateModified\":\"2017-11-29T23:49:34+00:00\",\"author\":{\"@id\":\"https:\/\/www.cedol.org.ar\/logistica\/#\/schema\/person\/40275bdb20446824fc74d51aabe22e83\"},\"description\":\"Zarcam presentar\u00e1 el 5\u00b0 reporte de sostenibilidad, que incluye un balance econ\u00f3mico, social y ambiental de la compa\u00f1\u00eda en su \u00faltimo a\u00f1o. Adem\u00e1s, la\",\"breadcrumb\":{\"@id\":\"https:\/\/www.cedol.org.ar\/logistica\/sostenibilidad-y-consolidacion\/#breadcrumb\"},\"inLanguage\":\"es\",\"potentialAction\":[{\"@type\":\"ReadAction\",\"target\":[\"https:\/\/www.cedol.org.ar\/logistica\/sostenibilidad-y-consolidacion\/\"]}]},{\"@type\":\"ImageObject\",\"inLanguage\":\"es\",\"@id\":\"https:\/\/www.cedol.org.ar\/logistica\/sostenibilidad-y-consolidacion\/#primaryimage\",\"url\":\"https:\/\/www.cedol.org.ar\/logistica\/wp-content\/uploads\/2017\/11\/logo.png\",\"contentUrl\":\"https:\/\/www.cedol.org.ar\/logistica\/wp-content\/uploads\/2017\/11\/logo.png\",\"width\":280,\"height\":58},{\"@type\":\"BreadcrumbList\",\"@id\":\"https:\/\/www.cedol.org.ar\/logistica\/sostenibilidad-y-consolidacion\/#breadcrumb\",\"itemListElement\":[{\"@type\":\"ListItem\",\"position\":1,\"name\":\"Home\",\"item\":\"https:\/\/www.cedol.org.ar\/logistica\/\"},{\"@type\":\"ListItem\",\"position\":2,\"name\":\"Sostenibilidad y consolidaci\u00f3n\"}]},{\"@type\":\"WebSite\",\"@id\":\"https:\/\/www.cedol.org.ar\/logistica\/#website\",\"url\":\"https:\/\/www.cedol.org.ar\/logistica\/\",\"name\":\"CEDOL\",\"description\":\"C\u00c1MARA EMPRESARIA DE OPERADORES LOG\u00cdSTICOS\",\"potentialAction\":[{\"@type\":\"SearchAction\",\"target\":{\"@type\":\"EntryPoint\",\"urlTemplate\":\"https:\/\/www.cedol.org.ar\/logistica\/?s={search_term_string}\"},\"query-input\":\"required name=search_term_string\"}],\"inLanguage\":\"es\"},{\"@type\":\"Person\",\"@id\":\"https:\/\/www.cedol.org.ar\/logistica\/#\/schema\/person\/40275bdb20446824fc74d51aabe22e83\",\"name\":\"admin\"}]}<\/script>\n<!-- \/ Yoast SEO plugin. -->","yoast_head_json":{"title":"Sostenibilidad y consolidaci\u00f3n &#187; CEDOL","description":"Zarcam presentar\u00e1 el 5\u00b0 reporte de sostenibilidad, que incluye un balance econ\u00f3mico, social y ambiental de la compa\u00f1\u00eda en su \u00faltimo a\u00f1o. Adem\u00e1s, la","robots":{"index":"index","follow":"follow","max-snippet":"max-snippet:-1","max-image-preview":"max-image-preview:large","max-video-preview":"max-video-preview:-1"},"canonical":"https:\/\/www.cedol.org.ar\/logistica\/sostenibilidad-y-consolidacion\/","og_locale":"es_ES","og_type":"article","og_title":"Sostenibilidad y consolidaci\u00f3n &#187; CEDOL","og_description":"Zarcam presentar\u00e1 el 5\u00b0 reporte de sostenibilidad, que incluye un balance econ\u00f3mico, social y ambiental de la compa\u00f1\u00eda en su \u00faltimo a\u00f1o. Adem\u00e1s, la","og_url":"https:\/\/www.cedol.org.ar\/logistica\/sostenibilidad-y-consolidacion\/","og_site_name":"CEDOL","article_published_time":"2017-11-29T15:48:19+00:00","article_modified_time":"2017-11-29T23:49:34+00:00","og_image":[{"width":280,"height":58,"url":"https:\/\/www.cedol.org.ar\/logistica\/wp-content\/uploads\/2017\/11\/logo.png","type":"image\/png"}],"author":"admin","twitter_card":"summary_large_image","twitter_misc":{"Escrito por":"admin","Tiempo de lectura":"1 minuto"},"schema":{"@context":"https:\/\/schema.org","@graph":[{"@type":"WebPage","@id":"https:\/\/www.cedol.org.ar\/logistica\/sostenibilidad-y-consolidacion\/","url":"https:\/\/www.cedol.org.ar\/logistica\/sostenibilidad-y-consolidacion\/","name":"Sostenibilidad y consolidaci\u00f3n &#187; CEDOL","isPartOf":{"@id":"https:\/\/www.cedol.org.ar\/logistica\/#website"},"primaryImageOfPage":{"@id":"https:\/\/www.cedol.org.ar\/logistica\/sostenibilidad-y-consolidacion\/#primaryimage"},"image":{"@id":"https:\/\/www.cedol.org.ar\/logistica\/sostenibilidad-y-consolidacion\/#primaryimage"},"thumbnailUrl":"https:\/\/www.cedol.org.ar\/logistica\/wp-content\/uploads\/2017\/11\/logo.png","datePublished":"2017-11-29T15:48:19+00:00","dateModified":"2017-11-29T23:49:34+00:00","author":{"@id":"https:\/\/www.cedol.org.ar\/logistica\/#\/schema\/person\/40275bdb20446824fc74d51aabe22e83"},"description":"Zarcam presentar\u00e1 el 5\u00b0 reporte de sostenibilidad, que incluye un balance econ\u00f3mico, social y ambiental de la compa\u00f1\u00eda en su \u00faltimo a\u00f1o. Adem\u00e1s, la","breadcrumb":{"@id":"https:\/\/www.cedol.org.ar\/logistica\/sostenibilidad-y-consolidacion\/#breadcrumb"},"inLanguage":"es","potentialAction":[{"@type":"ReadAction","target":["https:\/\/www.cedol.org.ar\/logistica\/sostenibilidad-y-consolidacion\/"]}]},{"@type":"ImageObject","inLanguage":"es","@id":"https:\/\/www.cedol.org.ar\/logistica\/sostenibilidad-y-consolidacion\/#primaryimage","url":"https:\/\/www.cedol.org.ar\/logistica\/wp-content\/uploads\/2017\/11\/logo.png","contentUrl":"https:\/\/www.cedol.org.ar\/logistica\/wp-content\/uploads\/2017\/11\/logo.png","width":280,"height":58},{"@type":"BreadcrumbList","@id":"https:\/\/www.cedol.org.ar\/logistica\/sostenibilidad-y-consolidacion\/#breadcrumb","itemListElement":[{"@type":"ListItem","position":1,"name":"Home","item":"https:\/\/www.cedol.org.ar\/logistica\/"},{"@type":"ListItem","position":2,"name":"Sostenibilidad y consolidaci\u00f3n"}]},{"@type":"WebSite","@id":"https:\/\/www.cedol.org.ar\/logistica\/#website","url":"https:\/\/www.cedol.org.ar\/logistica\/","name":"CEDOL","description":"C\u00c1MARA EMPRESARIA DE OPERADORES LOG\u00cdSTICOS","potentialAction":[{"@type":"SearchAction","target":{"@type":"EntryPoint","urlTemplate":"https:\/\/www.cedol.org.ar\/logistica\/?s={search_term_string}"},"query-input":"required name=search_term_string"}],"inLanguage":"es"},{"@type":"Person","@id":"https:\/\/www.cedol.org.ar\/logistica\/#\/schema\/person\/40275bdb20446824fc74d51aabe22e83","name":"admin"}]}},"_links":{"self":[{"href":"https:\/\/www.cedol.org.ar\/logistica\/wp-json\/wp\/v2\/posts\/1779","targetHints":{"allow":["GET"]}}],"collection":[{"href":"https:\/\/www.cedol.org.ar\/logistica\/wp-json\/wp\/v2\/posts"}],"about":[{"href":"https:\/\/www.cedol.org.ar\/logistica\/wp-json\/wp\/v2\/types\/post"}],"author":[{"embeddable":true,"href":"https:\/\/www.cedol.org.ar\/logistica\/wp-json\/wp\/v2\/users\/1"}],"replies":[{"embeddable":true,"href":"https:\/\/www.cedol.org.ar\/logistica\/wp-json\/wp\/v2\/comments?post=1779"}],"version-history":[{"count":1,"href":"https:\/\/www.cedol.org.ar\/logistica\/wp-json\/wp\/v2\/posts\/1779\/revisions"}],"predecessor-version":[{"id":1781,"href":"https:\/\/www.cedol.org.ar\/logistica\/wp-json\/wp\/v2\/posts\/1779\/revisions\/1781"}],"wp:featuredmedia":[{"embeddable":true,"href":"https:\/\/www.cedol.org.ar\/logistica\/wp-json\/wp\/v2\/media\/1791"}],"wp:attachment":[{"href":"https:\/\/www.cedol.org.ar\/logistica\/wp-json\/wp\/v2\/media?parent=1779"}],"wp:term":[{"taxonomy":"category","embeddable":true,"href":"https:\/\/www.cedol.org.ar\/logistica\/wp-json\/wp\/v2\/categories?post=1779"},{"taxonomy":"post_tag","embeddable":true,"href":"https:\/\/www.cedol.org.ar\/logistica\/wp-json\/wp\/v2\/tags?post=1779"}],"curies":[{"name":"wp","href":"https:\/\/api.w.org\/{rel}","templated":true}]}}