{"id":1698,"date":"2017-09-27T15:27:15","date_gmt":"2017-09-27T15:27:15","guid":{"rendered":"http:\/\/www.cedol.org.ar\/logistica\/?p=1698"},"modified":"2017-11-24T18:09:46","modified_gmt":"2017-11-24T18:09:46","slug":"primera-central-inteligente-transferencia-pais","status":"publish","type":"post","link":"https:\/\/www.cedol.org.ar\/logistica\/primera-central-inteligente-transferencia-pais\/","title":{"rendered":"Primera Central Inteligente de Transferencia en el pa\u00eds"},"content":{"rendered":"<p>Con una inversi\u00f3n de $700 millones, el Grupo Log\u00edstico Andreani inaugur\u00f3 la primera Central de Transferencia de un integrador log\u00edstico totalmente automatizada, en su nueva Planta Norlog, ubicada en la Plataforma Log\u00edstica Industrial Tigre (Benav\u00eddez). El acto inaugural cont\u00f3 con la presencia del Ministro de Transporte de la Naci\u00f3n, Guillermo Dietrich; el Ministro de Trabajo, Empleo y Seguridad Social de la Naci\u00f3n, Jorge Triaca; el Diputado Nacional, Sergio Massa; el Intendente Municipal de Tigre, Julio Zamora; el Secretario General de la Federaci\u00f3n Nacional de Trabajadores Camioneros, Hugo Moyano, entre otros funcionarios de gobierno, c\u00e1maras y asociaciones profesionales del sector log\u00edstico, y un gran n\u00famero de clientes, proveedores, instituciones y profesionales ligados a la actividad log\u00edstica, periodistas, directivos y miembros de la compa\u00f1\u00eda, que superaron en total las 1000 personas asistentes.<img loading=\"lazy\" decoding=\"async\" class=\"aligncenter size-large wp-image-1699\" src=\"http:\/\/www.cedol.org.ar\/logistica\/wp-content\/uploads\/2017\/09\/FOTO-3-1024x683.jpg\" alt=\"\" width=\"584\" height=\"390\" srcset=\"https:\/\/www.cedol.org.ar\/logistica\/wp-content\/uploads\/2017\/09\/FOTO-3-1024x683.jpg 1024w, https:\/\/www.cedol.org.ar\/logistica\/wp-content\/uploads\/2017\/09\/FOTO-3-300x200.jpg 300w, https:\/\/www.cedol.org.ar\/logistica\/wp-content\/uploads\/2017\/09\/FOTO-3-768x512.jpg 768w, https:\/\/www.cedol.org.ar\/logistica\/wp-content\/uploads\/2017\/09\/FOTO-3-450x300.jpg 450w, https:\/\/www.cedol.org.ar\/logistica\/wp-content\/uploads\/2017\/09\/FOTO-3.jpg 1425w\" sizes=\"auto, (max-width: 584px) 100vw, 584px\" \/><\/p>\n<p>La nueva Central Inteligente de Transferencia opera como un nodo que organiza la red de distribuci\u00f3n f\u00edsica de la firma en todo el pa\u00eds y fue concebida para alcanzar un alto grado de productividad y eficiencia en la gesti\u00f3n de los flujos f\u00edsicos e inform\u00e1ticos, mediante el desarrollo y articulaci\u00f3n de una serie de tecnolog\u00edas que posibilitan: acortar los tiempos de procesos; minimizar errores y\/o cruce de destinos; la trazabilidad durante toda la cadena log\u00edstica; monitorear a demanda, mediante videoc\u00e1maras, todo el trayecto de un env\u00edo dentro de la central; as\u00ed como racionalizar el uso de la energ\u00eda y materiales.<\/p>\n<p>Su puesta en marcha supone la culminaci\u00f3n de la primera etapa de un plan estrat\u00e9gico orientado a atender el crecimiento de las cargas de las pr\u00f3ximas d\u00e9cadas, que demand\u00f3 una inversi\u00f3n aproximada de $700 millones.<\/p>\n<p><em>\u201cEs impactante el centro log\u00edstico que inaugura Andreani. Quiero felicitar a Oscar Andreani, su familia y a quienes trabajan en la compa\u00f1\u00eda por apostar por el pa\u00eds, pensar en el largo plazo y animarse a innovar\u201d<\/em>, afirm\u00f3 el Ministro de Transporte de la Naci\u00f3n, Guillermo Dietrich. Y concluy\u00f3: <em>\u201cse trata de una empresa argentina, con argentinos que crecen y se desarrollan, y que trasciende de una generaci\u00f3n a otra\u201d<\/em>.<\/p>\n<p>Por su parte, el Intendente Municipal de Tigre, Julio Zamora, sostuvo: <em>\u201cvaloramos el esfuerzo de la compa\u00f1\u00eda, la confianza depositada en el Municipio, ya que sin dudas este desarrollo va a generar todav\u00eda m\u00e1s empleo para nuestros vecinos\u201d<\/em>. Y agreg\u00f3: <em>\u201chemos transitado siete a\u00f1os de trabajo, no exento de discusiones, pero s\u00ed desde el convencimiento que con esfuerzo, dedicaci\u00f3n e innovaci\u00f3n se puede ir hacia adelante, sin degradar el entorno y hacerlo junto a los vecinos. Hay obras que se hicieron desde Andreani pensando en la comunidad y eso es muy importante para el municipio de Tigre\u201d<\/em>.<\/p>\n<p>Por \u00faltimo, el presidente del Grupo, Oscar Andreani, explic\u00f3: <em>\u201cLuego de atreverse a so\u00f1ar, hay que trabajar e invertir. Nuestros equipos est\u00e1n formados por personas capaces, apasionadas y comprometidas, que han puesto todo su conocimiento y su coraz\u00f3n en este proyecto. A cada una de estas personas quiero agradecerles profundamente: primero por creer y despu\u00e9s por ponerse el sue\u00f1o al hombro\u00bb<\/em>.<\/p>\n","protected":false},"excerpt":{"rendered":"<p>Con una inversi\u00f3n de $700 millones, el Grupo Log\u00edstico Andreani inaugur\u00f3 la primera Central de Transferencia de un integrador log\u00edstico totalmente automatizada, en su nueva [&hellip;]<\/p>\n","protected":false},"author":1,"featured_media":1699,"comment_status":"open","ping_status":"open","sticky":false,"template":"","format":"standard","meta":{"_monsterinsights_skip_tracking":false,"_monsterinsights_sitenote_active":false,"_monsterinsights_sitenote_note":"","_monsterinsights_sitenote_category":0,"footnotes":""},"categories":[4],"tags":[],"class_list":["post-1698","post","type-post","status-publish","format-standard","has-post-thumbnail","hentry","category-noticias"],"yoast_head":"<!-- This site is optimized with the Yoast SEO plugin v22.3 - https:\/\/yoast.com\/wordpress\/plugins\/seo\/ -->\n<title>Primera Central Inteligente de Transferencia en el pa\u00eds &#187; CEDOL<\/title>\n<meta name=\"description\" content=\"Con una inversi\u00f3n de $700 millones, el Grupo Log\u00edstico Andreani inaugur\u00f3 la primera Central de Transferencia de un integrador log\u00edstico totalmente\" \/>\n<meta name=\"robots\" content=\"index, follow, max-snippet:-1, max-image-preview:large, max-video-preview:-1\" \/>\n<link rel=\"canonical\" href=\"https:\/\/www.cedol.org.ar\/logistica\/primera-central-inteligente-transferencia-pais\/\" \/>\n<meta property=\"og:locale\" content=\"es_ES\" \/>\n<meta property=\"og:type\" content=\"article\" \/>\n<meta property=\"og:title\" content=\"Primera Central Inteligente de Transferencia en el pa\u00eds &#187; CEDOL\" \/>\n<meta property=\"og:description\" content=\"Con una inversi\u00f3n de $700 millones, el Grupo Log\u00edstico Andreani inaugur\u00f3 la primera Central de Transferencia de un integrador log\u00edstico totalmente\" \/>\n<meta property=\"og:url\" content=\"https:\/\/www.cedol.org.ar\/logistica\/primera-central-inteligente-transferencia-pais\/\" \/>\n<meta property=\"og:site_name\" content=\"CEDOL\" \/>\n<meta property=\"article:published_time\" content=\"2017-09-27T15:27:15+00:00\" \/>\n<meta property=\"article:modified_time\" content=\"2017-11-24T18:09:46+00:00\" \/>\n<meta property=\"og:image\" content=\"https:\/\/www.cedol.org.ar\/logistica\/wp-content\/uploads\/2017\/09\/FOTO-3.jpg\" \/>\n\t<meta property=\"og:image:width\" content=\"1425\" \/>\n\t<meta property=\"og:image:height\" content=\"950\" \/>\n\t<meta property=\"og:image:type\" content=\"image\/jpeg\" \/>\n<meta name=\"author\" content=\"admin\" \/>\n<meta name=\"twitter:card\" content=\"summary_large_image\" \/>\n<meta name=\"twitter:label1\" content=\"Escrito por\" \/>\n\t<meta name=\"twitter:data1\" content=\"admin\" \/>\n\t<meta name=\"twitter:label2\" content=\"Tiempo de lectura\" \/>\n\t<meta name=\"twitter:data2\" content=\"3 minutos\" \/>\n<script type=\"application\/ld+json\" class=\"yoast-schema-graph\">{\"@context\":\"https:\/\/schema.org\",\"@graph\":[{\"@type\":\"WebPage\",\"@id\":\"https:\/\/www.cedol.org.ar\/logistica\/primera-central-inteligente-transferencia-pais\/\",\"url\":\"https:\/\/www.cedol.org.ar\/logistica\/primera-central-inteligente-transferencia-pais\/\",\"name\":\"Primera Central Inteligente de Transferencia en el pa\u00eds &#187; CEDOL\",\"isPartOf\":{\"@id\":\"https:\/\/www.cedol.org.ar\/logistica\/#website\"},\"primaryImageOfPage\":{\"@id\":\"https:\/\/www.cedol.org.ar\/logistica\/primera-central-inteligente-transferencia-pais\/#primaryimage\"},\"image\":{\"@id\":\"https:\/\/www.cedol.org.ar\/logistica\/primera-central-inteligente-transferencia-pais\/#primaryimage\"},\"thumbnailUrl\":\"https:\/\/www.cedol.org.ar\/logistica\/wp-content\/uploads\/2017\/09\/FOTO-3.jpg\",\"datePublished\":\"2017-09-27T15:27:15+00:00\",\"dateModified\":\"2017-11-24T18:09:46+00:00\",\"author\":{\"@id\":\"https:\/\/www.cedol.org.ar\/logistica\/#\/schema\/person\/40275bdb20446824fc74d51aabe22e83\"},\"description\":\"Con una inversi\u00f3n de $700 millones, el Grupo Log\u00edstico Andreani inaugur\u00f3 la primera Central de Transferencia de un integrador log\u00edstico totalmente\",\"breadcrumb\":{\"@id\":\"https:\/\/www.cedol.org.ar\/logistica\/primera-central-inteligente-transferencia-pais\/#breadcrumb\"},\"inLanguage\":\"es\",\"potentialAction\":[{\"@type\":\"ReadAction\",\"target\":[\"https:\/\/www.cedol.org.ar\/logistica\/primera-central-inteligente-transferencia-pais\/\"]}]},{\"@type\":\"ImageObject\",\"inLanguage\":\"es\",\"@id\":\"https:\/\/www.cedol.org.ar\/logistica\/primera-central-inteligente-transferencia-pais\/#primaryimage\",\"url\":\"https:\/\/www.cedol.org.ar\/logistica\/wp-content\/uploads\/2017\/09\/FOTO-3.jpg\",\"contentUrl\":\"https:\/\/www.cedol.org.ar\/logistica\/wp-content\/uploads\/2017\/09\/FOTO-3.jpg\",\"width\":1425,\"height\":950},{\"@type\":\"BreadcrumbList\",\"@id\":\"https:\/\/www.cedol.org.ar\/logistica\/primera-central-inteligente-transferencia-pais\/#breadcrumb\",\"itemListElement\":[{\"@type\":\"ListItem\",\"position\":1,\"name\":\"Home\",\"item\":\"https:\/\/www.cedol.org.ar\/logistica\/\"},{\"@type\":\"ListItem\",\"position\":2,\"name\":\"Primera Central Inteligente de Transferencia en el pa\u00eds\"}]},{\"@type\":\"WebSite\",\"@id\":\"https:\/\/www.cedol.org.ar\/logistica\/#website\",\"url\":\"https:\/\/www.cedol.org.ar\/logistica\/\",\"name\":\"CEDOL\",\"description\":\"C\u00c1MARA EMPRESARIA DE OPERADORES LOG\u00cdSTICOS\",\"potentialAction\":[{\"@type\":\"SearchAction\",\"target\":{\"@type\":\"EntryPoint\",\"urlTemplate\":\"https:\/\/www.cedol.org.ar\/logistica\/?s={search_term_string}\"},\"query-input\":\"required name=search_term_string\"}],\"inLanguage\":\"es\"},{\"@type\":\"Person\",\"@id\":\"https:\/\/www.cedol.org.ar\/logistica\/#\/schema\/person\/40275bdb20446824fc74d51aabe22e83\",\"name\":\"admin\"}]}<\/script>\n<!-- \/ Yoast SEO plugin. -->","yoast_head_json":{"title":"Primera Central Inteligente de Transferencia en el pa\u00eds &#187; CEDOL","description":"Con una inversi\u00f3n de $700 millones, el Grupo Log\u00edstico Andreani inaugur\u00f3 la primera Central de Transferencia de un integrador log\u00edstico totalmente","robots":{"index":"index","follow":"follow","max-snippet":"max-snippet:-1","max-image-preview":"max-image-preview:large","max-video-preview":"max-video-preview:-1"},"canonical":"https:\/\/www.cedol.org.ar\/logistica\/primera-central-inteligente-transferencia-pais\/","og_locale":"es_ES","og_type":"article","og_title":"Primera Central Inteligente de Transferencia en el pa\u00eds &#187; CEDOL","og_description":"Con una inversi\u00f3n de $700 millones, el Grupo Log\u00edstico Andreani inaugur\u00f3 la primera Central de Transferencia de un integrador log\u00edstico totalmente","og_url":"https:\/\/www.cedol.org.ar\/logistica\/primera-central-inteligente-transferencia-pais\/","og_site_name":"CEDOL","article_published_time":"2017-09-27T15:27:15+00:00","article_modified_time":"2017-11-24T18:09:46+00:00","og_image":[{"width":1425,"height":950,"url":"https:\/\/www.cedol.org.ar\/logistica\/wp-content\/uploads\/2017\/09\/FOTO-3.jpg","type":"image\/jpeg"}],"author":"admin","twitter_card":"summary_large_image","twitter_misc":{"Escrito por":"admin","Tiempo de lectura":"3 minutos"},"schema":{"@context":"https:\/\/schema.org","@graph":[{"@type":"WebPage","@id":"https:\/\/www.cedol.org.ar\/logistica\/primera-central-inteligente-transferencia-pais\/","url":"https:\/\/www.cedol.org.ar\/logistica\/primera-central-inteligente-transferencia-pais\/","name":"Primera Central Inteligente de Transferencia en el pa\u00eds &#187; CEDOL","isPartOf":{"@id":"https:\/\/www.cedol.org.ar\/logistica\/#website"},"primaryImageOfPage":{"@id":"https:\/\/www.cedol.org.ar\/logistica\/primera-central-inteligente-transferencia-pais\/#primaryimage"},"image":{"@id":"https:\/\/www.cedol.org.ar\/logistica\/primera-central-inteligente-transferencia-pais\/#primaryimage"},"thumbnailUrl":"https:\/\/www.cedol.org.ar\/logistica\/wp-content\/uploads\/2017\/09\/FOTO-3.jpg","datePublished":"2017-09-27T15:27:15+00:00","dateModified":"2017-11-24T18:09:46+00:00","author":{"@id":"https:\/\/www.cedol.org.ar\/logistica\/#\/schema\/person\/40275bdb20446824fc74d51aabe22e83"},"description":"Con una inversi\u00f3n de $700 millones, el Grupo Log\u00edstico Andreani inaugur\u00f3 la primera Central de Transferencia de un integrador log\u00edstico totalmente","breadcrumb":{"@id":"https:\/\/www.cedol.org.ar\/logistica\/primera-central-inteligente-transferencia-pais\/#breadcrumb"},"inLanguage":"es","potentialAction":[{"@type":"ReadAction","target":["https:\/\/www.cedol.org.ar\/logistica\/primera-central-inteligente-transferencia-pais\/"]}]},{"@type":"ImageObject","inLanguage":"es","@id":"https:\/\/www.cedol.org.ar\/logistica\/primera-central-inteligente-transferencia-pais\/#primaryimage","url":"https:\/\/www.cedol.org.ar\/logistica\/wp-content\/uploads\/2017\/09\/FOTO-3.jpg","contentUrl":"https:\/\/www.cedol.org.ar\/logistica\/wp-content\/uploads\/2017\/09\/FOTO-3.jpg","width":1425,"height":950},{"@type":"BreadcrumbList","@id":"https:\/\/www.cedol.org.ar\/logistica\/primera-central-inteligente-transferencia-pais\/#breadcrumb","itemListElement":[{"@type":"ListItem","position":1,"name":"Home","item":"https:\/\/www.cedol.org.ar\/logistica\/"},{"@type":"ListItem","position":2,"name":"Primera Central Inteligente de Transferencia en el pa\u00eds"}]},{"@type":"WebSite","@id":"https:\/\/www.cedol.org.ar\/logistica\/#website","url":"https:\/\/www.cedol.org.ar\/logistica\/","name":"CEDOL","description":"C\u00c1MARA EMPRESARIA DE OPERADORES LOG\u00cdSTICOS","potentialAction":[{"@type":"SearchAction","target":{"@type":"EntryPoint","urlTemplate":"https:\/\/www.cedol.org.ar\/logistica\/?s={search_term_string}"},"query-input":"required name=search_term_string"}],"inLanguage":"es"},{"@type":"Person","@id":"https:\/\/www.cedol.org.ar\/logistica\/#\/schema\/person\/40275bdb20446824fc74d51aabe22e83","name":"admin"}]}},"_links":{"self":[{"href":"https:\/\/www.cedol.org.ar\/logistica\/wp-json\/wp\/v2\/posts\/1698","targetHints":{"allow":["GET"]}}],"collection":[{"href":"https:\/\/www.cedol.org.ar\/logistica\/wp-json\/wp\/v2\/posts"}],"about":[{"href":"https:\/\/www.cedol.org.ar\/logistica\/wp-json\/wp\/v2\/types\/post"}],"author":[{"embeddable":true,"href":"https:\/\/www.cedol.org.ar\/logistica\/wp-json\/wp\/v2\/users\/1"}],"replies":[{"embeddable":true,"href":"https:\/\/www.cedol.org.ar\/logistica\/wp-json\/wp\/v2\/comments?post=1698"}],"version-history":[{"count":1,"href":"https:\/\/www.cedol.org.ar\/logistica\/wp-json\/wp\/v2\/posts\/1698\/revisions"}],"predecessor-version":[{"id":1700,"href":"https:\/\/www.cedol.org.ar\/logistica\/wp-json\/wp\/v2\/posts\/1698\/revisions\/1700"}],"wp:featuredmedia":[{"embeddable":true,"href":"https:\/\/www.cedol.org.ar\/logistica\/wp-json\/wp\/v2\/media\/1699"}],"wp:attachment":[{"href":"https:\/\/www.cedol.org.ar\/logistica\/wp-json\/wp\/v2\/media?parent=1698"}],"wp:term":[{"taxonomy":"category","embeddable":true,"href":"https:\/\/www.cedol.org.ar\/logistica\/wp-json\/wp\/v2\/categories?post=1698"},{"taxonomy":"post_tag","embeddable":true,"href":"https:\/\/www.cedol.org.ar\/logistica\/wp-json\/wp\/v2\/tags?post=1698"}],"curies":[{"name":"wp","href":"https:\/\/api.w.org\/{rel}","templated":true}]}}