{"id":1695,"date":"2017-09-27T15:21:12","date_gmt":"2017-09-27T15:21:12","guid":{"rendered":"http:\/\/www.cedol.org.ar\/logistica\/?p=1695"},"modified":"2017-11-24T18:10:07","modified_gmt":"2017-11-24T18:10:07","slug":"se-realizo-consejo-federal-corrientes","status":"publish","type":"post","link":"https:\/\/www.cedol.org.ar\/logistica\/se-realizo-consejo-federal-corrientes\/","title":{"rendered":"Se realiz\u00f3 el Consejo Federal en Corrientes"},"content":{"rendered":"<p>Un nuevo Consejo Federal de la Federaci\u00f3n Argentina de Entidades Empresarias del Autotransporte de Cargas (FADEEAC) se llev\u00f3 a cabo bajo la coordinaci\u00f3n de la C\u00e1mara Empresaria del Transporte Automotor de Cargas de Corrientes (CETACC), con el objetivo de conocer las novedades del desempe\u00f1o de cada Departamento de la entidad nacional y proyectar acciones. La jornada fue presidida por la m\u00e1xima autoridad de la entidad nacional, Daniel Indart, y cont\u00f3 en su primer bloque con disertaciones de autoridades provinciales.<img loading=\"lazy\" decoding=\"async\" class=\"aligncenter size-full wp-image-1696\" src=\"http:\/\/www.cedol.org.ar\/logistica\/wp-content\/uploads\/2017\/09\/FOTO-2.jpg\" alt=\"\" width=\"963\" height=\"713\" srcset=\"https:\/\/www.cedol.org.ar\/logistica\/wp-content\/uploads\/2017\/09\/FOTO-2.jpg 963w, https:\/\/www.cedol.org.ar\/logistica\/wp-content\/uploads\/2017\/09\/FOTO-2-300x222.jpg 300w, https:\/\/www.cedol.org.ar\/logistica\/wp-content\/uploads\/2017\/09\/FOTO-2-768x569.jpg 768w, https:\/\/www.cedol.org.ar\/logistica\/wp-content\/uploads\/2017\/09\/FOTO-2-405x300.jpg 405w\" sizes=\"auto, (max-width: 963px) 100vw, 963px\" \/><\/p>\n<p>Tras las palabras de bienvenida del titular de la entidad anfitriona, Jos\u00e9 Gerardo Ojeda, y de Indart, el presidente del Senado de Corrientes, Gustavo Canteros, se\u00f1al\u00f3 la importancia de que el encuentro se realice en la provincia y la trascendencia que espera que tengan las conclusiones que deriven de \u00e9l.<\/p>\n<p>A su turno, el ministro de la Producci\u00f3n de Corrientes, Jorge Vara, repas\u00f3 cu\u00e1les son los principales productos que se llevan desde la provincia al pa\u00eds y cruzan la frontera hasta pa\u00edses lim\u00edtrofes, en lo que interviene el transporte de cargas. El del arroz, el lim\u00f3n, la yerba y la madera son sectores en crecimiento, seg\u00fan resalt\u00f3, al tiempo que aclar\u00f3 que los valores de los que parten los productores regionales surgen de lo que marcan los precios internacionales. Se explay\u00f3 sobre la demanda transportista que generar\u00e1 la producci\u00f3n forestal y, en t\u00e9rminos viales, sobre la inversi\u00f3n en la colocaci\u00f3n de ripio y la incidencia del mantenimiento de la infraestructura caminera sobre la actividad del sector.<\/p>\n<p>La primera parte del Consejo Federal -realizado en la sede de la Federaci\u00f3n Econ\u00f3mica de Corrientes (FEC)- tambi\u00e9n cont\u00f3 con la exposici\u00f3n del economista de la UBA invitado por el Banco de Corrientes, Nicol\u00e1s Salvatore, sobre la actualidad de la econom\u00eda. El profesional remarc\u00f3 que <em>\u201cel pa\u00eds est\u00e1 en un proceso econ\u00f3mico esperanzador, con claras evidencias de un lento, aunque paulatino crecimiento\u201d<\/em>. Luego, se realiz\u00f3 una reuni\u00f3n con presidentes y consejeros de las C\u00e1maras con el presidente de la Fundaci\u00f3n Profesional para el Transporte, Oscar Iraola, y el secretario de la entidad, \u00c1ngel Fuente, sobre la realizaci\u00f3n de los cursos para choferes en todo el pa\u00eds.<\/p>\n<p><strong>Acciones y desaf\u00edos<\/strong><\/p>\n<p>Tras las disertaciones, inici\u00f3 la sesi\u00f3n federal, como es habitual, con la lectura de la correspondencia recibida por la Presidencia, en un panel conformado por el titular de FADEEAC, Daniel Indart; el secretario general, Guillermo Werner, y el tesorero, Mat\u00edas Belusci. Luego, se repasaron las actividades en las que participaron las m\u00e1ximas autoridades en representaci\u00f3n de la entidad. A continuaci\u00f3n, la prosecretaria general, Ana Moran, comparti\u00f3 el informe de la Comisi\u00f3n de Reglamento y Coparticipaci\u00f3n. Le sigui\u00f3 Juan Aguilar, secretario de Relaciones Institucionales y Prensa, que detall\u00f3 el alcance de las acciones de comunicaci\u00f3n del \u00e1rea, tanto en redes sociales como en medios de alcance nacional. Por la FPT, Iraola cont\u00f3 las tareas realizadas y el estado de los cursos obligatorios para choferes, ya que la entidad fue nuevamente elegida para brindarlos.<\/p>\n<p>La jornada tambi\u00e9n convoc\u00f3 a repasar por zona del pa\u00eds el estado del tr\u00e1nsito y buscar puntos en com\u00fan para una reciente exposici\u00f3n por C\u00e1mara de sus proyectos y actividades en una jornada realizada en Mendoza.<\/p>\n<p>A modo de conclusi\u00f3n, se acord\u00f3 que todas las C\u00e1maras volvieran a reunirse pronto para celebrar el Consejo Federal 832, con la intenci\u00f3n de continuar el trabajo en pos del desarrollo del autotransporte de cargas.<\/p>\n<p>&nbsp;<\/p>\n","protected":false},"excerpt":{"rendered":"<p>Un nuevo Consejo Federal de la Federaci\u00f3n Argentina de Entidades Empresarias del Autotransporte de Cargas (FADEEAC) se llev\u00f3 a cabo bajo la coordinaci\u00f3n de la [&hellip;]<\/p>\n","protected":false},"author":1,"featured_media":1696,"comment_status":"open","ping_status":"open","sticky":false,"template":"","format":"standard","meta":{"_monsterinsights_skip_tracking":false,"_monsterinsights_sitenote_active":false,"_monsterinsights_sitenote_note":"","_monsterinsights_sitenote_category":0,"footnotes":""},"categories":[4],"tags":[],"class_list":["post-1695","post","type-post","status-publish","format-standard","has-post-thumbnail","hentry","category-noticias"],"yoast_head":"<!-- This site is optimized with the Yoast SEO plugin v22.3 - https:\/\/yoast.com\/wordpress\/plugins\/seo\/ -->\n<title>Se realiz\u00f3 el Consejo Federal en Corrientes &#187; CEDOL<\/title>\n<meta name=\"description\" content=\"Un nuevo Consejo Federal de la Federaci\u00f3n Argentina de Entidades Empresarias del Autotransporte de Cargas (FADEEAC) se llev\u00f3 a cabo bajo la coordinaci\u00f3n\" \/>\n<meta name=\"robots\" content=\"index, follow, max-snippet:-1, max-image-preview:large, max-video-preview:-1\" \/>\n<link rel=\"canonical\" href=\"https:\/\/www.cedol.org.ar\/logistica\/se-realizo-consejo-federal-corrientes\/\" \/>\n<meta property=\"og:locale\" content=\"es_ES\" \/>\n<meta property=\"og:type\" content=\"article\" \/>\n<meta property=\"og:title\" content=\"Se realiz\u00f3 el Consejo Federal en Corrientes &#187; CEDOL\" \/>\n<meta property=\"og:description\" content=\"Un nuevo Consejo Federal de la Federaci\u00f3n Argentina de Entidades Empresarias del Autotransporte de Cargas (FADEEAC) se llev\u00f3 a cabo bajo la coordinaci\u00f3n\" \/>\n<meta property=\"og:url\" content=\"https:\/\/www.cedol.org.ar\/logistica\/se-realizo-consejo-federal-corrientes\/\" \/>\n<meta property=\"og:site_name\" content=\"CEDOL\" \/>\n<meta property=\"article:published_time\" content=\"2017-09-27T15:21:12+00:00\" \/>\n<meta property=\"article:modified_time\" content=\"2017-11-24T18:10:07+00:00\" \/>\n<meta property=\"og:image\" content=\"https:\/\/www.cedol.org.ar\/logistica\/wp-content\/uploads\/2017\/09\/FOTO-2.jpg\" \/>\n\t<meta property=\"og:image:width\" content=\"963\" \/>\n\t<meta property=\"og:image:height\" content=\"713\" \/>\n\t<meta property=\"og:image:type\" content=\"image\/jpeg\" \/>\n<meta name=\"author\" content=\"admin\" \/>\n<meta name=\"twitter:card\" content=\"summary_large_image\" \/>\n<meta name=\"twitter:label1\" content=\"Escrito por\" \/>\n\t<meta name=\"twitter:data1\" content=\"admin\" \/>\n\t<meta name=\"twitter:label2\" content=\"Tiempo de lectura\" \/>\n\t<meta name=\"twitter:data2\" content=\"3 minutos\" \/>\n<script type=\"application\/ld+json\" class=\"yoast-schema-graph\">{\"@context\":\"https:\/\/schema.org\",\"@graph\":[{\"@type\":\"WebPage\",\"@id\":\"https:\/\/www.cedol.org.ar\/logistica\/se-realizo-consejo-federal-corrientes\/\",\"url\":\"https:\/\/www.cedol.org.ar\/logistica\/se-realizo-consejo-federal-corrientes\/\",\"name\":\"Se realiz\u00f3 el Consejo Federal en Corrientes &#187; CEDOL\",\"isPartOf\":{\"@id\":\"https:\/\/www.cedol.org.ar\/logistica\/#website\"},\"primaryImageOfPage\":{\"@id\":\"https:\/\/www.cedol.org.ar\/logistica\/se-realizo-consejo-federal-corrientes\/#primaryimage\"},\"image\":{\"@id\":\"https:\/\/www.cedol.org.ar\/logistica\/se-realizo-consejo-federal-corrientes\/#primaryimage\"},\"thumbnailUrl\":\"https:\/\/www.cedol.org.ar\/logistica\/wp-content\/uploads\/2017\/09\/FOTO-2.jpg\",\"datePublished\":\"2017-09-27T15:21:12+00:00\",\"dateModified\":\"2017-11-24T18:10:07+00:00\",\"author\":{\"@id\":\"https:\/\/www.cedol.org.ar\/logistica\/#\/schema\/person\/40275bdb20446824fc74d51aabe22e83\"},\"description\":\"Un nuevo Consejo Federal de la Federaci\u00f3n Argentina de Entidades Empresarias del Autotransporte de Cargas (FADEEAC) se llev\u00f3 a cabo bajo la coordinaci\u00f3n\",\"breadcrumb\":{\"@id\":\"https:\/\/www.cedol.org.ar\/logistica\/se-realizo-consejo-federal-corrientes\/#breadcrumb\"},\"inLanguage\":\"es\",\"potentialAction\":[{\"@type\":\"ReadAction\",\"target\":[\"https:\/\/www.cedol.org.ar\/logistica\/se-realizo-consejo-federal-corrientes\/\"]}]},{\"@type\":\"ImageObject\",\"inLanguage\":\"es\",\"@id\":\"https:\/\/www.cedol.org.ar\/logistica\/se-realizo-consejo-federal-corrientes\/#primaryimage\",\"url\":\"https:\/\/www.cedol.org.ar\/logistica\/wp-content\/uploads\/2017\/09\/FOTO-2.jpg\",\"contentUrl\":\"https:\/\/www.cedol.org.ar\/logistica\/wp-content\/uploads\/2017\/09\/FOTO-2.jpg\",\"width\":963,\"height\":713},{\"@type\":\"BreadcrumbList\",\"@id\":\"https:\/\/www.cedol.org.ar\/logistica\/se-realizo-consejo-federal-corrientes\/#breadcrumb\",\"itemListElement\":[{\"@type\":\"ListItem\",\"position\":1,\"name\":\"Home\",\"item\":\"https:\/\/www.cedol.org.ar\/logistica\/\"},{\"@type\":\"ListItem\",\"position\":2,\"name\":\"Se realiz\u00f3 el Consejo Federal en Corrientes\"}]},{\"@type\":\"WebSite\",\"@id\":\"https:\/\/www.cedol.org.ar\/logistica\/#website\",\"url\":\"https:\/\/www.cedol.org.ar\/logistica\/\",\"name\":\"CEDOL\",\"description\":\"C\u00c1MARA EMPRESARIA DE OPERADORES LOG\u00cdSTICOS\",\"potentialAction\":[{\"@type\":\"SearchAction\",\"target\":{\"@type\":\"EntryPoint\",\"urlTemplate\":\"https:\/\/www.cedol.org.ar\/logistica\/?s={search_term_string}\"},\"query-input\":\"required name=search_term_string\"}],\"inLanguage\":\"es\"},{\"@type\":\"Person\",\"@id\":\"https:\/\/www.cedol.org.ar\/logistica\/#\/schema\/person\/40275bdb20446824fc74d51aabe22e83\",\"name\":\"admin\"}]}<\/script>\n<!-- \/ Yoast SEO plugin. -->","yoast_head_json":{"title":"Se realiz\u00f3 el Consejo Federal en Corrientes &#187; CEDOL","description":"Un nuevo Consejo Federal de la Federaci\u00f3n Argentina de Entidades Empresarias del Autotransporte de Cargas (FADEEAC) se llev\u00f3 a cabo bajo la coordinaci\u00f3n","robots":{"index":"index","follow":"follow","max-snippet":"max-snippet:-1","max-image-preview":"max-image-preview:large","max-video-preview":"max-video-preview:-1"},"canonical":"https:\/\/www.cedol.org.ar\/logistica\/se-realizo-consejo-federal-corrientes\/","og_locale":"es_ES","og_type":"article","og_title":"Se realiz\u00f3 el Consejo Federal en Corrientes &#187; CEDOL","og_description":"Un nuevo Consejo Federal de la Federaci\u00f3n Argentina de Entidades Empresarias del Autotransporte de Cargas (FADEEAC) se llev\u00f3 a cabo bajo la coordinaci\u00f3n","og_url":"https:\/\/www.cedol.org.ar\/logistica\/se-realizo-consejo-federal-corrientes\/","og_site_name":"CEDOL","article_published_time":"2017-09-27T15:21:12+00:00","article_modified_time":"2017-11-24T18:10:07+00:00","og_image":[{"width":963,"height":713,"url":"https:\/\/www.cedol.org.ar\/logistica\/wp-content\/uploads\/2017\/09\/FOTO-2.jpg","type":"image\/jpeg"}],"author":"admin","twitter_card":"summary_large_image","twitter_misc":{"Escrito por":"admin","Tiempo de lectura":"3 minutos"},"schema":{"@context":"https:\/\/schema.org","@graph":[{"@type":"WebPage","@id":"https:\/\/www.cedol.org.ar\/logistica\/se-realizo-consejo-federal-corrientes\/","url":"https:\/\/www.cedol.org.ar\/logistica\/se-realizo-consejo-federal-corrientes\/","name":"Se realiz\u00f3 el Consejo Federal en Corrientes &#187; CEDOL","isPartOf":{"@id":"https:\/\/www.cedol.org.ar\/logistica\/#website"},"primaryImageOfPage":{"@id":"https:\/\/www.cedol.org.ar\/logistica\/se-realizo-consejo-federal-corrientes\/#primaryimage"},"image":{"@id":"https:\/\/www.cedol.org.ar\/logistica\/se-realizo-consejo-federal-corrientes\/#primaryimage"},"thumbnailUrl":"https:\/\/www.cedol.org.ar\/logistica\/wp-content\/uploads\/2017\/09\/FOTO-2.jpg","datePublished":"2017-09-27T15:21:12+00:00","dateModified":"2017-11-24T18:10:07+00:00","author":{"@id":"https:\/\/www.cedol.org.ar\/logistica\/#\/schema\/person\/40275bdb20446824fc74d51aabe22e83"},"description":"Un nuevo Consejo Federal de la Federaci\u00f3n Argentina de Entidades Empresarias del Autotransporte de Cargas (FADEEAC) se llev\u00f3 a cabo bajo la coordinaci\u00f3n","breadcrumb":{"@id":"https:\/\/www.cedol.org.ar\/logistica\/se-realizo-consejo-federal-corrientes\/#breadcrumb"},"inLanguage":"es","potentialAction":[{"@type":"ReadAction","target":["https:\/\/www.cedol.org.ar\/logistica\/se-realizo-consejo-federal-corrientes\/"]}]},{"@type":"ImageObject","inLanguage":"es","@id":"https:\/\/www.cedol.org.ar\/logistica\/se-realizo-consejo-federal-corrientes\/#primaryimage","url":"https:\/\/www.cedol.org.ar\/logistica\/wp-content\/uploads\/2017\/09\/FOTO-2.jpg","contentUrl":"https:\/\/www.cedol.org.ar\/logistica\/wp-content\/uploads\/2017\/09\/FOTO-2.jpg","width":963,"height":713},{"@type":"BreadcrumbList","@id":"https:\/\/www.cedol.org.ar\/logistica\/se-realizo-consejo-federal-corrientes\/#breadcrumb","itemListElement":[{"@type":"ListItem","position":1,"name":"Home","item":"https:\/\/www.cedol.org.ar\/logistica\/"},{"@type":"ListItem","position":2,"name":"Se realiz\u00f3 el Consejo Federal en Corrientes"}]},{"@type":"WebSite","@id":"https:\/\/www.cedol.org.ar\/logistica\/#website","url":"https:\/\/www.cedol.org.ar\/logistica\/","name":"CEDOL","description":"C\u00c1MARA EMPRESARIA DE OPERADORES LOG\u00cdSTICOS","potentialAction":[{"@type":"SearchAction","target":{"@type":"EntryPoint","urlTemplate":"https:\/\/www.cedol.org.ar\/logistica\/?s={search_term_string}"},"query-input":"required name=search_term_string"}],"inLanguage":"es"},{"@type":"Person","@id":"https:\/\/www.cedol.org.ar\/logistica\/#\/schema\/person\/40275bdb20446824fc74d51aabe22e83","name":"admin"}]}},"_links":{"self":[{"href":"https:\/\/www.cedol.org.ar\/logistica\/wp-json\/wp\/v2\/posts\/1695","targetHints":{"allow":["GET"]}}],"collection":[{"href":"https:\/\/www.cedol.org.ar\/logistica\/wp-json\/wp\/v2\/posts"}],"about":[{"href":"https:\/\/www.cedol.org.ar\/logistica\/wp-json\/wp\/v2\/types\/post"}],"author":[{"embeddable":true,"href":"https:\/\/www.cedol.org.ar\/logistica\/wp-json\/wp\/v2\/users\/1"}],"replies":[{"embeddable":true,"href":"https:\/\/www.cedol.org.ar\/logistica\/wp-json\/wp\/v2\/comments?post=1695"}],"version-history":[{"count":1,"href":"https:\/\/www.cedol.org.ar\/logistica\/wp-json\/wp\/v2\/posts\/1695\/revisions"}],"predecessor-version":[{"id":1697,"href":"https:\/\/www.cedol.org.ar\/logistica\/wp-json\/wp\/v2\/posts\/1695\/revisions\/1697"}],"wp:featuredmedia":[{"embeddable":true,"href":"https:\/\/www.cedol.org.ar\/logistica\/wp-json\/wp\/v2\/media\/1696"}],"wp:attachment":[{"href":"https:\/\/www.cedol.org.ar\/logistica\/wp-json\/wp\/v2\/media?parent=1695"}],"wp:term":[{"taxonomy":"category","embeddable":true,"href":"https:\/\/www.cedol.org.ar\/logistica\/wp-json\/wp\/v2\/categories?post=1695"},{"taxonomy":"post_tag","embeddable":true,"href":"https:\/\/www.cedol.org.ar\/logistica\/wp-json\/wp\/v2\/tags?post=1695"}],"curies":[{"name":"wp","href":"https:\/\/api.w.org\/{rel}","templated":true}]}}