{"id":1692,"date":"2017-09-27T15:15:45","date_gmt":"2017-09-27T15:15:45","guid":{"rendered":"http:\/\/www.cedol.org.ar\/logistica\/?p=1692"},"modified":"2017-11-24T18:10:26","modified_gmt":"2017-11-24T18:10:26","slug":"argentina-asume-la-presidencia-alalog","status":"publish","type":"post","link":"https:\/\/www.cedol.org.ar\/logistica\/argentina-asume-la-presidencia-alalog\/","title":{"rendered":"Argentina Asume la presidencia de ALALOG"},"content":{"rendered":"<p>La\u00a0<strong>Asociaci\u00f3n Latinoamericana de Log\u00edstica (Alalog)<\/strong>, entidad que agrupa en la regi\u00f3n a las c\u00e1maras vinculadas a esta actividad industrial,design\u00f3 a sus nuevas autoridades.\u00a0<strong>Jorge L\u00f3pez<\/strong>, presidente de la C\u00e1mara Empresaria de Operadores Log\u00edsticos (Cedol), fue nombrado presidente de la organizaci\u00f3n, en tanto que\u00a0<strong>Hern\u00e1n S\u00e1nchez<\/strong>, presidente de la Asociaci\u00f3n Argentina de Log\u00edstica Empresaria (Arlog), se desempe\u00f1ar\u00e1 como presidente alterno, seg\u00fan lo dispuesto en la \u00faltima asamblea realizada en San Pablo (Brasil) que, adem\u00e1s de la Argentina, reuni\u00f3 a representantes de Brasil, M\u00e9xico, Per\u00fa, Paraguay, Bolivia y Uruguay entre otros.\u00a0<img loading=\"lazy\" decoding=\"async\" class=\"aligncenter size-full wp-image-1693\" src=\"http:\/\/www.cedol.org.ar\/logistica\/wp-content\/uploads\/2017\/09\/nota1-1.jpg\" alt=\"\" width=\"890\" height=\"705\" srcset=\"https:\/\/www.cedol.org.ar\/logistica\/wp-content\/uploads\/2017\/09\/nota1-1.jpg 890w, https:\/\/www.cedol.org.ar\/logistica\/wp-content\/uploads\/2017\/09\/nota1-1-300x238.jpg 300w, https:\/\/www.cedol.org.ar\/logistica\/wp-content\/uploads\/2017\/09\/nota1-1-768x608.jpg 768w, https:\/\/www.cedol.org.ar\/logistica\/wp-content\/uploads\/2017\/09\/nota1-1-379x300.jpg 379w\" sizes=\"auto, (max-width: 890px) 100vw, 890px\" \/><\/p>\n<p>En este sentido, la vicepresidencia de Alalog estar\u00e1 a cargo de C\u00e9sar Meirelles, director Ejecutivo de la Asociaci\u00f3n Brasilera de Operadores Log\u00edsticos (ABOL), y de Aldo L\u00f3pez, en representaci\u00f3n de la C\u00e1mara de Operadores Log\u00edsticos de M\u00e9xico (AOLM). Por su parte, Juan Carlos Rodr\u00edguez Blanco, de la C\u00e1mara Uruguaya de Log\u00edstica (Calog), oficiar\u00e1 como secretario de la nueva Comisi\u00f3n Directiva de la asociaci\u00f3n latinoamericana.<\/p>\n<p>Durante el nombramiento, que se llev\u00f3 a cabo a mediados de septiembre y cont\u00f3 tambi\u00e9n con la participaci\u00f3n del subsecretario de ALADI, C\u00e9sar Llona, el flamante nuevo presidente de Alalog, Jorge L\u00f3pez, asegur\u00f3 que una de las principales medidas de la entidad\u00a0<em>\u201cser\u00e1 impulsar el desarrollo de las c\u00e1maras que integran la Asociaci\u00f3n a nivel continental para trabajar conjuntamente, compartir informaci\u00f3n y realizar acciones conjuntas que permitan, a trav\u00e9s del benchmarking, alcanzar mejoras compartidas para la regi\u00f3n\u201d<\/em>.<\/p>\n<p>De la misma forma, como es habitual en el marco de organizaci\u00f3n latinoamericana, se volvi\u00f3 a hacer hincapi\u00e9 en\u00a0<em>\u201cla permanente necesidad de divulgar la log\u00edstica para consolidar su posici\u00f3n como una de las principales actividades econ\u00f3micas para el crecimiento de los pa\u00edses y la proyecci\u00f3n competitiva de Latinoam\u00e9rica en el mundo\u201d<\/em>.<\/p>\n<p>Por \u00faltimo, cabe recordar que Alalog es una entidad abierta, sin fines de lucro, que persigue promover el intercambio de conocimientos entre sus entidades asociadas; conformar grupos de estudio y an\u00e1lisis; divulgar la actividad; brindar capacitaci\u00f3n; interactuar con organismos gubernamentales, y apoyar el proceso de formaci\u00f3n de asociaciones de log\u00edstica. Re\u00fane a las c\u00e1maras y asociaciones de los pa\u00edses miembros de\u00a0<strong>ALADI\u00a0<\/strong>(Asociaci\u00f3n Latinoamericana de Integraci\u00f3n), cuyo principal objetivo es el intercambio de experiencias y desarrollo de la actividad log\u00edstica en la regi\u00f3n.<\/p>\n<p>&nbsp;<\/p>\n<p>&nbsp;<\/p>\n<p>&nbsp;<\/p>\n<p>&nbsp;<\/p>\n","protected":false},"excerpt":{"rendered":"<p>La\u00a0Asociaci\u00f3n Latinoamericana de Log\u00edstica (Alalog), entidad que agrupa en la regi\u00f3n a las c\u00e1maras vinculadas a esta actividad industrial,design\u00f3 a sus nuevas autoridades.\u00a0Jorge L\u00f3pez, presidente [&hellip;]<\/p>\n","protected":false},"author":1,"featured_media":1693,"comment_status":"open","ping_status":"open","sticky":false,"template":"","format":"standard","meta":{"_monsterinsights_skip_tracking":false,"_monsterinsights_sitenote_active":false,"_monsterinsights_sitenote_note":"","_monsterinsights_sitenote_category":0,"footnotes":""},"categories":[4],"tags":[],"class_list":["post-1692","post","type-post","status-publish","format-standard","has-post-thumbnail","hentry","category-noticias"],"yoast_head":"<!-- This site is optimized with the Yoast SEO plugin v22.3 - https:\/\/yoast.com\/wordpress\/plugins\/seo\/ -->\n<title>Argentina Asume la presidencia de ALALOG &#187; CEDOL<\/title>\n<meta name=\"description\" content=\"La\u00a0Asociaci\u00f3n Latinoamericana de Log\u00edstica (Alalog), entidad que agrupa en la regi\u00f3n a las c\u00e1maras vinculadas a esta actividad industrial,design\u00f3 a sus\" \/>\n<meta name=\"robots\" content=\"index, follow, max-snippet:-1, max-image-preview:large, max-video-preview:-1\" \/>\n<link rel=\"canonical\" href=\"https:\/\/www.cedol.org.ar\/logistica\/argentina-asume-la-presidencia-alalog\/\" \/>\n<meta property=\"og:locale\" content=\"es_ES\" \/>\n<meta property=\"og:type\" content=\"article\" \/>\n<meta property=\"og:title\" content=\"Argentina Asume la presidencia de ALALOG &#187; CEDOL\" \/>\n<meta property=\"og:description\" content=\"La\u00a0Asociaci\u00f3n Latinoamericana de Log\u00edstica (Alalog), entidad que agrupa en la regi\u00f3n a las c\u00e1maras vinculadas a esta actividad industrial,design\u00f3 a sus\" \/>\n<meta property=\"og:url\" content=\"https:\/\/www.cedol.org.ar\/logistica\/argentina-asume-la-presidencia-alalog\/\" \/>\n<meta property=\"og:site_name\" content=\"CEDOL\" \/>\n<meta property=\"article:published_time\" content=\"2017-09-27T15:15:45+00:00\" \/>\n<meta property=\"article:modified_time\" content=\"2017-11-24T18:10:26+00:00\" \/>\n<meta property=\"og:image\" content=\"https:\/\/www.cedol.org.ar\/logistica\/wp-content\/uploads\/2017\/09\/nota1-1.jpg\" \/>\n\t<meta property=\"og:image:width\" content=\"890\" \/>\n\t<meta property=\"og:image:height\" content=\"705\" \/>\n\t<meta property=\"og:image:type\" content=\"image\/jpeg\" \/>\n<meta name=\"author\" content=\"admin\" \/>\n<meta name=\"twitter:card\" content=\"summary_large_image\" \/>\n<meta name=\"twitter:label1\" content=\"Escrito por\" \/>\n\t<meta name=\"twitter:data1\" content=\"admin\" \/>\n\t<meta name=\"twitter:label2\" content=\"Tiempo de lectura\" \/>\n\t<meta name=\"twitter:data2\" content=\"2 minutos\" \/>\n<script type=\"application\/ld+json\" class=\"yoast-schema-graph\">{\"@context\":\"https:\/\/schema.org\",\"@graph\":[{\"@type\":\"WebPage\",\"@id\":\"https:\/\/www.cedol.org.ar\/logistica\/argentina-asume-la-presidencia-alalog\/\",\"url\":\"https:\/\/www.cedol.org.ar\/logistica\/argentina-asume-la-presidencia-alalog\/\",\"name\":\"Argentina Asume la presidencia de ALALOG &#187; CEDOL\",\"isPartOf\":{\"@id\":\"https:\/\/www.cedol.org.ar\/logistica\/#website\"},\"primaryImageOfPage\":{\"@id\":\"https:\/\/www.cedol.org.ar\/logistica\/argentina-asume-la-presidencia-alalog\/#primaryimage\"},\"image\":{\"@id\":\"https:\/\/www.cedol.org.ar\/logistica\/argentina-asume-la-presidencia-alalog\/#primaryimage\"},\"thumbnailUrl\":\"https:\/\/www.cedol.org.ar\/logistica\/wp-content\/uploads\/2017\/09\/nota1-1.jpg\",\"datePublished\":\"2017-09-27T15:15:45+00:00\",\"dateModified\":\"2017-11-24T18:10:26+00:00\",\"author\":{\"@id\":\"https:\/\/www.cedol.org.ar\/logistica\/#\/schema\/person\/40275bdb20446824fc74d51aabe22e83\"},\"description\":\"La\u00a0Asociaci\u00f3n Latinoamericana de Log\u00edstica (Alalog), entidad que agrupa en la regi\u00f3n a las c\u00e1maras vinculadas a esta actividad industrial,design\u00f3 a sus\",\"breadcrumb\":{\"@id\":\"https:\/\/www.cedol.org.ar\/logistica\/argentina-asume-la-presidencia-alalog\/#breadcrumb\"},\"inLanguage\":\"es\",\"potentialAction\":[{\"@type\":\"ReadAction\",\"target\":[\"https:\/\/www.cedol.org.ar\/logistica\/argentina-asume-la-presidencia-alalog\/\"]}]},{\"@type\":\"ImageObject\",\"inLanguage\":\"es\",\"@id\":\"https:\/\/www.cedol.org.ar\/logistica\/argentina-asume-la-presidencia-alalog\/#primaryimage\",\"url\":\"https:\/\/www.cedol.org.ar\/logistica\/wp-content\/uploads\/2017\/09\/nota1-1.jpg\",\"contentUrl\":\"https:\/\/www.cedol.org.ar\/logistica\/wp-content\/uploads\/2017\/09\/nota1-1.jpg\",\"width\":890,\"height\":705},{\"@type\":\"BreadcrumbList\",\"@id\":\"https:\/\/www.cedol.org.ar\/logistica\/argentina-asume-la-presidencia-alalog\/#breadcrumb\",\"itemListElement\":[{\"@type\":\"ListItem\",\"position\":1,\"name\":\"Home\",\"item\":\"https:\/\/www.cedol.org.ar\/logistica\/\"},{\"@type\":\"ListItem\",\"position\":2,\"name\":\"Argentina Asume la presidencia de ALALOG\"}]},{\"@type\":\"WebSite\",\"@id\":\"https:\/\/www.cedol.org.ar\/logistica\/#website\",\"url\":\"https:\/\/www.cedol.org.ar\/logistica\/\",\"name\":\"CEDOL\",\"description\":\"C\u00c1MARA EMPRESARIA DE OPERADORES LOG\u00cdSTICOS\",\"potentialAction\":[{\"@type\":\"SearchAction\",\"target\":{\"@type\":\"EntryPoint\",\"urlTemplate\":\"https:\/\/www.cedol.org.ar\/logistica\/?s={search_term_string}\"},\"query-input\":\"required name=search_term_string\"}],\"inLanguage\":\"es\"},{\"@type\":\"Person\",\"@id\":\"https:\/\/www.cedol.org.ar\/logistica\/#\/schema\/person\/40275bdb20446824fc74d51aabe22e83\",\"name\":\"admin\"}]}<\/script>\n<!-- \/ Yoast SEO plugin. -->","yoast_head_json":{"title":"Argentina Asume la presidencia de ALALOG &#187; CEDOL","description":"La\u00a0Asociaci\u00f3n Latinoamericana de Log\u00edstica (Alalog), entidad que agrupa en la regi\u00f3n a las c\u00e1maras vinculadas a esta actividad industrial,design\u00f3 a sus","robots":{"index":"index","follow":"follow","max-snippet":"max-snippet:-1","max-image-preview":"max-image-preview:large","max-video-preview":"max-video-preview:-1"},"canonical":"https:\/\/www.cedol.org.ar\/logistica\/argentina-asume-la-presidencia-alalog\/","og_locale":"es_ES","og_type":"article","og_title":"Argentina Asume la presidencia de ALALOG &#187; CEDOL","og_description":"La\u00a0Asociaci\u00f3n Latinoamericana de Log\u00edstica (Alalog), entidad que agrupa en la regi\u00f3n a las c\u00e1maras vinculadas a esta actividad industrial,design\u00f3 a sus","og_url":"https:\/\/www.cedol.org.ar\/logistica\/argentina-asume-la-presidencia-alalog\/","og_site_name":"CEDOL","article_published_time":"2017-09-27T15:15:45+00:00","article_modified_time":"2017-11-24T18:10:26+00:00","og_image":[{"width":890,"height":705,"url":"https:\/\/www.cedol.org.ar\/logistica\/wp-content\/uploads\/2017\/09\/nota1-1.jpg","type":"image\/jpeg"}],"author":"admin","twitter_card":"summary_large_image","twitter_misc":{"Escrito por":"admin","Tiempo de lectura":"2 minutos"},"schema":{"@context":"https:\/\/schema.org","@graph":[{"@type":"WebPage","@id":"https:\/\/www.cedol.org.ar\/logistica\/argentina-asume-la-presidencia-alalog\/","url":"https:\/\/www.cedol.org.ar\/logistica\/argentina-asume-la-presidencia-alalog\/","name":"Argentina Asume la presidencia de ALALOG &#187; CEDOL","isPartOf":{"@id":"https:\/\/www.cedol.org.ar\/logistica\/#website"},"primaryImageOfPage":{"@id":"https:\/\/www.cedol.org.ar\/logistica\/argentina-asume-la-presidencia-alalog\/#primaryimage"},"image":{"@id":"https:\/\/www.cedol.org.ar\/logistica\/argentina-asume-la-presidencia-alalog\/#primaryimage"},"thumbnailUrl":"https:\/\/www.cedol.org.ar\/logistica\/wp-content\/uploads\/2017\/09\/nota1-1.jpg","datePublished":"2017-09-27T15:15:45+00:00","dateModified":"2017-11-24T18:10:26+00:00","author":{"@id":"https:\/\/www.cedol.org.ar\/logistica\/#\/schema\/person\/40275bdb20446824fc74d51aabe22e83"},"description":"La\u00a0Asociaci\u00f3n Latinoamericana de Log\u00edstica (Alalog), entidad que agrupa en la regi\u00f3n a las c\u00e1maras vinculadas a esta actividad industrial,design\u00f3 a sus","breadcrumb":{"@id":"https:\/\/www.cedol.org.ar\/logistica\/argentina-asume-la-presidencia-alalog\/#breadcrumb"},"inLanguage":"es","potentialAction":[{"@type":"ReadAction","target":["https:\/\/www.cedol.org.ar\/logistica\/argentina-asume-la-presidencia-alalog\/"]}]},{"@type":"ImageObject","inLanguage":"es","@id":"https:\/\/www.cedol.org.ar\/logistica\/argentina-asume-la-presidencia-alalog\/#primaryimage","url":"https:\/\/www.cedol.org.ar\/logistica\/wp-content\/uploads\/2017\/09\/nota1-1.jpg","contentUrl":"https:\/\/www.cedol.org.ar\/logistica\/wp-content\/uploads\/2017\/09\/nota1-1.jpg","width":890,"height":705},{"@type":"BreadcrumbList","@id":"https:\/\/www.cedol.org.ar\/logistica\/argentina-asume-la-presidencia-alalog\/#breadcrumb","itemListElement":[{"@type":"ListItem","position":1,"name":"Home","item":"https:\/\/www.cedol.org.ar\/logistica\/"},{"@type":"ListItem","position":2,"name":"Argentina Asume la presidencia de ALALOG"}]},{"@type":"WebSite","@id":"https:\/\/www.cedol.org.ar\/logistica\/#website","url":"https:\/\/www.cedol.org.ar\/logistica\/","name":"CEDOL","description":"C\u00c1MARA EMPRESARIA DE OPERADORES LOG\u00cdSTICOS","potentialAction":[{"@type":"SearchAction","target":{"@type":"EntryPoint","urlTemplate":"https:\/\/www.cedol.org.ar\/logistica\/?s={search_term_string}"},"query-input":"required name=search_term_string"}],"inLanguage":"es"},{"@type":"Person","@id":"https:\/\/www.cedol.org.ar\/logistica\/#\/schema\/person\/40275bdb20446824fc74d51aabe22e83","name":"admin"}]}},"_links":{"self":[{"href":"https:\/\/www.cedol.org.ar\/logistica\/wp-json\/wp\/v2\/posts\/1692","targetHints":{"allow":["GET"]}}],"collection":[{"href":"https:\/\/www.cedol.org.ar\/logistica\/wp-json\/wp\/v2\/posts"}],"about":[{"href":"https:\/\/www.cedol.org.ar\/logistica\/wp-json\/wp\/v2\/types\/post"}],"author":[{"embeddable":true,"href":"https:\/\/www.cedol.org.ar\/logistica\/wp-json\/wp\/v2\/users\/1"}],"replies":[{"embeddable":true,"href":"https:\/\/www.cedol.org.ar\/logistica\/wp-json\/wp\/v2\/comments?post=1692"}],"version-history":[{"count":4,"href":"https:\/\/www.cedol.org.ar\/logistica\/wp-json\/wp\/v2\/posts\/1692\/revisions"}],"predecessor-version":[{"id":1716,"href":"https:\/\/www.cedol.org.ar\/logistica\/wp-json\/wp\/v2\/posts\/1692\/revisions\/1716"}],"wp:featuredmedia":[{"embeddable":true,"href":"https:\/\/www.cedol.org.ar\/logistica\/wp-json\/wp\/v2\/media\/1693"}],"wp:attachment":[{"href":"https:\/\/www.cedol.org.ar\/logistica\/wp-json\/wp\/v2\/media?parent=1692"}],"wp:term":[{"taxonomy":"category","embeddable":true,"href":"https:\/\/www.cedol.org.ar\/logistica\/wp-json\/wp\/v2\/categories?post=1692"},{"taxonomy":"post_tag","embeddable":true,"href":"https:\/\/www.cedol.org.ar\/logistica\/wp-json\/wp\/v2\/tags?post=1692"}],"curies":[{"name":"wp","href":"https:\/\/api.w.org\/{rel}","templated":true}]}}