{"id":1668,"date":"2017-08-30T14:56:43","date_gmt":"2017-08-30T14:56:43","guid":{"rendered":"http:\/\/www.cedol.org.ar\/logistica\/?p=1668"},"modified":"2017-08-30T14:56:43","modified_gmt":"2017-08-30T14:56:43","slug":"1000-transportamos-400-impuestos","status":"publish","type":"post","link":"https:\/\/www.cedol.org.ar\/logistica\/1000-transportamos-400-impuestos\/","title":{"rendered":"\u201cPor cada $1000 que transportamos, $400 son impuestos\u201d"},"content":{"rendered":"<p>M\u00e1s de 160 empresarios del transporte carretero de cargas del pa\u00eds est\u00e1n reunidos en Mendoza, en las Primeras Jornadas del Transporte de Cargas que se realiza en Mendoza, precisamente en el Centro de Congresos y Exposiciones. El objetivo de las jornadas fue abordar diferentes temas relacionados con el transporte de cargas, Tributarios, Laborales, Internacionales e Institucionales, que se tratan en estos d\u00edas en comisiones.<img loading=\"lazy\" decoding=\"async\" class=\"aligncenter  wp-image-1669\" src=\"http:\/\/www.cedol.org.ar\/logistica\/wp-content\/uploads\/2017\/08\/foto3-1024x683.jpg\" alt=\"\" width=\"536\" height=\"365\" \/><\/p>\n<p>Guido Calzetti presidente de APROCAM se\u00f1al\u00f3 que se convoc\u00f3 a las c\u00e1maras de todo el pa\u00eds a fin de, terminadas las jornadas, elaborar un documento que pueda ser enviado como soluciones a los gobiernos nacional y de todas las provincias. <em>\u201cHoy cada 1000 pesos que transportamos 400 pesos son impuestos, es una carga impositiva muy pesada, este es un punto fundamental que vamos a conversar para hacer propuestas de c\u00f3mo bajar este porcentaje\u201d<\/em>, dijo.<\/p>\n<p>En cuanto a las distintas jurisdicciones, los transportes sufren varios problemas; uno es ingresos brutos. Cada provincia cobra un porcentaje diferente de este impuesto, y los camiones que llevan cargas de una jurisdicci\u00f3n a otra y no est\u00e1n radicados en las provincias de destino, tienen que pagar porcentajes mayores de IBB. Este es uno de los puntos a tratar. <em>\u201cHay que hacer un estudio fino del tema impositivo por eso hemos convocado a las c\u00e1maras, vamos a pedir que en cada provincia lo traten economistas para que podamos llevarle al Gobierno propuestas claras de c\u00f3mo modificar estos valores\u201d<\/em>, indic\u00f3 Calzetti.<\/p>\n<p>Una de las propuestas es pedir un cupo de importaci\u00f3n directa de neum\u00e1ticos por parte del sector; los neum\u00e1ticos de primera l\u00ednea, insumos clave del cami\u00f3n, valen en Argentina alrededor de 11.000 pesos mientras que en Chile, por tener una econom\u00eda abierta y aranceles m\u00e1s bajos, cuestan 7.5000 pesos. <em>\u201cSi pudi\u00e9ramos hacer importaci\u00f3n directa de neum\u00e1ticos y lograr este precio podemos bajar 5 a 7% el valor del flete\u201d<\/em>, asegur\u00f3 Calzetti, algo que beneficiar\u00eda directamente a los costos de las mercader\u00edas transportadas y por ende, al consumidor final.<\/p>\n<p>El tema subsidios al Ferrocarril tambi\u00e9n ser\u00e1 tratado en la Jornada. <em>\u201cEntendemos que el Ferrocarril es un medio complementario. Pero lo que no queremos que este medio de transporte, como ha venido sucediendo, sea subsidiado. Lo que no aceptamos es que el transporte carretero de cargas subsidie al tren. Por tanto vamos a pedirle al Gobierno nacional que nos abra el costo de transporte del ferrocarril y nos explique qu\u00e9 porcentaje de lo que pagamos ir\u00e1 a subsidiar al transporte por tren\u201d<\/em>. Hoy, adem\u00e1s, gran parte de lo que el transporte carretero paga en concepto de Impuesto a la Transferencia de los Combustibles (ITC) no est\u00e1 yendo a la construcci\u00f3n o mejoras de caminos, sino a subsidiar el transporte de pasajeros: <em>\u201cno queremos que pase lo mismo con el ferrocarril\u201d<\/em>, resalt\u00f3 Calzetti.<\/p>\n<p>Con una ca\u00edda de la actividad a nivel local que ronda el 35% la preocupaci\u00f3n de los empresarios es grande. En Mendoza ya han cerrado alrededor de 10 empresas, y la amenaza de p\u00e9rdidas en la actividad sigue en aumento.<\/p>\n<p>Por su parte, Carlos Messina, Tesorero de APROCAM, indic\u00f3 que los temas m\u00e1s urgentes ser\u00e1n IBB, Combustibles y Neum\u00e1ticos entre otros. <em>\u201cHay costos que no se pueden soportar m\u00e1s y queremos explicarle claramente a los gobiernos que no somos formadores de precios, sino que cargamos con costos que nos vemos obligados a trasladar a nuestras tarifas\u201d<\/em>.<\/p>\n<p>En cuanto a los puntos en com\u00fan con el resto de las provincias, Messina indic\u00f3 que el tema impositivo pesa igual para todos. <em>\u201cHay que buscar la manera de reducir la carga impositiva\u201d<\/em>, defini\u00f3.<\/p>\n<p>La particularidad de Mendoza es el tr\u00e1fico internacional hacia Chile que muestra graves asimetr\u00edas contra colegas que trabajan en una econom\u00eda abierta. <em>\u201cPensamos que tenemos que trabajar fuertemente en bajar los costos porque los incrementos del transporte son impuestos a la distancia. Cuando un productor est\u00e1 lejos de un centro de consumo, y el costo del transporte influye en la producci\u00f3n, estamos en un problema y nuestro objetivo es mejorar esos costos para todos\u201d<\/em>, concluy\u00f3.<\/p>\n<p><strong>La mirada de FADEEAC<\/strong><\/p>\n<p>En las Jornadas est\u00e1n presentes los directivos de FADEEAC encabezados por su presidente Daniel Indart, quien se\u00f1al\u00f3 que el principal problema es la ca\u00edda de la actividad que va en crecimiento: <em>\u201cnuestros productos que no son competitivos y la competencia externa son la conjunci\u00f3n para la ca\u00edda del transporte. En Junio hab\u00edamos cerrado con un 6% de aumento, y en Julio con el aumento salarial y el aumento de combustible tuvimos un aumento de 14%. Esto es imposible de trasladar a precios\u201d<\/em>.<\/p>\n<p>El 75% de nuestros costos es combustible y salarios y esto tiene un fuerte impacto en tarifas. Con el tema combustibles hay poco que hacer, se\u00f1alaron desde FADEEAC, ya que los acuerdos del Gobierno con las petroleras es que deben seguir rigiendo aumentos y ya estar\u00eda un nuevo incremento previsto para Octubre de este a\u00f1o.<\/p>\n<p>\u00bfC\u00f3mo ve el Gobierno Nacional la preocupaci\u00f3n que tiene el sector? Indart expres\u00f3 que <em>\u201cel gobierno atiende las preocupaciones del sector. Estamos trabajando en comisiones con ellos. Afortunadamente mantienen el di\u00e1logo. En algunas cosas hemos avanzado, pero no todas las gestiones tienen el mismo resultado. S\u00ed hay cambios en cuanto al total cierre de di\u00e1logo que ten\u00edamos antes. La presi\u00f3n tributaria afecta a todos los sectores y eso lo sabe el Gobierno\u201d<\/em>.<\/p>\n<p>Seg\u00fan Indart, a nivel pa\u00eds no hay cierre de empresas, pero hacen un esfuerzo para seguir trabajando porque desprenderse del personal es muy dif\u00edcil, tanto por lo que cuesta despedir choferes, como por lo que cuesta capacitarlos.<\/p>\n<p>&nbsp;<\/p>\n","protected":false},"excerpt":{"rendered":"<p>M\u00e1s de 160 empresarios del transporte carretero de cargas del pa\u00eds est\u00e1n reunidos en Mendoza, en las Primeras Jornadas del Transporte de Cargas que se [&hellip;]<\/p>\n","protected":false},"author":1,"featured_media":0,"comment_status":"open","ping_status":"open","sticky":false,"template":"","format":"standard","meta":{"_monsterinsights_skip_tracking":false,"_monsterinsights_sitenote_active":false,"_monsterinsights_sitenote_note":"","_monsterinsights_sitenote_category":0,"footnotes":""},"categories":[4],"tags":[],"class_list":["post-1668","post","type-post","status-publish","format-standard","hentry","category-noticias"],"yoast_head":"<!-- This site is optimized with the Yoast SEO plugin v22.3 - https:\/\/yoast.com\/wordpress\/plugins\/seo\/ -->\n<title>\u201cPor cada $1000 que transportamos, $400 son impuestos\u201d &#187; CEDOL<\/title>\n<meta name=\"description\" content=\"M\u00e1s de 160 empresarios del transporte carretero de cargas del pa\u00eds est\u00e1n reunidos en Mendoza, en las Primeras Jornadas del Transporte de Cargas que se\" \/>\n<meta name=\"robots\" content=\"index, follow, max-snippet:-1, max-image-preview:large, max-video-preview:-1\" \/>\n<link rel=\"canonical\" href=\"https:\/\/www.cedol.org.ar\/logistica\/1000-transportamos-400-impuestos\/\" \/>\n<meta property=\"og:locale\" content=\"es_ES\" \/>\n<meta property=\"og:type\" content=\"article\" \/>\n<meta property=\"og:title\" content=\"\u201cPor cada $1000 que transportamos, $400 son impuestos\u201d &#187; CEDOL\" \/>\n<meta property=\"og:description\" content=\"M\u00e1s de 160 empresarios del transporte carretero de cargas del pa\u00eds est\u00e1n reunidos en Mendoza, en las Primeras Jornadas del Transporte de Cargas que se\" \/>\n<meta property=\"og:url\" content=\"https:\/\/www.cedol.org.ar\/logistica\/1000-transportamos-400-impuestos\/\" \/>\n<meta property=\"og:site_name\" content=\"CEDOL\" \/>\n<meta property=\"article:published_time\" content=\"2017-08-30T14:56:43+00:00\" \/>\n<meta property=\"og:image\" content=\"http:\/\/www.cedol.org.ar\/logistica\/wp-content\/uploads\/2017\/08\/foto3-1024x683.jpg\" \/>\n<meta name=\"author\" content=\"admin\" \/>\n<meta name=\"twitter:card\" content=\"summary_large_image\" \/>\n<meta name=\"twitter:label1\" content=\"Escrito por\" \/>\n\t<meta name=\"twitter:data1\" content=\"admin\" \/>\n\t<meta name=\"twitter:label2\" content=\"Tiempo de lectura\" \/>\n\t<meta name=\"twitter:data2\" content=\"5 minutos\" \/>\n<script type=\"application\/ld+json\" class=\"yoast-schema-graph\">{\"@context\":\"https:\/\/schema.org\",\"@graph\":[{\"@type\":\"WebPage\",\"@id\":\"https:\/\/www.cedol.org.ar\/logistica\/1000-transportamos-400-impuestos\/\",\"url\":\"https:\/\/www.cedol.org.ar\/logistica\/1000-transportamos-400-impuestos\/\",\"name\":\"\u201cPor cada $1000 que transportamos, $400 son impuestos\u201d &#187; CEDOL\",\"isPartOf\":{\"@id\":\"https:\/\/www.cedol.org.ar\/logistica\/#website\"},\"primaryImageOfPage\":{\"@id\":\"https:\/\/www.cedol.org.ar\/logistica\/1000-transportamos-400-impuestos\/#primaryimage\"},\"image\":{\"@id\":\"https:\/\/www.cedol.org.ar\/logistica\/1000-transportamos-400-impuestos\/#primaryimage\"},\"thumbnailUrl\":\"http:\/\/www.cedol.org.ar\/logistica\/wp-content\/uploads\/2017\/08\/foto3-1024x683.jpg\",\"datePublished\":\"2017-08-30T14:56:43+00:00\",\"dateModified\":\"2017-08-30T14:56:43+00:00\",\"author\":{\"@id\":\"https:\/\/www.cedol.org.ar\/logistica\/#\/schema\/person\/40275bdb20446824fc74d51aabe22e83\"},\"description\":\"M\u00e1s de 160 empresarios del transporte carretero de cargas del pa\u00eds est\u00e1n reunidos en Mendoza, en las Primeras Jornadas del Transporte de Cargas que se\",\"breadcrumb\":{\"@id\":\"https:\/\/www.cedol.org.ar\/logistica\/1000-transportamos-400-impuestos\/#breadcrumb\"},\"inLanguage\":\"es\",\"potentialAction\":[{\"@type\":\"ReadAction\",\"target\":[\"https:\/\/www.cedol.org.ar\/logistica\/1000-transportamos-400-impuestos\/\"]}]},{\"@type\":\"ImageObject\",\"inLanguage\":\"es\",\"@id\":\"https:\/\/www.cedol.org.ar\/logistica\/1000-transportamos-400-impuestos\/#primaryimage\",\"url\":\"http:\/\/www.cedol.org.ar\/logistica\/wp-content\/uploads\/2017\/08\/foto3-1024x683.jpg\",\"contentUrl\":\"http:\/\/www.cedol.org.ar\/logistica\/wp-content\/uploads\/2017\/08\/foto3-1024x683.jpg\"},{\"@type\":\"BreadcrumbList\",\"@id\":\"https:\/\/www.cedol.org.ar\/logistica\/1000-transportamos-400-impuestos\/#breadcrumb\",\"itemListElement\":[{\"@type\":\"ListItem\",\"position\":1,\"name\":\"Home\",\"item\":\"https:\/\/www.cedol.org.ar\/logistica\/\"},{\"@type\":\"ListItem\",\"position\":2,\"name\":\"\u201cPor cada $1000 que transportamos, $400 son impuestos\u201d\"}]},{\"@type\":\"WebSite\",\"@id\":\"https:\/\/www.cedol.org.ar\/logistica\/#website\",\"url\":\"https:\/\/www.cedol.org.ar\/logistica\/\",\"name\":\"CEDOL\",\"description\":\"C\u00c1MARA EMPRESARIA DE OPERADORES LOG\u00cdSTICOS\",\"potentialAction\":[{\"@type\":\"SearchAction\",\"target\":{\"@type\":\"EntryPoint\",\"urlTemplate\":\"https:\/\/www.cedol.org.ar\/logistica\/?s={search_term_string}\"},\"query-input\":\"required name=search_term_string\"}],\"inLanguage\":\"es\"},{\"@type\":\"Person\",\"@id\":\"https:\/\/www.cedol.org.ar\/logistica\/#\/schema\/person\/40275bdb20446824fc74d51aabe22e83\",\"name\":\"admin\"}]}<\/script>\n<!-- \/ Yoast SEO plugin. -->","yoast_head_json":{"title":"\u201cPor cada $1000 que transportamos, $400 son impuestos\u201d &#187; CEDOL","description":"M\u00e1s de 160 empresarios del transporte carretero de cargas del pa\u00eds est\u00e1n reunidos en Mendoza, en las Primeras Jornadas del Transporte de Cargas que se","robots":{"index":"index","follow":"follow","max-snippet":"max-snippet:-1","max-image-preview":"max-image-preview:large","max-video-preview":"max-video-preview:-1"},"canonical":"https:\/\/www.cedol.org.ar\/logistica\/1000-transportamos-400-impuestos\/","og_locale":"es_ES","og_type":"article","og_title":"\u201cPor cada $1000 que transportamos, $400 son impuestos\u201d &#187; CEDOL","og_description":"M\u00e1s de 160 empresarios del transporte carretero de cargas del pa\u00eds est\u00e1n reunidos en Mendoza, en las Primeras Jornadas del Transporte de Cargas que se","og_url":"https:\/\/www.cedol.org.ar\/logistica\/1000-transportamos-400-impuestos\/","og_site_name":"CEDOL","article_published_time":"2017-08-30T14:56:43+00:00","og_image":[{"url":"http:\/\/www.cedol.org.ar\/logistica\/wp-content\/uploads\/2017\/08\/foto3-1024x683.jpg"}],"author":"admin","twitter_card":"summary_large_image","twitter_misc":{"Escrito por":"admin","Tiempo de lectura":"5 minutos"},"schema":{"@context":"https:\/\/schema.org","@graph":[{"@type":"WebPage","@id":"https:\/\/www.cedol.org.ar\/logistica\/1000-transportamos-400-impuestos\/","url":"https:\/\/www.cedol.org.ar\/logistica\/1000-transportamos-400-impuestos\/","name":"\u201cPor cada $1000 que transportamos, $400 son impuestos\u201d &#187; CEDOL","isPartOf":{"@id":"https:\/\/www.cedol.org.ar\/logistica\/#website"},"primaryImageOfPage":{"@id":"https:\/\/www.cedol.org.ar\/logistica\/1000-transportamos-400-impuestos\/#primaryimage"},"image":{"@id":"https:\/\/www.cedol.org.ar\/logistica\/1000-transportamos-400-impuestos\/#primaryimage"},"thumbnailUrl":"http:\/\/www.cedol.org.ar\/logistica\/wp-content\/uploads\/2017\/08\/foto3-1024x683.jpg","datePublished":"2017-08-30T14:56:43+00:00","dateModified":"2017-08-30T14:56:43+00:00","author":{"@id":"https:\/\/www.cedol.org.ar\/logistica\/#\/schema\/person\/40275bdb20446824fc74d51aabe22e83"},"description":"M\u00e1s de 160 empresarios del transporte carretero de cargas del pa\u00eds est\u00e1n reunidos en Mendoza, en las Primeras Jornadas del Transporte de Cargas que se","breadcrumb":{"@id":"https:\/\/www.cedol.org.ar\/logistica\/1000-transportamos-400-impuestos\/#breadcrumb"},"inLanguage":"es","potentialAction":[{"@type":"ReadAction","target":["https:\/\/www.cedol.org.ar\/logistica\/1000-transportamos-400-impuestos\/"]}]},{"@type":"ImageObject","inLanguage":"es","@id":"https:\/\/www.cedol.org.ar\/logistica\/1000-transportamos-400-impuestos\/#primaryimage","url":"http:\/\/www.cedol.org.ar\/logistica\/wp-content\/uploads\/2017\/08\/foto3-1024x683.jpg","contentUrl":"http:\/\/www.cedol.org.ar\/logistica\/wp-content\/uploads\/2017\/08\/foto3-1024x683.jpg"},{"@type":"BreadcrumbList","@id":"https:\/\/www.cedol.org.ar\/logistica\/1000-transportamos-400-impuestos\/#breadcrumb","itemListElement":[{"@type":"ListItem","position":1,"name":"Home","item":"https:\/\/www.cedol.org.ar\/logistica\/"},{"@type":"ListItem","position":2,"name":"\u201cPor cada $1000 que transportamos, $400 son impuestos\u201d"}]},{"@type":"WebSite","@id":"https:\/\/www.cedol.org.ar\/logistica\/#website","url":"https:\/\/www.cedol.org.ar\/logistica\/","name":"CEDOL","description":"C\u00c1MARA EMPRESARIA DE OPERADORES LOG\u00cdSTICOS","potentialAction":[{"@type":"SearchAction","target":{"@type":"EntryPoint","urlTemplate":"https:\/\/www.cedol.org.ar\/logistica\/?s={search_term_string}"},"query-input":"required name=search_term_string"}],"inLanguage":"es"},{"@type":"Person","@id":"https:\/\/www.cedol.org.ar\/logistica\/#\/schema\/person\/40275bdb20446824fc74d51aabe22e83","name":"admin"}]}},"_links":{"self":[{"href":"https:\/\/www.cedol.org.ar\/logistica\/wp-json\/wp\/v2\/posts\/1668","targetHints":{"allow":["GET"]}}],"collection":[{"href":"https:\/\/www.cedol.org.ar\/logistica\/wp-json\/wp\/v2\/posts"}],"about":[{"href":"https:\/\/www.cedol.org.ar\/logistica\/wp-json\/wp\/v2\/types\/post"}],"author":[{"embeddable":true,"href":"https:\/\/www.cedol.org.ar\/logistica\/wp-json\/wp\/v2\/users\/1"}],"replies":[{"embeddable":true,"href":"https:\/\/www.cedol.org.ar\/logistica\/wp-json\/wp\/v2\/comments?post=1668"}],"version-history":[{"count":1,"href":"https:\/\/www.cedol.org.ar\/logistica\/wp-json\/wp\/v2\/posts\/1668\/revisions"}],"predecessor-version":[{"id":1670,"href":"https:\/\/www.cedol.org.ar\/logistica\/wp-json\/wp\/v2\/posts\/1668\/revisions\/1670"}],"wp:attachment":[{"href":"https:\/\/www.cedol.org.ar\/logistica\/wp-json\/wp\/v2\/media?parent=1668"}],"wp:term":[{"taxonomy":"category","embeddable":true,"href":"https:\/\/www.cedol.org.ar\/logistica\/wp-json\/wp\/v2\/categories?post=1668"},{"taxonomy":"post_tag","embeddable":true,"href":"https:\/\/www.cedol.org.ar\/logistica\/wp-json\/wp\/v2\/tags?post=1668"}],"curies":[{"name":"wp","href":"https:\/\/api.w.org\/{rel}","templated":true}]}}