{"id":1665,"date":"2017-08-30T14:50:23","date_gmt":"2017-08-30T14:50:23","guid":{"rendered":"http:\/\/www.cedol.org.ar\/logistica\/?p=1665"},"modified":"2017-08-30T14:50:23","modified_gmt":"2017-08-30T14:50:23","slug":"fiel-panel-logistica-puerto-ba","status":"publish","type":"post","link":"https:\/\/www.cedol.org.ar\/logistica\/fiel-panel-logistica-puerto-ba\/","title":{"rendered":"FIEL: panel sobre Log\u00edstica y Puerto de BA"},"content":{"rendered":"<p>La segunda parte del encuentro de FIEL, en el sal\u00f3n de actos de la Bolsa de Comercio de Buenos Aires, estuvo centrado en la actividad del transporte y la log\u00edstica. En ese sentido, Jorge Jares pronostic\u00f3 que <em>\u201cpara el bienio 2017-2018 veremos flujos log\u00edsticos con crecimiento moderado pero sostenido. Se transportar\u00e1n y almacenar\u00e1n 21 millones de toneladas de producci\u00f3n nacional adicionales, m\u00e1s otros 10 millones de la importaci\u00f3n\u201d<\/em>. No obstante, indic\u00f3, <em>\u201ctodav\u00eda tenemos una p\u00e9sima productividad, aunque desde algunos sectores se trabaja fuerte para modificarlo, y los n\u00fameros as\u00ed lo demuestran\u201d<\/em>.<img loading=\"lazy\" decoding=\"async\" class=\"aligncenter  wp-image-1666\" src=\"http:\/\/www.cedol.org.ar\/logistica\/wp-content\/uploads\/2017\/08\/foto2.jpg\" alt=\"\" width=\"496\" height=\"351\" \/><\/p>\n<p>El cierre de la jornada reuni\u00f3 a un panel integrado por empresarios del sector log\u00edstico y portuario, quienes repasaron cuestiones como inversiones, costos y competitividad de la actividad. <em>\u201cVemos una proyecci\u00f3n de negocios basada en el desarrollo comercial, pero ganando en eficiencia\u201d<\/em>, sostuvo David Bottaro, director de ID Logistics.<\/p>\n<p>Por su parte, Eduardo Bastitta, CEO de Plaza Log\u00edstica, indic\u00f3 que <em>\u201cen Argentina no hay donde invertir porque tenemos grandes oligopolios, que no requieren inversiones, y en el otro extremo, empresas chicas, informales, que no califican para recibirlas. En el medio, entre oligopolios e informales, no sobrevive nadie\u201d<\/em>. Al respecto, Hern\u00e1n S\u00e1nchez, director Comercial de Celsur y presidente de Arlog, reconoci\u00f3 que <em>\u201clas empresas del sector que m\u00e1s crecieron en los \u00faltimos 10 a\u00f1os son nacionales. Los grandes players mundiales, por diferentes motivos, no invierten en el pa\u00eds\u201d<\/em>.<\/p>\n<p>Otro tema que despert\u00f3 inter\u00e9s entre el auditorio fue el de la situaci\u00f3n del Puerto de Buenos Aires y, en ese sentido, Gustavo Figuerola, presidente de TRP, fue categ\u00f3rico: <em>\u201cno sabemos a\u00fan cu\u00e1l ser\u00e1 el dise\u00f1o definitivo del Puerto y, por eso, cualquier inversi\u00f3n o mejora deber\u00e1 esperar una definici\u00f3n clara respecto de las concesiones\u201d.<\/em><\/p>\n<p>En s\u00edntesis, manifest\u00f3, <em>\u201clo importante es saber cu\u00e1l ser\u00e1 la matriz de transporte de Argentina para el futuro y, de momento, vemos que se prepara para ser el granero del mundo y no el supermercado como se viene se\u00f1alando\u201d<\/em>. Adem\u00e1s, explic\u00f3, <em>\u201cno sirve bajar costos o aumentar productividad en un eslab\u00f3n de la cadena, si el resto no cambia tambi\u00e9n\u201d<\/em>. Al respecto, S\u00e1nchez agreg\u00f3 que <em>\u201cdesde el sector se trabaja para proponer pol\u00edticas de Estado en Log\u00edstica y Transporte porque no se puede depender, cada cuatro a\u00f1os, de la visi\u00f3n o decisi\u00f3n de un gobierno de turno\u201d.<\/em><\/p>\n<p>En tanto que, sobre costos log\u00edsticos, Carlos Musante, moderador del panel, \u00a0revel\u00f3 que este a\u00f1o cerrar\u00e1n <em>\u201cen torno a los 19 puntos\u201d<\/em>, por lo que se podr\u00eda esperar que mejore la productividad y la relaci\u00f3n con los clientes. Por \u00faltimo, Bottaro puntualiz\u00f3 que <em>\u201cveremos un grado de complejidad mayor ya que si baja la inflaci\u00f3n, se complica la competencia de mercado. El nivel de servicio tomar\u00e1 en cuenta otros aspectos y no s\u00f3lo los costos, como estamos acostumbrados\u201d<\/em>.<\/p>\n","protected":false},"excerpt":{"rendered":"<p>La segunda parte del encuentro de FIEL, en el sal\u00f3n de actos de la Bolsa de Comercio de Buenos Aires, estuvo centrado en la actividad [&hellip;]<\/p>\n","protected":false},"author":1,"featured_media":0,"comment_status":"open","ping_status":"open","sticky":false,"template":"","format":"standard","meta":{"_monsterinsights_skip_tracking":false,"_monsterinsights_sitenote_active":false,"_monsterinsights_sitenote_note":"","_monsterinsights_sitenote_category":0,"footnotes":""},"categories":[4],"tags":[],"class_list":["post-1665","post","type-post","status-publish","format-standard","hentry","category-noticias"],"yoast_head":"<!-- This site is optimized with the Yoast SEO plugin v22.3 - https:\/\/yoast.com\/wordpress\/plugins\/seo\/ -->\n<title>FIEL: panel sobre Log\u00edstica y Puerto de BA &#187; CEDOL<\/title>\n<meta name=\"description\" content=\"La segunda parte del encuentro de FIEL, en el sal\u00f3n de actos de la Bolsa de Comercio de Buenos Aires, estuvo centrado en la actividad del transporte y la\" \/>\n<meta name=\"robots\" content=\"index, follow, max-snippet:-1, max-image-preview:large, max-video-preview:-1\" \/>\n<link rel=\"canonical\" href=\"https:\/\/www.cedol.org.ar\/logistica\/fiel-panel-logistica-puerto-ba\/\" \/>\n<meta property=\"og:locale\" content=\"es_ES\" \/>\n<meta property=\"og:type\" content=\"article\" \/>\n<meta property=\"og:title\" content=\"FIEL: panel sobre Log\u00edstica y Puerto de BA &#187; CEDOL\" \/>\n<meta property=\"og:description\" content=\"La segunda parte del encuentro de FIEL, en el sal\u00f3n de actos de la Bolsa de Comercio de Buenos Aires, estuvo centrado en la actividad del transporte y la\" \/>\n<meta property=\"og:url\" content=\"https:\/\/www.cedol.org.ar\/logistica\/fiel-panel-logistica-puerto-ba\/\" \/>\n<meta property=\"og:site_name\" content=\"CEDOL\" \/>\n<meta property=\"article:published_time\" content=\"2017-08-30T14:50:23+00:00\" \/>\n<meta property=\"og:image\" content=\"http:\/\/www.cedol.org.ar\/logistica\/wp-content\/uploads\/2017\/08\/foto2.jpg\" \/>\n<meta name=\"author\" content=\"admin\" \/>\n<meta name=\"twitter:card\" content=\"summary_large_image\" \/>\n<meta name=\"twitter:label1\" content=\"Escrito por\" \/>\n\t<meta name=\"twitter:data1\" content=\"admin\" \/>\n\t<meta name=\"twitter:label2\" content=\"Tiempo de lectura\" \/>\n\t<meta name=\"twitter:data2\" content=\"3 minutos\" \/>\n<script type=\"application\/ld+json\" class=\"yoast-schema-graph\">{\"@context\":\"https:\/\/schema.org\",\"@graph\":[{\"@type\":\"WebPage\",\"@id\":\"https:\/\/www.cedol.org.ar\/logistica\/fiel-panel-logistica-puerto-ba\/\",\"url\":\"https:\/\/www.cedol.org.ar\/logistica\/fiel-panel-logistica-puerto-ba\/\",\"name\":\"FIEL: panel sobre Log\u00edstica y Puerto de BA &#187; CEDOL\",\"isPartOf\":{\"@id\":\"https:\/\/www.cedol.org.ar\/logistica\/#website\"},\"primaryImageOfPage\":{\"@id\":\"https:\/\/www.cedol.org.ar\/logistica\/fiel-panel-logistica-puerto-ba\/#primaryimage\"},\"image\":{\"@id\":\"https:\/\/www.cedol.org.ar\/logistica\/fiel-panel-logistica-puerto-ba\/#primaryimage\"},\"thumbnailUrl\":\"http:\/\/www.cedol.org.ar\/logistica\/wp-content\/uploads\/2017\/08\/foto2.jpg\",\"datePublished\":\"2017-08-30T14:50:23+00:00\",\"dateModified\":\"2017-08-30T14:50:23+00:00\",\"author\":{\"@id\":\"https:\/\/www.cedol.org.ar\/logistica\/#\/schema\/person\/40275bdb20446824fc74d51aabe22e83\"},\"description\":\"La segunda parte del encuentro de FIEL, en el sal\u00f3n de actos de la Bolsa de Comercio de Buenos Aires, estuvo centrado en la actividad del transporte y la\",\"breadcrumb\":{\"@id\":\"https:\/\/www.cedol.org.ar\/logistica\/fiel-panel-logistica-puerto-ba\/#breadcrumb\"},\"inLanguage\":\"es\",\"potentialAction\":[{\"@type\":\"ReadAction\",\"target\":[\"https:\/\/www.cedol.org.ar\/logistica\/fiel-panel-logistica-puerto-ba\/\"]}]},{\"@type\":\"ImageObject\",\"inLanguage\":\"es\",\"@id\":\"https:\/\/www.cedol.org.ar\/logistica\/fiel-panel-logistica-puerto-ba\/#primaryimage\",\"url\":\"http:\/\/www.cedol.org.ar\/logistica\/wp-content\/uploads\/2017\/08\/foto2.jpg\",\"contentUrl\":\"http:\/\/www.cedol.org.ar\/logistica\/wp-content\/uploads\/2017\/08\/foto2.jpg\"},{\"@type\":\"BreadcrumbList\",\"@id\":\"https:\/\/www.cedol.org.ar\/logistica\/fiel-panel-logistica-puerto-ba\/#breadcrumb\",\"itemListElement\":[{\"@type\":\"ListItem\",\"position\":1,\"name\":\"Home\",\"item\":\"https:\/\/www.cedol.org.ar\/logistica\/\"},{\"@type\":\"ListItem\",\"position\":2,\"name\":\"FIEL: panel sobre Log\u00edstica y Puerto de BA\"}]},{\"@type\":\"WebSite\",\"@id\":\"https:\/\/www.cedol.org.ar\/logistica\/#website\",\"url\":\"https:\/\/www.cedol.org.ar\/logistica\/\",\"name\":\"CEDOL\",\"description\":\"C\u00c1MARA EMPRESARIA DE OPERADORES LOG\u00cdSTICOS\",\"potentialAction\":[{\"@type\":\"SearchAction\",\"target\":{\"@type\":\"EntryPoint\",\"urlTemplate\":\"https:\/\/www.cedol.org.ar\/logistica\/?s={search_term_string}\"},\"query-input\":\"required name=search_term_string\"}],\"inLanguage\":\"es\"},{\"@type\":\"Person\",\"@id\":\"https:\/\/www.cedol.org.ar\/logistica\/#\/schema\/person\/40275bdb20446824fc74d51aabe22e83\",\"name\":\"admin\"}]}<\/script>\n<!-- \/ Yoast SEO plugin. -->","yoast_head_json":{"title":"FIEL: panel sobre Log\u00edstica y Puerto de BA &#187; CEDOL","description":"La segunda parte del encuentro de FIEL, en el sal\u00f3n de actos de la Bolsa de Comercio de Buenos Aires, estuvo centrado en la actividad del transporte y la","robots":{"index":"index","follow":"follow","max-snippet":"max-snippet:-1","max-image-preview":"max-image-preview:large","max-video-preview":"max-video-preview:-1"},"canonical":"https:\/\/www.cedol.org.ar\/logistica\/fiel-panel-logistica-puerto-ba\/","og_locale":"es_ES","og_type":"article","og_title":"FIEL: panel sobre Log\u00edstica y Puerto de BA &#187; CEDOL","og_description":"La segunda parte del encuentro de FIEL, en el sal\u00f3n de actos de la Bolsa de Comercio de Buenos Aires, estuvo centrado en la actividad del transporte y la","og_url":"https:\/\/www.cedol.org.ar\/logistica\/fiel-panel-logistica-puerto-ba\/","og_site_name":"CEDOL","article_published_time":"2017-08-30T14:50:23+00:00","og_image":[{"url":"http:\/\/www.cedol.org.ar\/logistica\/wp-content\/uploads\/2017\/08\/foto2.jpg"}],"author":"admin","twitter_card":"summary_large_image","twitter_misc":{"Escrito por":"admin","Tiempo de lectura":"3 minutos"},"schema":{"@context":"https:\/\/schema.org","@graph":[{"@type":"WebPage","@id":"https:\/\/www.cedol.org.ar\/logistica\/fiel-panel-logistica-puerto-ba\/","url":"https:\/\/www.cedol.org.ar\/logistica\/fiel-panel-logistica-puerto-ba\/","name":"FIEL: panel sobre Log\u00edstica y Puerto de BA &#187; CEDOL","isPartOf":{"@id":"https:\/\/www.cedol.org.ar\/logistica\/#website"},"primaryImageOfPage":{"@id":"https:\/\/www.cedol.org.ar\/logistica\/fiel-panel-logistica-puerto-ba\/#primaryimage"},"image":{"@id":"https:\/\/www.cedol.org.ar\/logistica\/fiel-panel-logistica-puerto-ba\/#primaryimage"},"thumbnailUrl":"http:\/\/www.cedol.org.ar\/logistica\/wp-content\/uploads\/2017\/08\/foto2.jpg","datePublished":"2017-08-30T14:50:23+00:00","dateModified":"2017-08-30T14:50:23+00:00","author":{"@id":"https:\/\/www.cedol.org.ar\/logistica\/#\/schema\/person\/40275bdb20446824fc74d51aabe22e83"},"description":"La segunda parte del encuentro de FIEL, en el sal\u00f3n de actos de la Bolsa de Comercio de Buenos Aires, estuvo centrado en la actividad del transporte y la","breadcrumb":{"@id":"https:\/\/www.cedol.org.ar\/logistica\/fiel-panel-logistica-puerto-ba\/#breadcrumb"},"inLanguage":"es","potentialAction":[{"@type":"ReadAction","target":["https:\/\/www.cedol.org.ar\/logistica\/fiel-panel-logistica-puerto-ba\/"]}]},{"@type":"ImageObject","inLanguage":"es","@id":"https:\/\/www.cedol.org.ar\/logistica\/fiel-panel-logistica-puerto-ba\/#primaryimage","url":"http:\/\/www.cedol.org.ar\/logistica\/wp-content\/uploads\/2017\/08\/foto2.jpg","contentUrl":"http:\/\/www.cedol.org.ar\/logistica\/wp-content\/uploads\/2017\/08\/foto2.jpg"},{"@type":"BreadcrumbList","@id":"https:\/\/www.cedol.org.ar\/logistica\/fiel-panel-logistica-puerto-ba\/#breadcrumb","itemListElement":[{"@type":"ListItem","position":1,"name":"Home","item":"https:\/\/www.cedol.org.ar\/logistica\/"},{"@type":"ListItem","position":2,"name":"FIEL: panel sobre Log\u00edstica y Puerto de BA"}]},{"@type":"WebSite","@id":"https:\/\/www.cedol.org.ar\/logistica\/#website","url":"https:\/\/www.cedol.org.ar\/logistica\/","name":"CEDOL","description":"C\u00c1MARA EMPRESARIA DE OPERADORES LOG\u00cdSTICOS","potentialAction":[{"@type":"SearchAction","target":{"@type":"EntryPoint","urlTemplate":"https:\/\/www.cedol.org.ar\/logistica\/?s={search_term_string}"},"query-input":"required name=search_term_string"}],"inLanguage":"es"},{"@type":"Person","@id":"https:\/\/www.cedol.org.ar\/logistica\/#\/schema\/person\/40275bdb20446824fc74d51aabe22e83","name":"admin"}]}},"_links":{"self":[{"href":"https:\/\/www.cedol.org.ar\/logistica\/wp-json\/wp\/v2\/posts\/1665","targetHints":{"allow":["GET"]}}],"collection":[{"href":"https:\/\/www.cedol.org.ar\/logistica\/wp-json\/wp\/v2\/posts"}],"about":[{"href":"https:\/\/www.cedol.org.ar\/logistica\/wp-json\/wp\/v2\/types\/post"}],"author":[{"embeddable":true,"href":"https:\/\/www.cedol.org.ar\/logistica\/wp-json\/wp\/v2\/users\/1"}],"replies":[{"embeddable":true,"href":"https:\/\/www.cedol.org.ar\/logistica\/wp-json\/wp\/v2\/comments?post=1665"}],"version-history":[{"count":1,"href":"https:\/\/www.cedol.org.ar\/logistica\/wp-json\/wp\/v2\/posts\/1665\/revisions"}],"predecessor-version":[{"id":1667,"href":"https:\/\/www.cedol.org.ar\/logistica\/wp-json\/wp\/v2\/posts\/1665\/revisions\/1667"}],"wp:attachment":[{"href":"https:\/\/www.cedol.org.ar\/logistica\/wp-json\/wp\/v2\/media?parent=1665"}],"wp:term":[{"taxonomy":"category","embeddable":true,"href":"https:\/\/www.cedol.org.ar\/logistica\/wp-json\/wp\/v2\/categories?post=1665"},{"taxonomy":"post_tag","embeddable":true,"href":"https:\/\/www.cedol.org.ar\/logistica\/wp-json\/wp\/v2\/tags?post=1665"}],"curies":[{"name":"wp","href":"https:\/\/api.w.org\/{rel}","templated":true}]}}