{"id":1662,"date":"2017-08-30T14:46:24","date_gmt":"2017-08-30T14:46:24","guid":{"rendered":"http:\/\/www.cedol.org.ar\/logistica\/?p=1662"},"modified":"2017-08-30T14:46:24","modified_gmt":"2017-08-30T14:46:24","slug":"proyecciones-economicas-logistica","status":"publish","type":"post","link":"https:\/\/www.cedol.org.ar\/logistica\/proyecciones-economicas-logistica\/","title":{"rendered":"Proyecciones Econ\u00f3micas para Log\u00edstica"},"content":{"rendered":"<p>Como cada a\u00f1o se realiz\u00f3 la habitual conferencia organizada por la Fundaci\u00f3n de Investigaciones Econ\u00f3micas Latinoamericanas (FIEL) sobre Proyecciones Econ\u00f3micas para Operaciones Log\u00edsticas 2017\/2018, con el objetivo de evaluar el entorno econ\u00f3mico, financiero, pol\u00edtico, sindical y social para la toma de decisiones estrat\u00e9gicas y coyunturales en los negocios y la log\u00edstica.<img loading=\"lazy\" decoding=\"async\" class=\"aligncenter size-full wp-image-1663\" src=\"http:\/\/www.cedol.org.ar\/logistica\/wp-content\/uploads\/2017\/08\/nota1-1.jpg\" alt=\"\" width=\"960\" height=\"720\" srcset=\"https:\/\/www.cedol.org.ar\/logistica\/wp-content\/uploads\/2017\/08\/nota1-1.jpg 960w, https:\/\/www.cedol.org.ar\/logistica\/wp-content\/uploads\/2017\/08\/nota1-1-300x225.jpg 300w, https:\/\/www.cedol.org.ar\/logistica\/wp-content\/uploads\/2017\/08\/nota1-1-768x576.jpg 768w, https:\/\/www.cedol.org.ar\/logistica\/wp-content\/uploads\/2017\/08\/nota1-1-400x300.jpg 400w\" sizes=\"auto, (max-width: 960px) 100vw, 960px\" \/><\/p>\n<p>El programa de conferencias incluy\u00f3 el an\u00e1lisis pol\u00edtico y social de Rosendo Fraga; el an\u00e1lisis macroecon\u00f3mico de Juan Luis Bour, de FIEL; el an\u00e1lisis laboral y sindical de Lucio Zemborain, de FADEEAC; y la presentaci\u00f3n de los flujos log\u00edsticos para 2017\/2018, a cargo de Jorge Jares, de la consultora Diagn\u00f3stico y Coaching Log\u00edstico. En el tramo final del encuentro se llev\u00f3 a cabo un panel con empresarios de la log\u00edstica que ofrecieron su visi\u00f3n sobre c\u00f3mo se preparan las compa\u00f1\u00edas para el pr\u00f3ximo a\u00f1o. Con la moderaci\u00f3n de Carlos Musante, de Cedol, participaron Eduardo Bastitta, CEO Plaza Log\u00edstica; David Bottaro, director de ID Logistics; Gustavo Figuerola, Presidente de TRP; y Hern\u00e1n S\u00e1nchez, director Comercial de Celsur y Presidente Arlog.<\/p>\n<p>El encargado de abrir la jornada fue Lucio Zemborain quien hizo un repaso del comportamiento sindical argentino y, m\u00e1s adelante, se refiri\u00f3 a la reforma laboral de Brasil: <em>\u201cestamos lejos de que nuestro Congreso sancione una medida similar sin un gran conflicto social. Pero debemos ir hacia esto porque con lo de Brasil, sumado a la reforma de Chile, Argentina queda muy mal competitivamente en la regi\u00f3n. Aunque el resultado de las pr\u00f3ximas elecciones de octubre puede permitirle al gobierno avanzar en reformas menores en esa direcci\u00f3n\u201d<\/em>.<\/p>\n<p>Otro tema muy esperado por el auditorio ten\u00eda que ver con los costos log\u00edsticos y, al respecto, Zemborain fue tajante: <em>\u201cel Presidente Macri habla mucho sobre reducir los costos log\u00edsticos, pero casi el 50% de esos costos corresponden a impuestos\u201d<\/em>.<\/p>\n<p><strong>Pol\u00edtica y econom\u00eda<\/strong><\/p>\n<p><em>\u201cEn 2018 hay elecciones en M\u00e9xico, Brasil y Venezuela, con buenas se\u00f1ales del populismo\u201d<\/em>, inici\u00f3 su ponencia el analista Rosendo Fraga. <em>\u201cSi Cristina gana en octubre, el mundo puede interpretar que la salida del populismo de la regi\u00f3n se complica. Por eso los inversores ven ese mes como una referencia, donde el triunfo de Macri ser\u00e1 clave para ratificar el rumbo ante posibles inversiones\u201d<\/em>, expres\u00f3.<\/p>\n<p>Por eso, Fraga habl\u00f3 de un escenario de \u201coptimismo cauto de los mercados\u201d de cara a las pr\u00f3ximas elecciones y, adem\u00e1s, se permiti\u00f3 aconsejar al Presidente: <em>\u201ces peligroso enfrentar conflicto con gobernadores y sindicalismo al mismo tiempo. Al gobierno no le conviene tomar riesgos, debe esperar al menos 60 d\u00edas y que los riesgos los tome Cristina Fern\u00e1ndez\u201d<\/em>.<\/p>\n<p>En tanto que en el plano macroecon\u00f3mico, Juan Luis Bour asegur\u00f3 que la <em>\u201cactividad econ\u00f3mica se est\u00e1 recuperando y se observa una gradual convergencia del d\u00e9ficit fiscal a la meta 2017, con ayuda del blanqueo. Por lo que -a corto plazo- se mantienen las condiciones para una fuerte recuperaci\u00f3n que ya vemos en algunas industrias\u201d<\/em>.<\/p>\n<p>Sin embargo, alert\u00f3, <em>\u201clas importaciones crecen m\u00e1s fuertes que las exportaciones, por lo que pasamos a US$5000 millones de d\u00e9ficit comercial que se financia con la entrada de capitales de corto plazo\u201d<\/em>. En resumen, el economista explic\u00f3 que <em>\u201cArgentina entr\u00f3 en un sendero de expansi\u00f3n cercano al 3% anual, con algunas dudas por el d\u00e9ficit fiscal primario y otros riesgos de diferente \u00edndole\u201d. <\/em><\/p>\n","protected":false},"excerpt":{"rendered":"<p>Como cada a\u00f1o se realiz\u00f3 la habitual conferencia organizada por la Fundaci\u00f3n de Investigaciones Econ\u00f3micas Latinoamericanas (FIEL) sobre Proyecciones Econ\u00f3micas para Operaciones Log\u00edsticas 2017\/2018, con [&hellip;]<\/p>\n","protected":false},"author":1,"featured_media":0,"comment_status":"open","ping_status":"open","sticky":false,"template":"","format":"standard","meta":{"_monsterinsights_skip_tracking":false,"_monsterinsights_sitenote_active":false,"_monsterinsights_sitenote_note":"","_monsterinsights_sitenote_category":0,"footnotes":""},"categories":[4],"tags":[],"class_list":["post-1662","post","type-post","status-publish","format-standard","hentry","category-noticias"],"yoast_head":"<!-- This site is optimized with the Yoast SEO plugin v22.3 - https:\/\/yoast.com\/wordpress\/plugins\/seo\/ -->\n<title>Proyecciones Econ\u00f3micas para Log\u00edstica &#187; CEDOL<\/title>\n<meta name=\"description\" content=\"Como cada a\u00f1o se realiz\u00f3 la habitual conferencia organizada por la Fundaci\u00f3n de Investigaciones Econ\u00f3micas Latinoamericanas (FIEL) sobre Proyecciones\" \/>\n<meta name=\"robots\" content=\"index, follow, max-snippet:-1, max-image-preview:large, max-video-preview:-1\" \/>\n<link rel=\"canonical\" href=\"https:\/\/www.cedol.org.ar\/logistica\/proyecciones-economicas-logistica\/\" \/>\n<meta property=\"og:locale\" content=\"es_ES\" \/>\n<meta property=\"og:type\" content=\"article\" \/>\n<meta property=\"og:title\" content=\"Proyecciones Econ\u00f3micas para Log\u00edstica &#187; CEDOL\" \/>\n<meta property=\"og:description\" content=\"Como cada a\u00f1o se realiz\u00f3 la habitual conferencia organizada por la Fundaci\u00f3n de Investigaciones Econ\u00f3micas Latinoamericanas (FIEL) sobre Proyecciones\" \/>\n<meta property=\"og:url\" content=\"https:\/\/www.cedol.org.ar\/logistica\/proyecciones-economicas-logistica\/\" \/>\n<meta property=\"og:site_name\" content=\"CEDOL\" \/>\n<meta property=\"article:published_time\" content=\"2017-08-30T14:46:24+00:00\" \/>\n<meta property=\"og:image\" content=\"http:\/\/www.cedol.org.ar\/logistica\/wp-content\/uploads\/2017\/08\/nota1-1.jpg\" \/>\n<meta name=\"author\" content=\"admin\" \/>\n<meta name=\"twitter:card\" content=\"summary_large_image\" \/>\n<meta name=\"twitter:label1\" content=\"Escrito por\" \/>\n\t<meta name=\"twitter:data1\" content=\"admin\" \/>\n\t<meta name=\"twitter:label2\" content=\"Tiempo de lectura\" \/>\n\t<meta name=\"twitter:data2\" content=\"3 minutos\" \/>\n<script type=\"application\/ld+json\" class=\"yoast-schema-graph\">{\"@context\":\"https:\/\/schema.org\",\"@graph\":[{\"@type\":\"WebPage\",\"@id\":\"https:\/\/www.cedol.org.ar\/logistica\/proyecciones-economicas-logistica\/\",\"url\":\"https:\/\/www.cedol.org.ar\/logistica\/proyecciones-economicas-logistica\/\",\"name\":\"Proyecciones Econ\u00f3micas para Log\u00edstica &#187; CEDOL\",\"isPartOf\":{\"@id\":\"https:\/\/www.cedol.org.ar\/logistica\/#website\"},\"primaryImageOfPage\":{\"@id\":\"https:\/\/www.cedol.org.ar\/logistica\/proyecciones-economicas-logistica\/#primaryimage\"},\"image\":{\"@id\":\"https:\/\/www.cedol.org.ar\/logistica\/proyecciones-economicas-logistica\/#primaryimage\"},\"thumbnailUrl\":\"http:\/\/www.cedol.org.ar\/logistica\/wp-content\/uploads\/2017\/08\/nota1-1.jpg\",\"datePublished\":\"2017-08-30T14:46:24+00:00\",\"dateModified\":\"2017-08-30T14:46:24+00:00\",\"author\":{\"@id\":\"https:\/\/www.cedol.org.ar\/logistica\/#\/schema\/person\/40275bdb20446824fc74d51aabe22e83\"},\"description\":\"Como cada a\u00f1o se realiz\u00f3 la habitual conferencia organizada por la Fundaci\u00f3n de Investigaciones Econ\u00f3micas Latinoamericanas (FIEL) sobre Proyecciones\",\"breadcrumb\":{\"@id\":\"https:\/\/www.cedol.org.ar\/logistica\/proyecciones-economicas-logistica\/#breadcrumb\"},\"inLanguage\":\"es\",\"potentialAction\":[{\"@type\":\"ReadAction\",\"target\":[\"https:\/\/www.cedol.org.ar\/logistica\/proyecciones-economicas-logistica\/\"]}]},{\"@type\":\"ImageObject\",\"inLanguage\":\"es\",\"@id\":\"https:\/\/www.cedol.org.ar\/logistica\/proyecciones-economicas-logistica\/#primaryimage\",\"url\":\"http:\/\/www.cedol.org.ar\/logistica\/wp-content\/uploads\/2017\/08\/nota1-1.jpg\",\"contentUrl\":\"http:\/\/www.cedol.org.ar\/logistica\/wp-content\/uploads\/2017\/08\/nota1-1.jpg\"},{\"@type\":\"BreadcrumbList\",\"@id\":\"https:\/\/www.cedol.org.ar\/logistica\/proyecciones-economicas-logistica\/#breadcrumb\",\"itemListElement\":[{\"@type\":\"ListItem\",\"position\":1,\"name\":\"Home\",\"item\":\"https:\/\/www.cedol.org.ar\/logistica\/\"},{\"@type\":\"ListItem\",\"position\":2,\"name\":\"Proyecciones Econ\u00f3micas para Log\u00edstica\"}]},{\"@type\":\"WebSite\",\"@id\":\"https:\/\/www.cedol.org.ar\/logistica\/#website\",\"url\":\"https:\/\/www.cedol.org.ar\/logistica\/\",\"name\":\"CEDOL\",\"description\":\"C\u00c1MARA EMPRESARIA DE OPERADORES LOG\u00cdSTICOS\",\"potentialAction\":[{\"@type\":\"SearchAction\",\"target\":{\"@type\":\"EntryPoint\",\"urlTemplate\":\"https:\/\/www.cedol.org.ar\/logistica\/?s={search_term_string}\"},\"query-input\":\"required name=search_term_string\"}],\"inLanguage\":\"es\"},{\"@type\":\"Person\",\"@id\":\"https:\/\/www.cedol.org.ar\/logistica\/#\/schema\/person\/40275bdb20446824fc74d51aabe22e83\",\"name\":\"admin\"}]}<\/script>\n<!-- \/ Yoast SEO plugin. -->","yoast_head_json":{"title":"Proyecciones Econ\u00f3micas para Log\u00edstica &#187; CEDOL","description":"Como cada a\u00f1o se realiz\u00f3 la habitual conferencia organizada por la Fundaci\u00f3n de Investigaciones Econ\u00f3micas Latinoamericanas (FIEL) sobre Proyecciones","robots":{"index":"index","follow":"follow","max-snippet":"max-snippet:-1","max-image-preview":"max-image-preview:large","max-video-preview":"max-video-preview:-1"},"canonical":"https:\/\/www.cedol.org.ar\/logistica\/proyecciones-economicas-logistica\/","og_locale":"es_ES","og_type":"article","og_title":"Proyecciones Econ\u00f3micas para Log\u00edstica &#187; CEDOL","og_description":"Como cada a\u00f1o se realiz\u00f3 la habitual conferencia organizada por la Fundaci\u00f3n de Investigaciones Econ\u00f3micas Latinoamericanas (FIEL) sobre Proyecciones","og_url":"https:\/\/www.cedol.org.ar\/logistica\/proyecciones-economicas-logistica\/","og_site_name":"CEDOL","article_published_time":"2017-08-30T14:46:24+00:00","og_image":[{"url":"http:\/\/www.cedol.org.ar\/logistica\/wp-content\/uploads\/2017\/08\/nota1-1.jpg"}],"author":"admin","twitter_card":"summary_large_image","twitter_misc":{"Escrito por":"admin","Tiempo de lectura":"3 minutos"},"schema":{"@context":"https:\/\/schema.org","@graph":[{"@type":"WebPage","@id":"https:\/\/www.cedol.org.ar\/logistica\/proyecciones-economicas-logistica\/","url":"https:\/\/www.cedol.org.ar\/logistica\/proyecciones-economicas-logistica\/","name":"Proyecciones Econ\u00f3micas para Log\u00edstica &#187; CEDOL","isPartOf":{"@id":"https:\/\/www.cedol.org.ar\/logistica\/#website"},"primaryImageOfPage":{"@id":"https:\/\/www.cedol.org.ar\/logistica\/proyecciones-economicas-logistica\/#primaryimage"},"image":{"@id":"https:\/\/www.cedol.org.ar\/logistica\/proyecciones-economicas-logistica\/#primaryimage"},"thumbnailUrl":"http:\/\/www.cedol.org.ar\/logistica\/wp-content\/uploads\/2017\/08\/nota1-1.jpg","datePublished":"2017-08-30T14:46:24+00:00","dateModified":"2017-08-30T14:46:24+00:00","author":{"@id":"https:\/\/www.cedol.org.ar\/logistica\/#\/schema\/person\/40275bdb20446824fc74d51aabe22e83"},"description":"Como cada a\u00f1o se realiz\u00f3 la habitual conferencia organizada por la Fundaci\u00f3n de Investigaciones Econ\u00f3micas Latinoamericanas (FIEL) sobre Proyecciones","breadcrumb":{"@id":"https:\/\/www.cedol.org.ar\/logistica\/proyecciones-economicas-logistica\/#breadcrumb"},"inLanguage":"es","potentialAction":[{"@type":"ReadAction","target":["https:\/\/www.cedol.org.ar\/logistica\/proyecciones-economicas-logistica\/"]}]},{"@type":"ImageObject","inLanguage":"es","@id":"https:\/\/www.cedol.org.ar\/logistica\/proyecciones-economicas-logistica\/#primaryimage","url":"http:\/\/www.cedol.org.ar\/logistica\/wp-content\/uploads\/2017\/08\/nota1-1.jpg","contentUrl":"http:\/\/www.cedol.org.ar\/logistica\/wp-content\/uploads\/2017\/08\/nota1-1.jpg"},{"@type":"BreadcrumbList","@id":"https:\/\/www.cedol.org.ar\/logistica\/proyecciones-economicas-logistica\/#breadcrumb","itemListElement":[{"@type":"ListItem","position":1,"name":"Home","item":"https:\/\/www.cedol.org.ar\/logistica\/"},{"@type":"ListItem","position":2,"name":"Proyecciones Econ\u00f3micas para Log\u00edstica"}]},{"@type":"WebSite","@id":"https:\/\/www.cedol.org.ar\/logistica\/#website","url":"https:\/\/www.cedol.org.ar\/logistica\/","name":"CEDOL","description":"C\u00c1MARA EMPRESARIA DE OPERADORES LOG\u00cdSTICOS","potentialAction":[{"@type":"SearchAction","target":{"@type":"EntryPoint","urlTemplate":"https:\/\/www.cedol.org.ar\/logistica\/?s={search_term_string}"},"query-input":"required name=search_term_string"}],"inLanguage":"es"},{"@type":"Person","@id":"https:\/\/www.cedol.org.ar\/logistica\/#\/schema\/person\/40275bdb20446824fc74d51aabe22e83","name":"admin"}]}},"_links":{"self":[{"href":"https:\/\/www.cedol.org.ar\/logistica\/wp-json\/wp\/v2\/posts\/1662","targetHints":{"allow":["GET"]}}],"collection":[{"href":"https:\/\/www.cedol.org.ar\/logistica\/wp-json\/wp\/v2\/posts"}],"about":[{"href":"https:\/\/www.cedol.org.ar\/logistica\/wp-json\/wp\/v2\/types\/post"}],"author":[{"embeddable":true,"href":"https:\/\/www.cedol.org.ar\/logistica\/wp-json\/wp\/v2\/users\/1"}],"replies":[{"embeddable":true,"href":"https:\/\/www.cedol.org.ar\/logistica\/wp-json\/wp\/v2\/comments?post=1662"}],"version-history":[{"count":1,"href":"https:\/\/www.cedol.org.ar\/logistica\/wp-json\/wp\/v2\/posts\/1662\/revisions"}],"predecessor-version":[{"id":1664,"href":"https:\/\/www.cedol.org.ar\/logistica\/wp-json\/wp\/v2\/posts\/1662\/revisions\/1664"}],"wp:attachment":[{"href":"https:\/\/www.cedol.org.ar\/logistica\/wp-json\/wp\/v2\/media?parent=1662"}],"wp:term":[{"taxonomy":"category","embeddable":true,"href":"https:\/\/www.cedol.org.ar\/logistica\/wp-json\/wp\/v2\/categories?post=1662"},{"taxonomy":"post_tag","embeddable":true,"href":"https:\/\/www.cedol.org.ar\/logistica\/wp-json\/wp\/v2\/tags?post=1662"}],"curies":[{"name":"wp","href":"https:\/\/api.w.org\/{rel}","templated":true}]}}