{"id":1653,"date":"2017-07-27T12:57:12","date_gmt":"2017-07-27T12:57:12","guid":{"rendered":"http:\/\/www.cedol.org.ar\/logistica\/?p=1653"},"modified":"2017-07-27T12:57:12","modified_gmt":"2017-07-27T12:57:12","slug":"referentes-la-logistica-dictaran-curso-la-utn","status":"publish","type":"post","link":"https:\/\/www.cedol.org.ar\/logistica\/referentes-la-logistica-dictaran-curso-la-utn\/","title":{"rendered":"Referentes de la log\u00edstica dictar\u00e1n curso en la UTN"},"content":{"rendered":"<p>El Curso Superior \u201cVisi\u00f3n estrat\u00e9gica de la gesti\u00f3n log\u00edstica y SupplyChain\u201d, organizado por la <strong>Fundaci\u00f3n Andreani<\/strong> y la <strong>UTN<\/strong> (Facultad Regional Buenos Aires), dio a conocer el plantel de especialistas en log\u00edstica que dictar\u00e1n las clases.<img loading=\"lazy\" decoding=\"async\" class=\"aligncenter  wp-image-1654\" src=\"http:\/\/www.cedol.org.ar\/logistica\/wp-content\/uploads\/2017\/07\/logo-utn-frba-1-1024x394.png\" alt=\"\" width=\"501\" height=\"191\" srcset=\"https:\/\/www.cedol.org.ar\/logistica\/wp-content\/uploads\/2017\/07\/logo-utn-frba-1-300x115.png 300w, https:\/\/www.cedol.org.ar\/logistica\/wp-content\/uploads\/2017\/07\/logo-utn-frba-1-768x295.png 768w, https:\/\/www.cedol.org.ar\/logistica\/wp-content\/uploads\/2017\/07\/logo-utn-frba-1-500x192.png 500w\" sizes=\"auto, (max-width: 501px) 100vw, 501px\" \/><\/p>\n<p>Se trata de un cuerpo docente compuesto por 14 profesionales de primera l\u00ednea, quienes abordar\u00e1n las principales problem\u00e1ticas y tendencias del sector. Por orden alfab\u00e9tico, ellos son: Andres Arfuch (Director de Administraci\u00f3n y Finanzas del Grupo Log\u00edstico Andreani); Carlos Cirimelo (Gerente General y Director de NegociosInternacionales del Grupo Log\u00edstico Andreani); Carlos Musante (Director t\u00e9cnico de CEDOL &#8211; C\u00e1mara Empresaria de Operadores Log\u00edstico); Fabian Yannone (Director Comercial de Log\u00edstica del Grupo Log\u00edstico Andreani); Graciela Corval\u00e1n (Presidenta del Consejo Federal de Zonas Francas); Gustavo Echenique (Director de TI y Procesos del Grupo Log\u00edstico Andreani); Gustavo Sambucetti (Presidente de la CACE &#8211; C\u00e1mara Argentina de Comercio Electr\u00f3nico); Hern\u00e1n S\u00e1nchez (Presidente de ARLOG &#8211; Asociaci\u00f3n Argentina de Logistica Empresaria); Jorge L\u00f3pez (Presidente de CEDOL &#8211; C\u00e1mara Empresaria de Operadores Log\u00edsticos); Juan Carlos Rodr\u00edguez (Presidente de Asociaci\u00f3n Latinoamericana de Log\u00edstica y Gerente General en Costa Oriental, Uruguay); Marcelo Arce\u00a0 (Presidente saliente de la Asociaci\u00f3n Argentina de Log\u00edstica Empresaria); Pablo Grimald (Gerente de Log\u00edstica Comercial en Roche); Santiago Bianco (Director de Recursos Humanos del Grupo Log\u00edstico Andreani); y Silvia Sudol (Asesora en el Honorable Senado de la Naci\u00f3n). Los coordinadores son Guillermo Grappi, Gerente de Operaciones LIDHERMA SA, y Alejandro Iglesias, Gerente Comercial de Proyectos y Nuevos Servicios del Grupo Log\u00edstico Andreani.<\/p>\n<p>Los m\u00f3dulos est\u00e1n destinados a analizar la actualidad de la actividad log\u00edstica y brindar una mirada estrat\u00e9gica que resulte de utilidad, tanto para entender cada \u00e1rea como para liderar los procesos y recursos involucrados en la gesti\u00f3n. El Curso Superior est\u00e1 destinado a profesionales que desempe\u00f1en roles ejecutivos y\/o estrat\u00e9gicos, tanto en empresas generadoras como integradoras de cargas, que busquen ampliar su visi\u00f3n y sus conocimientos sobre la gesti\u00f3n log\u00edstica; profundizar sobre las \u00faltimas tendencias y compartir buenas pr\u00e1cticas en un entorno especializado (Gerentes de SupplyChain, Log\u00edstica, Compras, Abastecimiento, Materiales, Inventarios, Suministros; Ejecutivos de \u00e1reas de Administraci\u00f3n y\/o Finanzas con responsabilidad en dichos procesos).<\/p>\n<p>La duraci\u00f3n es de un cuatrimestre y comienza el martes 1\u00b0 de Agosto de 2017 en la sede de la Fundaci\u00f3n Andreani (Av. Regimiento Patricios 1052, 5\u00b0 piso, Unidad Funcional 509, Edificio Molina Ciudad). Se dictar\u00e1 los martes de 18 a 21 hs.<\/p>\n<p>Consultas e inscripci\u00f3n: <a href=\"mailto:posgrado@andreani.com\">posgrado@andreani.com<\/a> o en UTN BA: de 10 a 17hs. 4641-8518 y de 18 a 20hs. 4867-7545<\/p>\n","protected":false},"excerpt":{"rendered":"<p>El Curso Superior \u201cVisi\u00f3n estrat\u00e9gica de la gesti\u00f3n log\u00edstica y SupplyChain\u201d, organizado por la Fundaci\u00f3n Andreani y la UTN (Facultad Regional Buenos Aires), dio a [&hellip;]<\/p>\n","protected":false},"author":1,"featured_media":0,"comment_status":"open","ping_status":"open","sticky":false,"template":"","format":"standard","meta":{"_monsterinsights_skip_tracking":false,"_monsterinsights_sitenote_active":false,"_monsterinsights_sitenote_note":"","_monsterinsights_sitenote_category":0,"footnotes":""},"categories":[4],"tags":[],"class_list":["post-1653","post","type-post","status-publish","format-standard","hentry","category-noticias"],"yoast_head":"<!-- This site is optimized with the Yoast SEO plugin v22.3 - https:\/\/yoast.com\/wordpress\/plugins\/seo\/ -->\n<title>Referentes de la log\u00edstica dictar\u00e1n curso en la UTN &#187; CEDOL<\/title>\n<meta name=\"description\" content=\"El Curso Superior \u201cVisi\u00f3n estrat\u00e9gica de la gesti\u00f3n log\u00edstica y SupplyChain\u201d, organizado por la Fundaci\u00f3n Andreani y la UTN (Facultad Regional Buenos\" \/>\n<meta name=\"robots\" content=\"index, follow, max-snippet:-1, max-image-preview:large, max-video-preview:-1\" \/>\n<link rel=\"canonical\" href=\"https:\/\/www.cedol.org.ar\/logistica\/referentes-la-logistica-dictaran-curso-la-utn\/\" \/>\n<meta property=\"og:locale\" content=\"es_ES\" \/>\n<meta property=\"og:type\" content=\"article\" \/>\n<meta property=\"og:title\" content=\"Referentes de la log\u00edstica dictar\u00e1n curso en la UTN &#187; CEDOL\" \/>\n<meta property=\"og:description\" content=\"El Curso Superior \u201cVisi\u00f3n estrat\u00e9gica de la gesti\u00f3n log\u00edstica y SupplyChain\u201d, organizado por la Fundaci\u00f3n Andreani y la UTN (Facultad Regional Buenos\" \/>\n<meta property=\"og:url\" content=\"https:\/\/www.cedol.org.ar\/logistica\/referentes-la-logistica-dictaran-curso-la-utn\/\" \/>\n<meta property=\"og:site_name\" content=\"CEDOL\" \/>\n<meta property=\"article:published_time\" content=\"2017-07-27T12:57:12+00:00\" \/>\n<meta property=\"og:image\" content=\"http:\/\/www.cedol.org.ar\/logistica\/wp-content\/uploads\/2017\/07\/logo-utn-frba-1-1024x394.png\" \/>\n<meta name=\"author\" content=\"admin\" \/>\n<meta name=\"twitter:card\" content=\"summary_large_image\" \/>\n<meta name=\"twitter:label1\" content=\"Escrito por\" \/>\n\t<meta name=\"twitter:data1\" content=\"admin\" \/>\n\t<meta name=\"twitter:label2\" content=\"Tiempo de lectura\" \/>\n\t<meta name=\"twitter:data2\" content=\"2 minutos\" \/>\n<script type=\"application\/ld+json\" class=\"yoast-schema-graph\">{\"@context\":\"https:\/\/schema.org\",\"@graph\":[{\"@type\":\"WebPage\",\"@id\":\"https:\/\/www.cedol.org.ar\/logistica\/referentes-la-logistica-dictaran-curso-la-utn\/\",\"url\":\"https:\/\/www.cedol.org.ar\/logistica\/referentes-la-logistica-dictaran-curso-la-utn\/\",\"name\":\"Referentes de la log\u00edstica dictar\u00e1n curso en la UTN &#187; CEDOL\",\"isPartOf\":{\"@id\":\"https:\/\/www.cedol.org.ar\/logistica\/#website\"},\"primaryImageOfPage\":{\"@id\":\"https:\/\/www.cedol.org.ar\/logistica\/referentes-la-logistica-dictaran-curso-la-utn\/#primaryimage\"},\"image\":{\"@id\":\"https:\/\/www.cedol.org.ar\/logistica\/referentes-la-logistica-dictaran-curso-la-utn\/#primaryimage\"},\"thumbnailUrl\":\"http:\/\/www.cedol.org.ar\/logistica\/wp-content\/uploads\/2017\/07\/logo-utn-frba-1-1024x394.png\",\"datePublished\":\"2017-07-27T12:57:12+00:00\",\"dateModified\":\"2017-07-27T12:57:12+00:00\",\"author\":{\"@id\":\"https:\/\/www.cedol.org.ar\/logistica\/#\/schema\/person\/40275bdb20446824fc74d51aabe22e83\"},\"description\":\"El Curso Superior \u201cVisi\u00f3n estrat\u00e9gica de la gesti\u00f3n log\u00edstica y SupplyChain\u201d, organizado por la Fundaci\u00f3n Andreani y la UTN (Facultad Regional Buenos\",\"breadcrumb\":{\"@id\":\"https:\/\/www.cedol.org.ar\/logistica\/referentes-la-logistica-dictaran-curso-la-utn\/#breadcrumb\"},\"inLanguage\":\"es\",\"potentialAction\":[{\"@type\":\"ReadAction\",\"target\":[\"https:\/\/www.cedol.org.ar\/logistica\/referentes-la-logistica-dictaran-curso-la-utn\/\"]}]},{\"@type\":\"ImageObject\",\"inLanguage\":\"es\",\"@id\":\"https:\/\/www.cedol.org.ar\/logistica\/referentes-la-logistica-dictaran-curso-la-utn\/#primaryimage\",\"url\":\"http:\/\/www.cedol.org.ar\/logistica\/wp-content\/uploads\/2017\/07\/logo-utn-frba-1-1024x394.png\",\"contentUrl\":\"http:\/\/www.cedol.org.ar\/logistica\/wp-content\/uploads\/2017\/07\/logo-utn-frba-1-1024x394.png\"},{\"@type\":\"BreadcrumbList\",\"@id\":\"https:\/\/www.cedol.org.ar\/logistica\/referentes-la-logistica-dictaran-curso-la-utn\/#breadcrumb\",\"itemListElement\":[{\"@type\":\"ListItem\",\"position\":1,\"name\":\"Home\",\"item\":\"https:\/\/www.cedol.org.ar\/logistica\/\"},{\"@type\":\"ListItem\",\"position\":2,\"name\":\"Referentes de la log\u00edstica dictar\u00e1n curso en la UTN\"}]},{\"@type\":\"WebSite\",\"@id\":\"https:\/\/www.cedol.org.ar\/logistica\/#website\",\"url\":\"https:\/\/www.cedol.org.ar\/logistica\/\",\"name\":\"CEDOL\",\"description\":\"C\u00c1MARA EMPRESARIA DE OPERADORES LOG\u00cdSTICOS\",\"potentialAction\":[{\"@type\":\"SearchAction\",\"target\":{\"@type\":\"EntryPoint\",\"urlTemplate\":\"https:\/\/www.cedol.org.ar\/logistica\/?s={search_term_string}\"},\"query-input\":\"required name=search_term_string\"}],\"inLanguage\":\"es\"},{\"@type\":\"Person\",\"@id\":\"https:\/\/www.cedol.org.ar\/logistica\/#\/schema\/person\/40275bdb20446824fc74d51aabe22e83\",\"name\":\"admin\"}]}<\/script>\n<!-- \/ Yoast SEO plugin. -->","yoast_head_json":{"title":"Referentes de la log\u00edstica dictar\u00e1n curso en la UTN &#187; CEDOL","description":"El Curso Superior \u201cVisi\u00f3n estrat\u00e9gica de la gesti\u00f3n log\u00edstica y SupplyChain\u201d, organizado por la Fundaci\u00f3n Andreani y la UTN (Facultad Regional Buenos","robots":{"index":"index","follow":"follow","max-snippet":"max-snippet:-1","max-image-preview":"max-image-preview:large","max-video-preview":"max-video-preview:-1"},"canonical":"https:\/\/www.cedol.org.ar\/logistica\/referentes-la-logistica-dictaran-curso-la-utn\/","og_locale":"es_ES","og_type":"article","og_title":"Referentes de la log\u00edstica dictar\u00e1n curso en la UTN &#187; CEDOL","og_description":"El Curso Superior \u201cVisi\u00f3n estrat\u00e9gica de la gesti\u00f3n log\u00edstica y SupplyChain\u201d, organizado por la Fundaci\u00f3n Andreani y la UTN (Facultad Regional Buenos","og_url":"https:\/\/www.cedol.org.ar\/logistica\/referentes-la-logistica-dictaran-curso-la-utn\/","og_site_name":"CEDOL","article_published_time":"2017-07-27T12:57:12+00:00","og_image":[{"url":"http:\/\/www.cedol.org.ar\/logistica\/wp-content\/uploads\/2017\/07\/logo-utn-frba-1-1024x394.png"}],"author":"admin","twitter_card":"summary_large_image","twitter_misc":{"Escrito por":"admin","Tiempo de lectura":"2 minutos"},"schema":{"@context":"https:\/\/schema.org","@graph":[{"@type":"WebPage","@id":"https:\/\/www.cedol.org.ar\/logistica\/referentes-la-logistica-dictaran-curso-la-utn\/","url":"https:\/\/www.cedol.org.ar\/logistica\/referentes-la-logistica-dictaran-curso-la-utn\/","name":"Referentes de la log\u00edstica dictar\u00e1n curso en la UTN &#187; CEDOL","isPartOf":{"@id":"https:\/\/www.cedol.org.ar\/logistica\/#website"},"primaryImageOfPage":{"@id":"https:\/\/www.cedol.org.ar\/logistica\/referentes-la-logistica-dictaran-curso-la-utn\/#primaryimage"},"image":{"@id":"https:\/\/www.cedol.org.ar\/logistica\/referentes-la-logistica-dictaran-curso-la-utn\/#primaryimage"},"thumbnailUrl":"http:\/\/www.cedol.org.ar\/logistica\/wp-content\/uploads\/2017\/07\/logo-utn-frba-1-1024x394.png","datePublished":"2017-07-27T12:57:12+00:00","dateModified":"2017-07-27T12:57:12+00:00","author":{"@id":"https:\/\/www.cedol.org.ar\/logistica\/#\/schema\/person\/40275bdb20446824fc74d51aabe22e83"},"description":"El Curso Superior \u201cVisi\u00f3n estrat\u00e9gica de la gesti\u00f3n log\u00edstica y SupplyChain\u201d, organizado por la Fundaci\u00f3n Andreani y la UTN (Facultad Regional Buenos","breadcrumb":{"@id":"https:\/\/www.cedol.org.ar\/logistica\/referentes-la-logistica-dictaran-curso-la-utn\/#breadcrumb"},"inLanguage":"es","potentialAction":[{"@type":"ReadAction","target":["https:\/\/www.cedol.org.ar\/logistica\/referentes-la-logistica-dictaran-curso-la-utn\/"]}]},{"@type":"ImageObject","inLanguage":"es","@id":"https:\/\/www.cedol.org.ar\/logistica\/referentes-la-logistica-dictaran-curso-la-utn\/#primaryimage","url":"http:\/\/www.cedol.org.ar\/logistica\/wp-content\/uploads\/2017\/07\/logo-utn-frba-1-1024x394.png","contentUrl":"http:\/\/www.cedol.org.ar\/logistica\/wp-content\/uploads\/2017\/07\/logo-utn-frba-1-1024x394.png"},{"@type":"BreadcrumbList","@id":"https:\/\/www.cedol.org.ar\/logistica\/referentes-la-logistica-dictaran-curso-la-utn\/#breadcrumb","itemListElement":[{"@type":"ListItem","position":1,"name":"Home","item":"https:\/\/www.cedol.org.ar\/logistica\/"},{"@type":"ListItem","position":2,"name":"Referentes de la log\u00edstica dictar\u00e1n curso en la UTN"}]},{"@type":"WebSite","@id":"https:\/\/www.cedol.org.ar\/logistica\/#website","url":"https:\/\/www.cedol.org.ar\/logistica\/","name":"CEDOL","description":"C\u00c1MARA EMPRESARIA DE OPERADORES LOG\u00cdSTICOS","potentialAction":[{"@type":"SearchAction","target":{"@type":"EntryPoint","urlTemplate":"https:\/\/www.cedol.org.ar\/logistica\/?s={search_term_string}"},"query-input":"required name=search_term_string"}],"inLanguage":"es"},{"@type":"Person","@id":"https:\/\/www.cedol.org.ar\/logistica\/#\/schema\/person\/40275bdb20446824fc74d51aabe22e83","name":"admin"}]}},"_links":{"self":[{"href":"https:\/\/www.cedol.org.ar\/logistica\/wp-json\/wp\/v2\/posts\/1653","targetHints":{"allow":["GET"]}}],"collection":[{"href":"https:\/\/www.cedol.org.ar\/logistica\/wp-json\/wp\/v2\/posts"}],"about":[{"href":"https:\/\/www.cedol.org.ar\/logistica\/wp-json\/wp\/v2\/types\/post"}],"author":[{"embeddable":true,"href":"https:\/\/www.cedol.org.ar\/logistica\/wp-json\/wp\/v2\/users\/1"}],"replies":[{"embeddable":true,"href":"https:\/\/www.cedol.org.ar\/logistica\/wp-json\/wp\/v2\/comments?post=1653"}],"version-history":[{"count":1,"href":"https:\/\/www.cedol.org.ar\/logistica\/wp-json\/wp\/v2\/posts\/1653\/revisions"}],"predecessor-version":[{"id":1655,"href":"https:\/\/www.cedol.org.ar\/logistica\/wp-json\/wp\/v2\/posts\/1653\/revisions\/1655"}],"wp:attachment":[{"href":"https:\/\/www.cedol.org.ar\/logistica\/wp-json\/wp\/v2\/media?parent=1653"}],"wp:term":[{"taxonomy":"category","embeddable":true,"href":"https:\/\/www.cedol.org.ar\/logistica\/wp-json\/wp\/v2\/categories?post=1653"},{"taxonomy":"post_tag","embeddable":true,"href":"https:\/\/www.cedol.org.ar\/logistica\/wp-json\/wp\/v2\/tags?post=1653"}],"curies":[{"name":"wp","href":"https:\/\/api.w.org\/{rel}","templated":true}]}}