{"id":1650,"date":"2017-07-26T19:41:49","date_gmt":"2017-07-26T19:41:49","guid":{"rendered":"http:\/\/www.cedol.org.ar\/logistica\/?p=1650"},"modified":"2017-07-26T19:41:49","modified_gmt":"2017-07-26T19:41:49","slug":"fadeeac-catamp-recibieron-la-cepal","status":"publish","type":"post","link":"https:\/\/www.cedol.org.ar\/logistica\/fadeeac-catamp-recibieron-la-cepal\/","title":{"rendered":"FADEEAC Y CATAMP recibieron a la CEPAL"},"content":{"rendered":"<p>Tras las inundaciones ocurridas entre 2015 y 2016 en Argentina, la Comisi\u00f3n Econ\u00f3mica para Am\u00e9rica Latina y el Caribe (CEPAL) visit\u00f3 el pa\u00eds para establecer reuniones con m\u00faltiples sectores de la econom\u00eda y hacer un estudio de evaluaci\u00f3n de da\u00f1os socioecon\u00f3micos producidos por el desastre natural.<\/p>\n<p><img loading=\"lazy\" decoding=\"async\" class=\"aligncenter  wp-image-1651\" src=\"http:\/\/www.cedol.org.ar\/logistica\/wp-content\/uploads\/2017\/07\/FOTO-3.jpg\" alt=\"\" width=\"490\" height=\"278\" \/><\/p>\n<p>La C\u00e1mara Argentina del Transporte Automotor de Mercanc\u00edas y Residuos Peligrosos (Catamp) fue una de las entidades visitadas en la sede de la Federaci\u00f3n Argentina de Entidades Empresarias del Autotransporte de Cargas (Fadeeac), donde su presidente, Daniel Indart, encabez\u00f3 la reuni\u00f3n.<\/p>\n<p>La especialista Magda Buitrago fue la representante del organismo internacional, dependiente de Naciones Unidas, que recolect\u00f3 informaci\u00f3n a trav\u00e9s de los representantes del autotransporte de cargas sobre el impacto social y econ\u00f3mico que dejaron las inundaciones en la sociedad. El relevamiento tiene como objetivo generar estrategias futuras para evitar impactos negativos ante inconvenientes de esta magnitud.<\/p>\n<p>En el encuentro tambi\u00e9n participaron Juan Segovia, presidente de CATAMP, y Rodolfo Espinosa Liard, coordinador Institucional de la entidad. En representaci\u00f3n de Fadeeac, intervinieron Emilio Felcman, por el Departamento de Estudios Econ\u00f3micos, y Daniel Clarke, del Departamento de Asuntos T\u00e9cnicos e Infraestructura, quien realizar\u00e1 un relevamiento en los archivos de la Federaci\u00f3n sobre las repercusiones de las inundaciones que involucraron a la actividad. Tambi\u00e9n fue de la partida Edgardo Lyonnet, colaborador del Centro de Informaci\u00f3n para Emergencias en el Transporte (CIPET).<\/p>\n<p>La reuni\u00f3n le permiti\u00f3 a la especialista de CEPAL conocer infraestructura de transporte existente en las provincias afectadas, tanto la que est\u00e1 a cargo del gobierno nacional como la que se encuentra bajo la responsabilidad de las autoridades regionales. A su vez, la instituci\u00f3n persigue el objetivo de conocer qu\u00e9 obras se realizaron tras la emergencia, para lo que recolect\u00f3 la experiencia de los representantes de quienes recorren las rutas del pa\u00eds d\u00eda a d\u00eda.<\/p>\n<p>La mesa de trabajo concluy\u00f3 con el compromiso de colaborar en la recolecci\u00f3n de la informaci\u00f3n y la perspectiva del sector en tareas preventivas de riesgos.<\/p>\n<p><strong>\u00a0<\/strong><\/p>\n","protected":false},"excerpt":{"rendered":"<p>Tras las inundaciones ocurridas entre 2015 y 2016 en Argentina, la Comisi\u00f3n Econ\u00f3mica para Am\u00e9rica Latina y el Caribe (CEPAL) visit\u00f3 el pa\u00eds para establecer [&hellip;]<\/p>\n","protected":false},"author":1,"featured_media":0,"comment_status":"open","ping_status":"open","sticky":false,"template":"","format":"standard","meta":{"_monsterinsights_skip_tracking":false,"_monsterinsights_sitenote_active":false,"_monsterinsights_sitenote_note":"","_monsterinsights_sitenote_category":0,"footnotes":""},"categories":[4],"tags":[],"class_list":["post-1650","post","type-post","status-publish","format-standard","hentry","category-noticias"],"yoast_head":"<!-- This site is optimized with the Yoast SEO plugin v22.3 - https:\/\/yoast.com\/wordpress\/plugins\/seo\/ -->\n<title>FADEEAC Y CATAMP recibieron a la CEPAL &#187; CEDOL<\/title>\n<meta name=\"description\" content=\"Tras las inundaciones ocurridas entre 2015 y 2016 en Argentina, la Comisi\u00f3n Econ\u00f3mica para Am\u00e9rica Latina y el Caribe (CEPAL) visit\u00f3 el pa\u00eds para\" \/>\n<meta name=\"robots\" content=\"index, follow, max-snippet:-1, max-image-preview:large, max-video-preview:-1\" \/>\n<link rel=\"canonical\" href=\"https:\/\/www.cedol.org.ar\/logistica\/fadeeac-catamp-recibieron-la-cepal\/\" \/>\n<meta property=\"og:locale\" content=\"es_ES\" \/>\n<meta property=\"og:type\" content=\"article\" \/>\n<meta property=\"og:title\" content=\"FADEEAC Y CATAMP recibieron a la CEPAL &#187; CEDOL\" \/>\n<meta property=\"og:description\" content=\"Tras las inundaciones ocurridas entre 2015 y 2016 en Argentina, la Comisi\u00f3n Econ\u00f3mica para Am\u00e9rica Latina y el Caribe (CEPAL) visit\u00f3 el pa\u00eds para\" \/>\n<meta property=\"og:url\" content=\"https:\/\/www.cedol.org.ar\/logistica\/fadeeac-catamp-recibieron-la-cepal\/\" \/>\n<meta property=\"og:site_name\" content=\"CEDOL\" \/>\n<meta property=\"article:published_time\" content=\"2017-07-26T19:41:49+00:00\" \/>\n<meta property=\"og:image\" content=\"http:\/\/www.cedol.org.ar\/logistica\/wp-content\/uploads\/2017\/07\/FOTO-3.jpg\" \/>\n<meta name=\"author\" content=\"admin\" \/>\n<meta name=\"twitter:card\" content=\"summary_large_image\" \/>\n<meta name=\"twitter:label1\" content=\"Escrito por\" \/>\n\t<meta name=\"twitter:data1\" content=\"admin\" \/>\n\t<meta name=\"twitter:label2\" content=\"Tiempo de lectura\" \/>\n\t<meta name=\"twitter:data2\" content=\"2 minutos\" \/>\n<script type=\"application\/ld+json\" class=\"yoast-schema-graph\">{\"@context\":\"https:\/\/schema.org\",\"@graph\":[{\"@type\":\"WebPage\",\"@id\":\"https:\/\/www.cedol.org.ar\/logistica\/fadeeac-catamp-recibieron-la-cepal\/\",\"url\":\"https:\/\/www.cedol.org.ar\/logistica\/fadeeac-catamp-recibieron-la-cepal\/\",\"name\":\"FADEEAC Y CATAMP recibieron a la CEPAL &#187; CEDOL\",\"isPartOf\":{\"@id\":\"https:\/\/www.cedol.org.ar\/logistica\/#website\"},\"primaryImageOfPage\":{\"@id\":\"https:\/\/www.cedol.org.ar\/logistica\/fadeeac-catamp-recibieron-la-cepal\/#primaryimage\"},\"image\":{\"@id\":\"https:\/\/www.cedol.org.ar\/logistica\/fadeeac-catamp-recibieron-la-cepal\/#primaryimage\"},\"thumbnailUrl\":\"http:\/\/www.cedol.org.ar\/logistica\/wp-content\/uploads\/2017\/07\/FOTO-3.jpg\",\"datePublished\":\"2017-07-26T19:41:49+00:00\",\"dateModified\":\"2017-07-26T19:41:49+00:00\",\"author\":{\"@id\":\"https:\/\/www.cedol.org.ar\/logistica\/#\/schema\/person\/40275bdb20446824fc74d51aabe22e83\"},\"description\":\"Tras las inundaciones ocurridas entre 2015 y 2016 en Argentina, la Comisi\u00f3n Econ\u00f3mica para Am\u00e9rica Latina y el Caribe (CEPAL) visit\u00f3 el pa\u00eds para\",\"breadcrumb\":{\"@id\":\"https:\/\/www.cedol.org.ar\/logistica\/fadeeac-catamp-recibieron-la-cepal\/#breadcrumb\"},\"inLanguage\":\"es\",\"potentialAction\":[{\"@type\":\"ReadAction\",\"target\":[\"https:\/\/www.cedol.org.ar\/logistica\/fadeeac-catamp-recibieron-la-cepal\/\"]}]},{\"@type\":\"ImageObject\",\"inLanguage\":\"es\",\"@id\":\"https:\/\/www.cedol.org.ar\/logistica\/fadeeac-catamp-recibieron-la-cepal\/#primaryimage\",\"url\":\"http:\/\/www.cedol.org.ar\/logistica\/wp-content\/uploads\/2017\/07\/FOTO-3.jpg\",\"contentUrl\":\"http:\/\/www.cedol.org.ar\/logistica\/wp-content\/uploads\/2017\/07\/FOTO-3.jpg\"},{\"@type\":\"BreadcrumbList\",\"@id\":\"https:\/\/www.cedol.org.ar\/logistica\/fadeeac-catamp-recibieron-la-cepal\/#breadcrumb\",\"itemListElement\":[{\"@type\":\"ListItem\",\"position\":1,\"name\":\"Home\",\"item\":\"https:\/\/www.cedol.org.ar\/logistica\/\"},{\"@type\":\"ListItem\",\"position\":2,\"name\":\"FADEEAC Y CATAMP recibieron a la CEPAL\"}]},{\"@type\":\"WebSite\",\"@id\":\"https:\/\/www.cedol.org.ar\/logistica\/#website\",\"url\":\"https:\/\/www.cedol.org.ar\/logistica\/\",\"name\":\"CEDOL\",\"description\":\"C\u00c1MARA EMPRESARIA DE OPERADORES LOG\u00cdSTICOS\",\"potentialAction\":[{\"@type\":\"SearchAction\",\"target\":{\"@type\":\"EntryPoint\",\"urlTemplate\":\"https:\/\/www.cedol.org.ar\/logistica\/?s={search_term_string}\"},\"query-input\":\"required name=search_term_string\"}],\"inLanguage\":\"es\"},{\"@type\":\"Person\",\"@id\":\"https:\/\/www.cedol.org.ar\/logistica\/#\/schema\/person\/40275bdb20446824fc74d51aabe22e83\",\"name\":\"admin\"}]}<\/script>\n<!-- \/ Yoast SEO plugin. -->","yoast_head_json":{"title":"FADEEAC Y CATAMP recibieron a la CEPAL &#187; CEDOL","description":"Tras las inundaciones ocurridas entre 2015 y 2016 en Argentina, la Comisi\u00f3n Econ\u00f3mica para Am\u00e9rica Latina y el Caribe (CEPAL) visit\u00f3 el pa\u00eds para","robots":{"index":"index","follow":"follow","max-snippet":"max-snippet:-1","max-image-preview":"max-image-preview:large","max-video-preview":"max-video-preview:-1"},"canonical":"https:\/\/www.cedol.org.ar\/logistica\/fadeeac-catamp-recibieron-la-cepal\/","og_locale":"es_ES","og_type":"article","og_title":"FADEEAC Y CATAMP recibieron a la CEPAL &#187; CEDOL","og_description":"Tras las inundaciones ocurridas entre 2015 y 2016 en Argentina, la Comisi\u00f3n Econ\u00f3mica para Am\u00e9rica Latina y el Caribe (CEPAL) visit\u00f3 el pa\u00eds para","og_url":"https:\/\/www.cedol.org.ar\/logistica\/fadeeac-catamp-recibieron-la-cepal\/","og_site_name":"CEDOL","article_published_time":"2017-07-26T19:41:49+00:00","og_image":[{"url":"http:\/\/www.cedol.org.ar\/logistica\/wp-content\/uploads\/2017\/07\/FOTO-3.jpg"}],"author":"admin","twitter_card":"summary_large_image","twitter_misc":{"Escrito por":"admin","Tiempo de lectura":"2 minutos"},"schema":{"@context":"https:\/\/schema.org","@graph":[{"@type":"WebPage","@id":"https:\/\/www.cedol.org.ar\/logistica\/fadeeac-catamp-recibieron-la-cepal\/","url":"https:\/\/www.cedol.org.ar\/logistica\/fadeeac-catamp-recibieron-la-cepal\/","name":"FADEEAC Y CATAMP recibieron a la CEPAL &#187; CEDOL","isPartOf":{"@id":"https:\/\/www.cedol.org.ar\/logistica\/#website"},"primaryImageOfPage":{"@id":"https:\/\/www.cedol.org.ar\/logistica\/fadeeac-catamp-recibieron-la-cepal\/#primaryimage"},"image":{"@id":"https:\/\/www.cedol.org.ar\/logistica\/fadeeac-catamp-recibieron-la-cepal\/#primaryimage"},"thumbnailUrl":"http:\/\/www.cedol.org.ar\/logistica\/wp-content\/uploads\/2017\/07\/FOTO-3.jpg","datePublished":"2017-07-26T19:41:49+00:00","dateModified":"2017-07-26T19:41:49+00:00","author":{"@id":"https:\/\/www.cedol.org.ar\/logistica\/#\/schema\/person\/40275bdb20446824fc74d51aabe22e83"},"description":"Tras las inundaciones ocurridas entre 2015 y 2016 en Argentina, la Comisi\u00f3n Econ\u00f3mica para Am\u00e9rica Latina y el Caribe (CEPAL) visit\u00f3 el pa\u00eds para","breadcrumb":{"@id":"https:\/\/www.cedol.org.ar\/logistica\/fadeeac-catamp-recibieron-la-cepal\/#breadcrumb"},"inLanguage":"es","potentialAction":[{"@type":"ReadAction","target":["https:\/\/www.cedol.org.ar\/logistica\/fadeeac-catamp-recibieron-la-cepal\/"]}]},{"@type":"ImageObject","inLanguage":"es","@id":"https:\/\/www.cedol.org.ar\/logistica\/fadeeac-catamp-recibieron-la-cepal\/#primaryimage","url":"http:\/\/www.cedol.org.ar\/logistica\/wp-content\/uploads\/2017\/07\/FOTO-3.jpg","contentUrl":"http:\/\/www.cedol.org.ar\/logistica\/wp-content\/uploads\/2017\/07\/FOTO-3.jpg"},{"@type":"BreadcrumbList","@id":"https:\/\/www.cedol.org.ar\/logistica\/fadeeac-catamp-recibieron-la-cepal\/#breadcrumb","itemListElement":[{"@type":"ListItem","position":1,"name":"Home","item":"https:\/\/www.cedol.org.ar\/logistica\/"},{"@type":"ListItem","position":2,"name":"FADEEAC Y CATAMP recibieron a la CEPAL"}]},{"@type":"WebSite","@id":"https:\/\/www.cedol.org.ar\/logistica\/#website","url":"https:\/\/www.cedol.org.ar\/logistica\/","name":"CEDOL","description":"C\u00c1MARA EMPRESARIA DE OPERADORES LOG\u00cdSTICOS","potentialAction":[{"@type":"SearchAction","target":{"@type":"EntryPoint","urlTemplate":"https:\/\/www.cedol.org.ar\/logistica\/?s={search_term_string}"},"query-input":"required name=search_term_string"}],"inLanguage":"es"},{"@type":"Person","@id":"https:\/\/www.cedol.org.ar\/logistica\/#\/schema\/person\/40275bdb20446824fc74d51aabe22e83","name":"admin"}]}},"_links":{"self":[{"href":"https:\/\/www.cedol.org.ar\/logistica\/wp-json\/wp\/v2\/posts\/1650","targetHints":{"allow":["GET"]}}],"collection":[{"href":"https:\/\/www.cedol.org.ar\/logistica\/wp-json\/wp\/v2\/posts"}],"about":[{"href":"https:\/\/www.cedol.org.ar\/logistica\/wp-json\/wp\/v2\/types\/post"}],"author":[{"embeddable":true,"href":"https:\/\/www.cedol.org.ar\/logistica\/wp-json\/wp\/v2\/users\/1"}],"replies":[{"embeddable":true,"href":"https:\/\/www.cedol.org.ar\/logistica\/wp-json\/wp\/v2\/comments?post=1650"}],"version-history":[{"count":1,"href":"https:\/\/www.cedol.org.ar\/logistica\/wp-json\/wp\/v2\/posts\/1650\/revisions"}],"predecessor-version":[{"id":1652,"href":"https:\/\/www.cedol.org.ar\/logistica\/wp-json\/wp\/v2\/posts\/1650\/revisions\/1652"}],"wp:attachment":[{"href":"https:\/\/www.cedol.org.ar\/logistica\/wp-json\/wp\/v2\/media?parent=1650"}],"wp:term":[{"taxonomy":"category","embeddable":true,"href":"https:\/\/www.cedol.org.ar\/logistica\/wp-json\/wp\/v2\/categories?post=1650"},{"taxonomy":"post_tag","embeddable":true,"href":"https:\/\/www.cedol.org.ar\/logistica\/wp-json\/wp\/v2\/tags?post=1650"}],"curies":[{"name":"wp","href":"https:\/\/api.w.org\/{rel}","templated":true}]}}