{"id":1635,"date":"2017-07-26T19:09:06","date_gmt":"2017-07-26T19:09:06","guid":{"rendered":"http:\/\/www.cedol.org.ar\/logistica\/?p=1635"},"modified":"2017-07-26T19:09:06","modified_gmt":"2017-07-26T19:09:06","slug":"proyecciones-economicas-operaciones-logisticas-2018","status":"publish","type":"post","link":"https:\/\/www.cedol.org.ar\/logistica\/proyecciones-economicas-operaciones-logisticas-2018\/","title":{"rendered":"Proyecciones Econ\u00f3micas para Operaciones Log\u00edsticas 2018"},"content":{"rendered":"<p>El jueves 24 de agosto tendr\u00e1 lugar la conferencia anual organizada por FIEL sobre Proyecciones Econ\u00f3micas para Operaciones Log\u00edsticas 2017\/2018, que se realizar\u00e1 en la Bolsa de Comercio de Buenos Aires de 8.15 a 13.00 horas (Sarmiento 299, C.A.B.A).<img loading=\"lazy\" decoding=\"async\" class=\"aligncenter size-large wp-image-1636\" src=\"http:\/\/www.cedol.org.ar\/logistica\/wp-content\/uploads\/2017\/07\/TPLOGISTICAS_PORTUARIAS-big-1024x287.jpg\" alt=\"\" width=\"584\" height=\"164\" srcset=\"https:\/\/www.cedol.org.ar\/logistica\/wp-content\/uploads\/2017\/07\/TPLOGISTICAS_PORTUARIAS-big-1024x287.jpg 1024w, https:\/\/www.cedol.org.ar\/logistica\/wp-content\/uploads\/2017\/07\/TPLOGISTICAS_PORTUARIAS-big-300x84.jpg 300w, https:\/\/www.cedol.org.ar\/logistica\/wp-content\/uploads\/2017\/07\/TPLOGISTICAS_PORTUARIAS-big-768x216.jpg 768w, https:\/\/www.cedol.org.ar\/logistica\/wp-content\/uploads\/2017\/07\/TPLOGISTICAS_PORTUARIAS-big-500x140.jpg 500w, https:\/\/www.cedol.org.ar\/logistica\/wp-content\/uploads\/2017\/07\/TPLOGISTICAS_PORTUARIAS-big.jpg 1960w\" sizes=\"auto, (max-width: 584px) 100vw, 584px\" \/><\/p>\n<p>El objetivo ser\u00e1 evaluar el marco Econ\u00f3mico \u2013 Financiero, Pol\u00edtico, Sindical y Social para la toma de decisiones estrat\u00e9gicas y coyunturales en los negocios y en el \u00e1rea de log\u00edstica en particular. Para, de este modo, proveer el marco conceptual que les permita una mejor elaboraci\u00f3n de sus presupuestos para el 2018.<\/p>\n<p>El programa previsto para la conferencia incluye:<\/p>\n<p>An\u00e1lisis Pol\u00edtico y Social previo a las elecciones de Octubre y sus consecuencias para el 2018 (Rosendo Fraga, Analista Pol\u00edtico); An\u00e1lisis Macroecon\u00f3mico 2017\/2018 (Juan Luis Bour, FIEL); An\u00e1lisis Laboral y Sindical para el 2018 (Lucio Zemborain, FADEEAC); Flujos Log\u00edsticos 2017\/2018 (Jorge Jares, Diagnostico y Coaching Log\u00edstico).<\/p>\n<p>Por \u00faltimo, el evento contar\u00e1 con un panel empresario del sector, quienes contar\u00e1n c\u00f3mo se preparan para 2018. Con la moderaci\u00f3n de Carlos Musante, participar\u00e1n Eduardo Bastitta, CEO Plaza Logistica; David Bottaro, Director General de Id Logistics; Gustavo Figuerola, Presidente TRP; y Hern\u00e1n S\u00e1nchez, Director Comercial de Celsur Logistica y Presidente ARLOG.<\/p>\n<p>Informes: <a href=\"mailto:eventologistica@fiel.org.ar\">eventologistica@fiel.org.ar<\/a> \/ <a href=\"mailto:logistica2011@fiel.org.ar\">logistica2011@fiel.org.ar<\/a> \/ 4544-7099<\/p>\n","protected":false},"excerpt":{"rendered":"<p>El jueves 24 de agosto tendr\u00e1 lugar la conferencia anual organizada por FIEL sobre Proyecciones Econ\u00f3micas para Operaciones Log\u00edsticas 2017\/2018, que se realizar\u00e1 en la [&hellip;]<\/p>\n","protected":false},"author":1,"featured_media":0,"comment_status":"open","ping_status":"open","sticky":false,"template":"","format":"standard","meta":{"_monsterinsights_skip_tracking":false,"_monsterinsights_sitenote_active":false,"_monsterinsights_sitenote_note":"","_monsterinsights_sitenote_category":0,"footnotes":""},"categories":[4],"tags":[],"class_list":["post-1635","post","type-post","status-publish","format-standard","hentry","category-noticias"],"yoast_head":"<!-- This site is optimized with the Yoast SEO plugin v22.3 - https:\/\/yoast.com\/wordpress\/plugins\/seo\/ -->\n<title>Proyecciones Econ\u00f3micas para Operaciones Log\u00edsticas 2018 &#187; CEDOL<\/title>\n<meta name=\"description\" content=\"El jueves 24 de agosto tendr\u00e1 lugar la conferencia anual organizada por FIEL sobre Proyecciones Econ\u00f3micas para Operaciones Log\u00edsticas 2017\/2018, que se\" \/>\n<meta name=\"robots\" content=\"index, follow, max-snippet:-1, max-image-preview:large, max-video-preview:-1\" \/>\n<link rel=\"canonical\" href=\"https:\/\/www.cedol.org.ar\/logistica\/proyecciones-economicas-operaciones-logisticas-2018\/\" \/>\n<meta property=\"og:locale\" content=\"es_ES\" \/>\n<meta property=\"og:type\" content=\"article\" \/>\n<meta property=\"og:title\" content=\"Proyecciones Econ\u00f3micas para Operaciones Log\u00edsticas 2018 &#187; CEDOL\" \/>\n<meta property=\"og:description\" content=\"El jueves 24 de agosto tendr\u00e1 lugar la conferencia anual organizada por FIEL sobre Proyecciones Econ\u00f3micas para Operaciones Log\u00edsticas 2017\/2018, que se\" \/>\n<meta property=\"og:url\" content=\"https:\/\/www.cedol.org.ar\/logistica\/proyecciones-economicas-operaciones-logisticas-2018\/\" \/>\n<meta property=\"og:site_name\" content=\"CEDOL\" \/>\n<meta property=\"article:published_time\" content=\"2017-07-26T19:09:06+00:00\" \/>\n<meta property=\"og:image\" content=\"http:\/\/www.cedol.org.ar\/logistica\/wp-content\/uploads\/2017\/07\/TPLOGISTICAS_PORTUARIAS-big-1024x287.jpg\" \/>\n<meta name=\"author\" content=\"admin\" \/>\n<meta name=\"twitter:card\" content=\"summary_large_image\" \/>\n<meta name=\"twitter:label1\" content=\"Escrito por\" \/>\n\t<meta name=\"twitter:data1\" content=\"admin\" \/>\n\t<meta name=\"twitter:label2\" content=\"Tiempo de lectura\" \/>\n\t<meta name=\"twitter:data2\" content=\"1 minuto\" \/>\n<script type=\"application\/ld+json\" class=\"yoast-schema-graph\">{\"@context\":\"https:\/\/schema.org\",\"@graph\":[{\"@type\":\"WebPage\",\"@id\":\"https:\/\/www.cedol.org.ar\/logistica\/proyecciones-economicas-operaciones-logisticas-2018\/\",\"url\":\"https:\/\/www.cedol.org.ar\/logistica\/proyecciones-economicas-operaciones-logisticas-2018\/\",\"name\":\"Proyecciones Econ\u00f3micas para Operaciones Log\u00edsticas 2018 &#187; CEDOL\",\"isPartOf\":{\"@id\":\"https:\/\/www.cedol.org.ar\/logistica\/#website\"},\"primaryImageOfPage\":{\"@id\":\"https:\/\/www.cedol.org.ar\/logistica\/proyecciones-economicas-operaciones-logisticas-2018\/#primaryimage\"},\"image\":{\"@id\":\"https:\/\/www.cedol.org.ar\/logistica\/proyecciones-economicas-operaciones-logisticas-2018\/#primaryimage\"},\"thumbnailUrl\":\"http:\/\/www.cedol.org.ar\/logistica\/wp-content\/uploads\/2017\/07\/TPLOGISTICAS_PORTUARIAS-big-1024x287.jpg\",\"datePublished\":\"2017-07-26T19:09:06+00:00\",\"dateModified\":\"2017-07-26T19:09:06+00:00\",\"author\":{\"@id\":\"https:\/\/www.cedol.org.ar\/logistica\/#\/schema\/person\/40275bdb20446824fc74d51aabe22e83\"},\"description\":\"El jueves 24 de agosto tendr\u00e1 lugar la conferencia anual organizada por FIEL sobre Proyecciones Econ\u00f3micas para Operaciones Log\u00edsticas 2017\/2018, que se\",\"breadcrumb\":{\"@id\":\"https:\/\/www.cedol.org.ar\/logistica\/proyecciones-economicas-operaciones-logisticas-2018\/#breadcrumb\"},\"inLanguage\":\"es\",\"potentialAction\":[{\"@type\":\"ReadAction\",\"target\":[\"https:\/\/www.cedol.org.ar\/logistica\/proyecciones-economicas-operaciones-logisticas-2018\/\"]}]},{\"@type\":\"ImageObject\",\"inLanguage\":\"es\",\"@id\":\"https:\/\/www.cedol.org.ar\/logistica\/proyecciones-economicas-operaciones-logisticas-2018\/#primaryimage\",\"url\":\"http:\/\/www.cedol.org.ar\/logistica\/wp-content\/uploads\/2017\/07\/TPLOGISTICAS_PORTUARIAS-big-1024x287.jpg\",\"contentUrl\":\"http:\/\/www.cedol.org.ar\/logistica\/wp-content\/uploads\/2017\/07\/TPLOGISTICAS_PORTUARIAS-big-1024x287.jpg\"},{\"@type\":\"BreadcrumbList\",\"@id\":\"https:\/\/www.cedol.org.ar\/logistica\/proyecciones-economicas-operaciones-logisticas-2018\/#breadcrumb\",\"itemListElement\":[{\"@type\":\"ListItem\",\"position\":1,\"name\":\"Home\",\"item\":\"https:\/\/www.cedol.org.ar\/logistica\/\"},{\"@type\":\"ListItem\",\"position\":2,\"name\":\"Proyecciones Econ\u00f3micas para Operaciones Log\u00edsticas 2018\"}]},{\"@type\":\"WebSite\",\"@id\":\"https:\/\/www.cedol.org.ar\/logistica\/#website\",\"url\":\"https:\/\/www.cedol.org.ar\/logistica\/\",\"name\":\"CEDOL\",\"description\":\"C\u00c1MARA EMPRESARIA DE OPERADORES LOG\u00cdSTICOS\",\"potentialAction\":[{\"@type\":\"SearchAction\",\"target\":{\"@type\":\"EntryPoint\",\"urlTemplate\":\"https:\/\/www.cedol.org.ar\/logistica\/?s={search_term_string}\"},\"query-input\":\"required name=search_term_string\"}],\"inLanguage\":\"es\"},{\"@type\":\"Person\",\"@id\":\"https:\/\/www.cedol.org.ar\/logistica\/#\/schema\/person\/40275bdb20446824fc74d51aabe22e83\",\"name\":\"admin\"}]}<\/script>\n<!-- \/ Yoast SEO plugin. -->","yoast_head_json":{"title":"Proyecciones Econ\u00f3micas para Operaciones Log\u00edsticas 2018 &#187; CEDOL","description":"El jueves 24 de agosto tendr\u00e1 lugar la conferencia anual organizada por FIEL sobre Proyecciones Econ\u00f3micas para Operaciones Log\u00edsticas 2017\/2018, que se","robots":{"index":"index","follow":"follow","max-snippet":"max-snippet:-1","max-image-preview":"max-image-preview:large","max-video-preview":"max-video-preview:-1"},"canonical":"https:\/\/www.cedol.org.ar\/logistica\/proyecciones-economicas-operaciones-logisticas-2018\/","og_locale":"es_ES","og_type":"article","og_title":"Proyecciones Econ\u00f3micas para Operaciones Log\u00edsticas 2018 &#187; CEDOL","og_description":"El jueves 24 de agosto tendr\u00e1 lugar la conferencia anual organizada por FIEL sobre Proyecciones Econ\u00f3micas para Operaciones Log\u00edsticas 2017\/2018, que se","og_url":"https:\/\/www.cedol.org.ar\/logistica\/proyecciones-economicas-operaciones-logisticas-2018\/","og_site_name":"CEDOL","article_published_time":"2017-07-26T19:09:06+00:00","og_image":[{"url":"http:\/\/www.cedol.org.ar\/logistica\/wp-content\/uploads\/2017\/07\/TPLOGISTICAS_PORTUARIAS-big-1024x287.jpg"}],"author":"admin","twitter_card":"summary_large_image","twitter_misc":{"Escrito por":"admin","Tiempo de lectura":"1 minuto"},"schema":{"@context":"https:\/\/schema.org","@graph":[{"@type":"WebPage","@id":"https:\/\/www.cedol.org.ar\/logistica\/proyecciones-economicas-operaciones-logisticas-2018\/","url":"https:\/\/www.cedol.org.ar\/logistica\/proyecciones-economicas-operaciones-logisticas-2018\/","name":"Proyecciones Econ\u00f3micas para Operaciones Log\u00edsticas 2018 &#187; CEDOL","isPartOf":{"@id":"https:\/\/www.cedol.org.ar\/logistica\/#website"},"primaryImageOfPage":{"@id":"https:\/\/www.cedol.org.ar\/logistica\/proyecciones-economicas-operaciones-logisticas-2018\/#primaryimage"},"image":{"@id":"https:\/\/www.cedol.org.ar\/logistica\/proyecciones-economicas-operaciones-logisticas-2018\/#primaryimage"},"thumbnailUrl":"http:\/\/www.cedol.org.ar\/logistica\/wp-content\/uploads\/2017\/07\/TPLOGISTICAS_PORTUARIAS-big-1024x287.jpg","datePublished":"2017-07-26T19:09:06+00:00","dateModified":"2017-07-26T19:09:06+00:00","author":{"@id":"https:\/\/www.cedol.org.ar\/logistica\/#\/schema\/person\/40275bdb20446824fc74d51aabe22e83"},"description":"El jueves 24 de agosto tendr\u00e1 lugar la conferencia anual organizada por FIEL sobre Proyecciones Econ\u00f3micas para Operaciones Log\u00edsticas 2017\/2018, que se","breadcrumb":{"@id":"https:\/\/www.cedol.org.ar\/logistica\/proyecciones-economicas-operaciones-logisticas-2018\/#breadcrumb"},"inLanguage":"es","potentialAction":[{"@type":"ReadAction","target":["https:\/\/www.cedol.org.ar\/logistica\/proyecciones-economicas-operaciones-logisticas-2018\/"]}]},{"@type":"ImageObject","inLanguage":"es","@id":"https:\/\/www.cedol.org.ar\/logistica\/proyecciones-economicas-operaciones-logisticas-2018\/#primaryimage","url":"http:\/\/www.cedol.org.ar\/logistica\/wp-content\/uploads\/2017\/07\/TPLOGISTICAS_PORTUARIAS-big-1024x287.jpg","contentUrl":"http:\/\/www.cedol.org.ar\/logistica\/wp-content\/uploads\/2017\/07\/TPLOGISTICAS_PORTUARIAS-big-1024x287.jpg"},{"@type":"BreadcrumbList","@id":"https:\/\/www.cedol.org.ar\/logistica\/proyecciones-economicas-operaciones-logisticas-2018\/#breadcrumb","itemListElement":[{"@type":"ListItem","position":1,"name":"Home","item":"https:\/\/www.cedol.org.ar\/logistica\/"},{"@type":"ListItem","position":2,"name":"Proyecciones Econ\u00f3micas para Operaciones Log\u00edsticas 2018"}]},{"@type":"WebSite","@id":"https:\/\/www.cedol.org.ar\/logistica\/#website","url":"https:\/\/www.cedol.org.ar\/logistica\/","name":"CEDOL","description":"C\u00c1MARA EMPRESARIA DE OPERADORES LOG\u00cdSTICOS","potentialAction":[{"@type":"SearchAction","target":{"@type":"EntryPoint","urlTemplate":"https:\/\/www.cedol.org.ar\/logistica\/?s={search_term_string}"},"query-input":"required name=search_term_string"}],"inLanguage":"es"},{"@type":"Person","@id":"https:\/\/www.cedol.org.ar\/logistica\/#\/schema\/person\/40275bdb20446824fc74d51aabe22e83","name":"admin"}]}},"_links":{"self":[{"href":"https:\/\/www.cedol.org.ar\/logistica\/wp-json\/wp\/v2\/posts\/1635","targetHints":{"allow":["GET"]}}],"collection":[{"href":"https:\/\/www.cedol.org.ar\/logistica\/wp-json\/wp\/v2\/posts"}],"about":[{"href":"https:\/\/www.cedol.org.ar\/logistica\/wp-json\/wp\/v2\/types\/post"}],"author":[{"embeddable":true,"href":"https:\/\/www.cedol.org.ar\/logistica\/wp-json\/wp\/v2\/users\/1"}],"replies":[{"embeddable":true,"href":"https:\/\/www.cedol.org.ar\/logistica\/wp-json\/wp\/v2\/comments?post=1635"}],"version-history":[{"count":1,"href":"https:\/\/www.cedol.org.ar\/logistica\/wp-json\/wp\/v2\/posts\/1635\/revisions"}],"predecessor-version":[{"id":1637,"href":"https:\/\/www.cedol.org.ar\/logistica\/wp-json\/wp\/v2\/posts\/1635\/revisions\/1637"}],"wp:attachment":[{"href":"https:\/\/www.cedol.org.ar\/logistica\/wp-json\/wp\/v2\/media?parent=1635"}],"wp:term":[{"taxonomy":"category","embeddable":true,"href":"https:\/\/www.cedol.org.ar\/logistica\/wp-json\/wp\/v2\/categories?post=1635"},{"taxonomy":"post_tag","embeddable":true,"href":"https:\/\/www.cedol.org.ar\/logistica\/wp-json\/wp\/v2\/tags?post=1635"}],"curies":[{"name":"wp","href":"https:\/\/api.w.org\/{rel}","templated":true}]}}