{"id":1629,"date":"2017-07-26T18:56:54","date_gmt":"2017-07-26T18:56:54","guid":{"rendered":"http:\/\/www.cedol.org.ar\/logistica\/?p=1629"},"modified":"2017-07-26T18:56:54","modified_gmt":"2017-07-26T18:56:54","slug":"capacidad-cargas-mas-detalles-la-propuesta-fadeeac","status":"publish","type":"post","link":"https:\/\/www.cedol.org.ar\/logistica\/capacidad-cargas-mas-detalles-la-propuesta-fadeeac\/","title":{"rendered":"Capacidad de Cargas: m\u00e1s detalles de la propuesta de Fadeeac"},"content":{"rendered":"<p>La Propuesta T\u00e9cnica Vehicular de FADEEAC para el aumento de la capacidad de carga en las unidades de transporte, responde a la necesidad de reducir los costos y mejorar la rentabilidad de la actividad. B\u00e1sicamente, consiste en una serie de medidas escalables, a implementar a corto plazo y al alcance de la gran mayor\u00eda de los transportistas. Incluyen la modificaci\u00f3n de veh\u00edculos existentes, pero tiene en cuenta la necesidad de ofrecer mayor seguridad junto con el aumento de la capacidad.<\/p>\n<p><img loading=\"lazy\" decoding=\"async\" class=\"aligncenter size-full wp-image-1630\" src=\"http:\/\/www.cedol.org.ar\/logistica\/wp-content\/uploads\/2017\/07\/FOTO-2.jpg\" alt=\"\" width=\"768\" height=\"512\" srcset=\"https:\/\/www.cedol.org.ar\/logistica\/wp-content\/uploads\/2017\/07\/FOTO-2.jpg 768w, https:\/\/www.cedol.org.ar\/logistica\/wp-content\/uploads\/2017\/07\/FOTO-2-300x200.jpg 300w, https:\/\/www.cedol.org.ar\/logistica\/wp-content\/uploads\/2017\/07\/FOTO-2-450x300.jpg 450w\" sizes=\"auto, (max-width: 768px) 100vw, 768px\" \/><\/p>\n<p>La clave de la propuesta est\u00e1 en elevar el actual techo de 45 tn para combinaciones de veh\u00edculos, lo que limita efectivamente el uso de configuraciones m\u00e1s estables debido a que no son rentables. Para lograr configuraciones de mayor capacidad, el an\u00e1lisis se basa en: el respeto de los valores actuales de capacidad m\u00e1xima de los ejes y conjuntos de ejes; la posibilidad de aprovechar el incremento del 5% permitido para ejes que cuentan con suspensi\u00f3n neum\u00e1tica; la repartici\u00f3n de pesos en una proporci\u00f3n de 40% a 60% entre veh\u00edculo motriz y remolque, respecto del total; la necesidad de asegurar la transmisi\u00f3n de pesos m\u00ednimos a la calzada por parte del o los eje(s) de direcci\u00f3n; y el aumento de la relaci\u00f3n potencia-peso de la unidades de transporte de carga.<\/p>\n<p>Adem\u00e1s, se apunta a la incorporaci\u00f3n de tecnolog\u00eda vehicular m\u00e1s moderna y segura, m\u00e1s \u00e1gil en el tr\u00e1nsito y que tenga una incidencia menor en el medio ambiente.<\/p>\n<p><strong>\u00bfQu\u00e9 exigencias t\u00e9cnicas propone?<\/strong><\/p>\n<p>La propuesta de Fadeeac apunta a los veh\u00edculos con combinaciones de m\u00e1s de 50 tn. y hasta 55,5 tn. Su objetivo es aprovechar la potencia de veh\u00edculos motrices en circulaci\u00f3n de mayor potencia y dar un incentivo en t\u00e9rminos de capacidad a aquellos que invierten en equipos modernos con sistemas de seguridad activa de altas prestaciones.<\/p>\n<p>Adem\u00e1s, se propone la incorporaci\u00f3n de un modelo nuevo de semirremolque para Argentina, con una configuraci\u00f3n de ejes tipo 1+1+1, cuya circulaci\u00f3n fue autorizada en Brasil hace varios a\u00f1os y hoy en d\u00eda es una parte integral del mercado del pa\u00eds vecino.<\/p>\n<p>Debido a que se tratar\u00edan de unidades de alta capacidad de carga, se considera que sus dise\u00f1os deber\u00edan superar las exigencias actuales y hacer uso de la tecnolog\u00eda de punta disponible.<\/p>\n<p>Las exigencias t\u00e9cnicas propuestas son las siguientes: l\u00edmite de peso de conjunto en 55,5 tn (independientemente de cantidad de ejes y tipo de suspensi\u00f3n); relaci\u00f3n potencia-peso de 6 CV\/tn; veh\u00edculo motriz de tipo 6&#215;2 (como m\u00ednimo) con una potencia m\u00ednima de 300 CV; remolques especialmente dise\u00f1ados y construidos para este rango de capacidad con suspensi\u00f3n neum\u00e1tica integral.<\/p>\n<p>Deber\u00edan garantizar que m\u00e1s del 25% del peso del veh\u00edculo motriz sea transmitido a la calzada por el (los) eje(s) de direcci\u00f3n.<\/p>\n<p>Deber\u00edan contar con control electr\u00f3nico de frenos y estabilidad: ABS, EBS y ESP homologado. Al igual que se exige en el caso de los bitrenes, contar\u00edan con controlador electr\u00f3nico de pesos por eje permitiendo la fiscalizaci\u00f3n del peso y la correcta distribuci\u00f3n de la carga en la unidad de transporte.<\/p>\n<p>Para ser admisibles para las capacidades de carga en este rango de peso, los veh\u00edculos deber\u00edan cumplir con las siguientes exigencias de antig\u00fcedad m\u00e1xima: 15 a\u00f1os para el veh\u00edculo motriz, despu\u00e9s de los 10 a\u00f1os verificaci\u00f3n semestral; y 20 a\u00f1os para el remolque, despu\u00e9s de los 15 a\u00f1os verificaci\u00f3n semestral.<\/p>\n<p>Ser\u00e1 necesario efectuar pruebas de compatibilidad entre los sistemas de seguridad activa del veh\u00edculo motriz y los remolcados para asegurar el correcto funcionamiento de los mismos.<\/p>\n<p>&nbsp;<\/p>\n","protected":false},"excerpt":{"rendered":"<p>La Propuesta T\u00e9cnica Vehicular de FADEEAC para el aumento de la capacidad de carga en las unidades de transporte, responde a la necesidad de reducir [&hellip;]<\/p>\n","protected":false},"author":1,"featured_media":0,"comment_status":"open","ping_status":"open","sticky":false,"template":"","format":"standard","meta":{"_monsterinsights_skip_tracking":false,"_monsterinsights_sitenote_active":false,"_monsterinsights_sitenote_note":"","_monsterinsights_sitenote_category":0,"footnotes":""},"categories":[4],"tags":[],"class_list":["post-1629","post","type-post","status-publish","format-standard","hentry","category-noticias"],"yoast_head":"<!-- This site is optimized with the Yoast SEO plugin v22.3 - https:\/\/yoast.com\/wordpress\/plugins\/seo\/ -->\n<title>Capacidad de Cargas: m\u00e1s detalles de la propuesta de Fadeeac &#187; CEDOL<\/title>\n<meta name=\"description\" content=\"La Propuesta T\u00e9cnica Vehicular de FADEEAC para el aumento de la capacidad de carga en las unidades de transporte, responde a la necesidad de reducir los\" \/>\n<meta name=\"robots\" content=\"index, follow, max-snippet:-1, max-image-preview:large, max-video-preview:-1\" \/>\n<link rel=\"canonical\" href=\"https:\/\/www.cedol.org.ar\/logistica\/capacidad-cargas-mas-detalles-la-propuesta-fadeeac\/\" \/>\n<meta property=\"og:locale\" content=\"es_ES\" \/>\n<meta property=\"og:type\" content=\"article\" \/>\n<meta property=\"og:title\" content=\"Capacidad de Cargas: m\u00e1s detalles de la propuesta de Fadeeac &#187; CEDOL\" \/>\n<meta property=\"og:description\" content=\"La Propuesta T\u00e9cnica Vehicular de FADEEAC para el aumento de la capacidad de carga en las unidades de transporte, responde a la necesidad de reducir los\" \/>\n<meta property=\"og:url\" content=\"https:\/\/www.cedol.org.ar\/logistica\/capacidad-cargas-mas-detalles-la-propuesta-fadeeac\/\" \/>\n<meta property=\"og:site_name\" content=\"CEDOL\" \/>\n<meta property=\"article:published_time\" content=\"2017-07-26T18:56:54+00:00\" \/>\n<meta property=\"og:image\" content=\"http:\/\/www.cedol.org.ar\/logistica\/wp-content\/uploads\/2017\/07\/FOTO-2.jpg\" \/>\n<meta name=\"author\" content=\"admin\" \/>\n<meta name=\"twitter:card\" content=\"summary_large_image\" \/>\n<meta name=\"twitter:label1\" content=\"Escrito por\" \/>\n\t<meta name=\"twitter:data1\" content=\"admin\" \/>\n\t<meta name=\"twitter:label2\" content=\"Tiempo de lectura\" \/>\n\t<meta name=\"twitter:data2\" content=\"3 minutos\" \/>\n<script type=\"application\/ld+json\" class=\"yoast-schema-graph\">{\"@context\":\"https:\/\/schema.org\",\"@graph\":[{\"@type\":\"WebPage\",\"@id\":\"https:\/\/www.cedol.org.ar\/logistica\/capacidad-cargas-mas-detalles-la-propuesta-fadeeac\/\",\"url\":\"https:\/\/www.cedol.org.ar\/logistica\/capacidad-cargas-mas-detalles-la-propuesta-fadeeac\/\",\"name\":\"Capacidad de Cargas: m\u00e1s detalles de la propuesta de Fadeeac &#187; CEDOL\",\"isPartOf\":{\"@id\":\"https:\/\/www.cedol.org.ar\/logistica\/#website\"},\"primaryImageOfPage\":{\"@id\":\"https:\/\/www.cedol.org.ar\/logistica\/capacidad-cargas-mas-detalles-la-propuesta-fadeeac\/#primaryimage\"},\"image\":{\"@id\":\"https:\/\/www.cedol.org.ar\/logistica\/capacidad-cargas-mas-detalles-la-propuesta-fadeeac\/#primaryimage\"},\"thumbnailUrl\":\"http:\/\/www.cedol.org.ar\/logistica\/wp-content\/uploads\/2017\/07\/FOTO-2.jpg\",\"datePublished\":\"2017-07-26T18:56:54+00:00\",\"dateModified\":\"2017-07-26T18:56:54+00:00\",\"author\":{\"@id\":\"https:\/\/www.cedol.org.ar\/logistica\/#\/schema\/person\/40275bdb20446824fc74d51aabe22e83\"},\"description\":\"La Propuesta T\u00e9cnica Vehicular de FADEEAC para el aumento de la capacidad de carga en las unidades de transporte, responde a la necesidad de reducir los\",\"breadcrumb\":{\"@id\":\"https:\/\/www.cedol.org.ar\/logistica\/capacidad-cargas-mas-detalles-la-propuesta-fadeeac\/#breadcrumb\"},\"inLanguage\":\"es\",\"potentialAction\":[{\"@type\":\"ReadAction\",\"target\":[\"https:\/\/www.cedol.org.ar\/logistica\/capacidad-cargas-mas-detalles-la-propuesta-fadeeac\/\"]}]},{\"@type\":\"ImageObject\",\"inLanguage\":\"es\",\"@id\":\"https:\/\/www.cedol.org.ar\/logistica\/capacidad-cargas-mas-detalles-la-propuesta-fadeeac\/#primaryimage\",\"url\":\"http:\/\/www.cedol.org.ar\/logistica\/wp-content\/uploads\/2017\/07\/FOTO-2.jpg\",\"contentUrl\":\"http:\/\/www.cedol.org.ar\/logistica\/wp-content\/uploads\/2017\/07\/FOTO-2.jpg\"},{\"@type\":\"BreadcrumbList\",\"@id\":\"https:\/\/www.cedol.org.ar\/logistica\/capacidad-cargas-mas-detalles-la-propuesta-fadeeac\/#breadcrumb\",\"itemListElement\":[{\"@type\":\"ListItem\",\"position\":1,\"name\":\"Home\",\"item\":\"https:\/\/www.cedol.org.ar\/logistica\/\"},{\"@type\":\"ListItem\",\"position\":2,\"name\":\"Capacidad de Cargas: m\u00e1s detalles de la propuesta de Fadeeac\"}]},{\"@type\":\"WebSite\",\"@id\":\"https:\/\/www.cedol.org.ar\/logistica\/#website\",\"url\":\"https:\/\/www.cedol.org.ar\/logistica\/\",\"name\":\"CEDOL\",\"description\":\"C\u00c1MARA EMPRESARIA DE OPERADORES LOG\u00cdSTICOS\",\"potentialAction\":[{\"@type\":\"SearchAction\",\"target\":{\"@type\":\"EntryPoint\",\"urlTemplate\":\"https:\/\/www.cedol.org.ar\/logistica\/?s={search_term_string}\"},\"query-input\":\"required name=search_term_string\"}],\"inLanguage\":\"es\"},{\"@type\":\"Person\",\"@id\":\"https:\/\/www.cedol.org.ar\/logistica\/#\/schema\/person\/40275bdb20446824fc74d51aabe22e83\",\"name\":\"admin\"}]}<\/script>\n<!-- \/ Yoast SEO plugin. -->","yoast_head_json":{"title":"Capacidad de Cargas: m\u00e1s detalles de la propuesta de Fadeeac &#187; CEDOL","description":"La Propuesta T\u00e9cnica Vehicular de FADEEAC para el aumento de la capacidad de carga en las unidades de transporte, responde a la necesidad de reducir los","robots":{"index":"index","follow":"follow","max-snippet":"max-snippet:-1","max-image-preview":"max-image-preview:large","max-video-preview":"max-video-preview:-1"},"canonical":"https:\/\/www.cedol.org.ar\/logistica\/capacidad-cargas-mas-detalles-la-propuesta-fadeeac\/","og_locale":"es_ES","og_type":"article","og_title":"Capacidad de Cargas: m\u00e1s detalles de la propuesta de Fadeeac &#187; CEDOL","og_description":"La Propuesta T\u00e9cnica Vehicular de FADEEAC para el aumento de la capacidad de carga en las unidades de transporte, responde a la necesidad de reducir los","og_url":"https:\/\/www.cedol.org.ar\/logistica\/capacidad-cargas-mas-detalles-la-propuesta-fadeeac\/","og_site_name":"CEDOL","article_published_time":"2017-07-26T18:56:54+00:00","og_image":[{"url":"http:\/\/www.cedol.org.ar\/logistica\/wp-content\/uploads\/2017\/07\/FOTO-2.jpg"}],"author":"admin","twitter_card":"summary_large_image","twitter_misc":{"Escrito por":"admin","Tiempo de lectura":"3 minutos"},"schema":{"@context":"https:\/\/schema.org","@graph":[{"@type":"WebPage","@id":"https:\/\/www.cedol.org.ar\/logistica\/capacidad-cargas-mas-detalles-la-propuesta-fadeeac\/","url":"https:\/\/www.cedol.org.ar\/logistica\/capacidad-cargas-mas-detalles-la-propuesta-fadeeac\/","name":"Capacidad de Cargas: m\u00e1s detalles de la propuesta de Fadeeac &#187; CEDOL","isPartOf":{"@id":"https:\/\/www.cedol.org.ar\/logistica\/#website"},"primaryImageOfPage":{"@id":"https:\/\/www.cedol.org.ar\/logistica\/capacidad-cargas-mas-detalles-la-propuesta-fadeeac\/#primaryimage"},"image":{"@id":"https:\/\/www.cedol.org.ar\/logistica\/capacidad-cargas-mas-detalles-la-propuesta-fadeeac\/#primaryimage"},"thumbnailUrl":"http:\/\/www.cedol.org.ar\/logistica\/wp-content\/uploads\/2017\/07\/FOTO-2.jpg","datePublished":"2017-07-26T18:56:54+00:00","dateModified":"2017-07-26T18:56:54+00:00","author":{"@id":"https:\/\/www.cedol.org.ar\/logistica\/#\/schema\/person\/40275bdb20446824fc74d51aabe22e83"},"description":"La Propuesta T\u00e9cnica Vehicular de FADEEAC para el aumento de la capacidad de carga en las unidades de transporte, responde a la necesidad de reducir los","breadcrumb":{"@id":"https:\/\/www.cedol.org.ar\/logistica\/capacidad-cargas-mas-detalles-la-propuesta-fadeeac\/#breadcrumb"},"inLanguage":"es","potentialAction":[{"@type":"ReadAction","target":["https:\/\/www.cedol.org.ar\/logistica\/capacidad-cargas-mas-detalles-la-propuesta-fadeeac\/"]}]},{"@type":"ImageObject","inLanguage":"es","@id":"https:\/\/www.cedol.org.ar\/logistica\/capacidad-cargas-mas-detalles-la-propuesta-fadeeac\/#primaryimage","url":"http:\/\/www.cedol.org.ar\/logistica\/wp-content\/uploads\/2017\/07\/FOTO-2.jpg","contentUrl":"http:\/\/www.cedol.org.ar\/logistica\/wp-content\/uploads\/2017\/07\/FOTO-2.jpg"},{"@type":"BreadcrumbList","@id":"https:\/\/www.cedol.org.ar\/logistica\/capacidad-cargas-mas-detalles-la-propuesta-fadeeac\/#breadcrumb","itemListElement":[{"@type":"ListItem","position":1,"name":"Home","item":"https:\/\/www.cedol.org.ar\/logistica\/"},{"@type":"ListItem","position":2,"name":"Capacidad de Cargas: m\u00e1s detalles de la propuesta de Fadeeac"}]},{"@type":"WebSite","@id":"https:\/\/www.cedol.org.ar\/logistica\/#website","url":"https:\/\/www.cedol.org.ar\/logistica\/","name":"CEDOL","description":"C\u00c1MARA EMPRESARIA DE OPERADORES LOG\u00cdSTICOS","potentialAction":[{"@type":"SearchAction","target":{"@type":"EntryPoint","urlTemplate":"https:\/\/www.cedol.org.ar\/logistica\/?s={search_term_string}"},"query-input":"required name=search_term_string"}],"inLanguage":"es"},{"@type":"Person","@id":"https:\/\/www.cedol.org.ar\/logistica\/#\/schema\/person\/40275bdb20446824fc74d51aabe22e83","name":"admin"}]}},"_links":{"self":[{"href":"https:\/\/www.cedol.org.ar\/logistica\/wp-json\/wp\/v2\/posts\/1629","targetHints":{"allow":["GET"]}}],"collection":[{"href":"https:\/\/www.cedol.org.ar\/logistica\/wp-json\/wp\/v2\/posts"}],"about":[{"href":"https:\/\/www.cedol.org.ar\/logistica\/wp-json\/wp\/v2\/types\/post"}],"author":[{"embeddable":true,"href":"https:\/\/www.cedol.org.ar\/logistica\/wp-json\/wp\/v2\/users\/1"}],"replies":[{"embeddable":true,"href":"https:\/\/www.cedol.org.ar\/logistica\/wp-json\/wp\/v2\/comments?post=1629"}],"version-history":[{"count":1,"href":"https:\/\/www.cedol.org.ar\/logistica\/wp-json\/wp\/v2\/posts\/1629\/revisions"}],"predecessor-version":[{"id":1631,"href":"https:\/\/www.cedol.org.ar\/logistica\/wp-json\/wp\/v2\/posts\/1629\/revisions\/1631"}],"wp:attachment":[{"href":"https:\/\/www.cedol.org.ar\/logistica\/wp-json\/wp\/v2\/media?parent=1629"}],"wp:term":[{"taxonomy":"category","embeddable":true,"href":"https:\/\/www.cedol.org.ar\/logistica\/wp-json\/wp\/v2\/categories?post=1629"},{"taxonomy":"post_tag","embeddable":true,"href":"https:\/\/www.cedol.org.ar\/logistica\/wp-json\/wp\/v2\/tags?post=1629"}],"curies":[{"name":"wp","href":"https:\/\/api.w.org\/{rel}","templated":true}]}}