{"id":1620,"date":"2017-06-28T15:53:29","date_gmt":"2017-06-28T15:53:29","guid":{"rendered":"http:\/\/www.cedol.org.ar\/logistica\/?p=1620"},"modified":"2017-06-28T15:53:29","modified_gmt":"2017-06-28T15:53:29","slug":"fortalecer-trasbordo-cargas-argentina","status":"publish","type":"post","link":"https:\/\/www.cedol.org.ar\/logistica\/fortalecer-trasbordo-cargas-argentina\/","title":{"rendered":"Fortalecer el trasbordo de cargas en Argentina"},"content":{"rendered":"<p>El Ministerio de Transporte de la Naci\u00f3n, a trav\u00e9s de la Administraci\u00f3n General de Puertos, particip\u00f3 en el 19\u00ba Sal\u00f3n Internacional de la Log\u00edstica y de la Manutenci\u00f3n &#8211; SIL 2017, que se desarroll\u00f3 en Barcelona, Espa\u00f1a, entre los d\u00edas 6 y 8 de junio de 2017.<\/p>\n<p>Durante el evento, que tuvo la presencia de los principales representantes portuarios de Sudam\u00e9rica y Espa\u00f1a, se presentaron iniciativas para potenciar las relaciones portuarias entre Buenos Aires, Barcelona y Paraguay. Por su parte, las autoridades argentinas expusieron el trabajo que ya se viene realizando desde hace varios meses con la ANNP (Administraci\u00f3n Nacional de Navegaci\u00f3n y Puertos) de Paraguay, incluyendo la firma de un convenio entre ambas autoridades para recuperar el trasbordo de barcazas paraguayas con cargas destinadas a Europa, que representar\u00edan un incremento de 270.000 contenedores manejados en el Puerto Buenos Aires.<\/p>\n<p>Gonzalo M\u00f3rtola, Interventor del Puerto Buenos Aires: <em>\u00abSabemos que para el desarrollo y crecimiento de nuestros puertos es necesario el trabajo regional. A su vez, estamos trabajando en equipo con la Direcci\u00f3n General de Aduanas, Prefectura Naval Argentina y otros organismos p\u00fablicos para generar nuevas oportunidades y seguir potenciando nuestro puerto y pa\u00eds\u00bb<\/em>.<\/p>\n<p>La reuni\u00f3n cont\u00f3 con la participaci\u00f3n del C\u00f3nsul General de Argentina en Espa\u00f1a, Alejandro Alonso; el C\u00f3nsul General de Paraguay en Espa\u00f1a, Juan Miguel Gonz\u00e1lez Bibolini; el presidente del Puerto de Barcelona, Sixte Cambra i S\u00e1nchez y el Interventor del Puerto Buenos Aires, Gonzalo M\u00f3rtola, entre otros.<\/p>\n<p>Por su parte, el C\u00f3nsul Gonz\u00e1lez Bibolini expuso las fortalezas que el Paraguay tiene en materia de transporte fluvial, el desarrollo logrado en los \u00faltimos a\u00f1os, y la posici\u00f3n de Paraguay como la tercera flota de barcazas a nivel mundial.<\/p>\n<p>Finalmente, las autoridades analizaron las sinergias que se pueden lograr con el sector naviero tripartito, y expresaron su inter\u00e9s de fomentar acciones para favorecer la industria de cargas entre las regiones.<\/p>\n","protected":false},"excerpt":{"rendered":"<p>El Ministerio de Transporte de la Naci\u00f3n, a trav\u00e9s de la Administraci\u00f3n General de Puertos, particip\u00f3 en el 19\u00ba Sal\u00f3n Internacional de la Log\u00edstica y [&hellip;]<\/p>\n","protected":false},"author":1,"featured_media":0,"comment_status":"open","ping_status":"open","sticky":false,"template":"","format":"standard","meta":{"_monsterinsights_skip_tracking":false,"_monsterinsights_sitenote_active":false,"_monsterinsights_sitenote_note":"","_monsterinsights_sitenote_category":0,"footnotes":""},"categories":[4],"tags":[],"class_list":["post-1620","post","type-post","status-publish","format-standard","hentry","category-noticias"],"yoast_head":"<!-- This site is optimized with the Yoast SEO plugin v22.3 - https:\/\/yoast.com\/wordpress\/plugins\/seo\/ -->\n<title>Fortalecer el trasbordo de cargas en Argentina &#187; CEDOL<\/title>\n<meta name=\"description\" content=\"El Ministerio de Transporte de la Naci\u00f3n, a trav\u00e9s de la Administraci\u00f3n General de Puertos, particip\u00f3 en el 19\u00ba Sal\u00f3n Internacional de la Log\u00edstica y de\" \/>\n<meta name=\"robots\" content=\"index, follow, max-snippet:-1, max-image-preview:large, max-video-preview:-1\" \/>\n<link rel=\"canonical\" href=\"https:\/\/www.cedol.org.ar\/logistica\/fortalecer-trasbordo-cargas-argentina\/\" \/>\n<meta property=\"og:locale\" content=\"es_ES\" \/>\n<meta property=\"og:type\" content=\"article\" \/>\n<meta property=\"og:title\" content=\"Fortalecer el trasbordo de cargas en Argentina &#187; CEDOL\" \/>\n<meta property=\"og:description\" content=\"El Ministerio de Transporte de la Naci\u00f3n, a trav\u00e9s de la Administraci\u00f3n General de Puertos, particip\u00f3 en el 19\u00ba Sal\u00f3n Internacional de la Log\u00edstica y de\" \/>\n<meta property=\"og:url\" content=\"https:\/\/www.cedol.org.ar\/logistica\/fortalecer-trasbordo-cargas-argentina\/\" \/>\n<meta property=\"og:site_name\" content=\"CEDOL\" \/>\n<meta property=\"article:published_time\" content=\"2017-06-28T15:53:29+00:00\" \/>\n<meta name=\"author\" content=\"admin\" \/>\n<meta name=\"twitter:card\" content=\"summary_large_image\" \/>\n<meta name=\"twitter:label1\" content=\"Escrito por\" \/>\n\t<meta name=\"twitter:data1\" content=\"admin\" \/>\n\t<meta name=\"twitter:label2\" content=\"Tiempo de lectura\" \/>\n\t<meta name=\"twitter:data2\" content=\"2 minutos\" \/>\n<script type=\"application\/ld+json\" class=\"yoast-schema-graph\">{\"@context\":\"https:\/\/schema.org\",\"@graph\":[{\"@type\":\"WebPage\",\"@id\":\"https:\/\/www.cedol.org.ar\/logistica\/fortalecer-trasbordo-cargas-argentina\/\",\"url\":\"https:\/\/www.cedol.org.ar\/logistica\/fortalecer-trasbordo-cargas-argentina\/\",\"name\":\"Fortalecer el trasbordo de cargas en Argentina &#187; CEDOL\",\"isPartOf\":{\"@id\":\"https:\/\/www.cedol.org.ar\/logistica\/#website\"},\"datePublished\":\"2017-06-28T15:53:29+00:00\",\"dateModified\":\"2017-06-28T15:53:29+00:00\",\"author\":{\"@id\":\"https:\/\/www.cedol.org.ar\/logistica\/#\/schema\/person\/40275bdb20446824fc74d51aabe22e83\"},\"description\":\"El Ministerio de Transporte de la Naci\u00f3n, a trav\u00e9s de la Administraci\u00f3n General de Puertos, particip\u00f3 en el 19\u00ba Sal\u00f3n Internacional de la Log\u00edstica y de\",\"breadcrumb\":{\"@id\":\"https:\/\/www.cedol.org.ar\/logistica\/fortalecer-trasbordo-cargas-argentina\/#breadcrumb\"},\"inLanguage\":\"es\",\"potentialAction\":[{\"@type\":\"ReadAction\",\"target\":[\"https:\/\/www.cedol.org.ar\/logistica\/fortalecer-trasbordo-cargas-argentina\/\"]}]},{\"@type\":\"BreadcrumbList\",\"@id\":\"https:\/\/www.cedol.org.ar\/logistica\/fortalecer-trasbordo-cargas-argentina\/#breadcrumb\",\"itemListElement\":[{\"@type\":\"ListItem\",\"position\":1,\"name\":\"Home\",\"item\":\"https:\/\/www.cedol.org.ar\/logistica\/\"},{\"@type\":\"ListItem\",\"position\":2,\"name\":\"Fortalecer el trasbordo de cargas en Argentina\"}]},{\"@type\":\"WebSite\",\"@id\":\"https:\/\/www.cedol.org.ar\/logistica\/#website\",\"url\":\"https:\/\/www.cedol.org.ar\/logistica\/\",\"name\":\"CEDOL\",\"description\":\"C\u00c1MARA EMPRESARIA DE OPERADORES LOG\u00cdSTICOS\",\"potentialAction\":[{\"@type\":\"SearchAction\",\"target\":{\"@type\":\"EntryPoint\",\"urlTemplate\":\"https:\/\/www.cedol.org.ar\/logistica\/?s={search_term_string}\"},\"query-input\":\"required name=search_term_string\"}],\"inLanguage\":\"es\"},{\"@type\":\"Person\",\"@id\":\"https:\/\/www.cedol.org.ar\/logistica\/#\/schema\/person\/40275bdb20446824fc74d51aabe22e83\",\"name\":\"admin\"}]}<\/script>\n<!-- \/ Yoast SEO plugin. -->","yoast_head_json":{"title":"Fortalecer el trasbordo de cargas en Argentina &#187; CEDOL","description":"El Ministerio de Transporte de la Naci\u00f3n, a trav\u00e9s de la Administraci\u00f3n General de Puertos, particip\u00f3 en el 19\u00ba Sal\u00f3n Internacional de la Log\u00edstica y de","robots":{"index":"index","follow":"follow","max-snippet":"max-snippet:-1","max-image-preview":"max-image-preview:large","max-video-preview":"max-video-preview:-1"},"canonical":"https:\/\/www.cedol.org.ar\/logistica\/fortalecer-trasbordo-cargas-argentina\/","og_locale":"es_ES","og_type":"article","og_title":"Fortalecer el trasbordo de cargas en Argentina &#187; CEDOL","og_description":"El Ministerio de Transporte de la Naci\u00f3n, a trav\u00e9s de la Administraci\u00f3n General de Puertos, particip\u00f3 en el 19\u00ba Sal\u00f3n Internacional de la Log\u00edstica y de","og_url":"https:\/\/www.cedol.org.ar\/logistica\/fortalecer-trasbordo-cargas-argentina\/","og_site_name":"CEDOL","article_published_time":"2017-06-28T15:53:29+00:00","author":"admin","twitter_card":"summary_large_image","twitter_misc":{"Escrito por":"admin","Tiempo de lectura":"2 minutos"},"schema":{"@context":"https:\/\/schema.org","@graph":[{"@type":"WebPage","@id":"https:\/\/www.cedol.org.ar\/logistica\/fortalecer-trasbordo-cargas-argentina\/","url":"https:\/\/www.cedol.org.ar\/logistica\/fortalecer-trasbordo-cargas-argentina\/","name":"Fortalecer el trasbordo de cargas en Argentina &#187; CEDOL","isPartOf":{"@id":"https:\/\/www.cedol.org.ar\/logistica\/#website"},"datePublished":"2017-06-28T15:53:29+00:00","dateModified":"2017-06-28T15:53:29+00:00","author":{"@id":"https:\/\/www.cedol.org.ar\/logistica\/#\/schema\/person\/40275bdb20446824fc74d51aabe22e83"},"description":"El Ministerio de Transporte de la Naci\u00f3n, a trav\u00e9s de la Administraci\u00f3n General de Puertos, particip\u00f3 en el 19\u00ba Sal\u00f3n Internacional de la Log\u00edstica y de","breadcrumb":{"@id":"https:\/\/www.cedol.org.ar\/logistica\/fortalecer-trasbordo-cargas-argentina\/#breadcrumb"},"inLanguage":"es","potentialAction":[{"@type":"ReadAction","target":["https:\/\/www.cedol.org.ar\/logistica\/fortalecer-trasbordo-cargas-argentina\/"]}]},{"@type":"BreadcrumbList","@id":"https:\/\/www.cedol.org.ar\/logistica\/fortalecer-trasbordo-cargas-argentina\/#breadcrumb","itemListElement":[{"@type":"ListItem","position":1,"name":"Home","item":"https:\/\/www.cedol.org.ar\/logistica\/"},{"@type":"ListItem","position":2,"name":"Fortalecer el trasbordo de cargas en Argentina"}]},{"@type":"WebSite","@id":"https:\/\/www.cedol.org.ar\/logistica\/#website","url":"https:\/\/www.cedol.org.ar\/logistica\/","name":"CEDOL","description":"C\u00c1MARA EMPRESARIA DE OPERADORES LOG\u00cdSTICOS","potentialAction":[{"@type":"SearchAction","target":{"@type":"EntryPoint","urlTemplate":"https:\/\/www.cedol.org.ar\/logistica\/?s={search_term_string}"},"query-input":"required name=search_term_string"}],"inLanguage":"es"},{"@type":"Person","@id":"https:\/\/www.cedol.org.ar\/logistica\/#\/schema\/person\/40275bdb20446824fc74d51aabe22e83","name":"admin"}]}},"_links":{"self":[{"href":"https:\/\/www.cedol.org.ar\/logistica\/wp-json\/wp\/v2\/posts\/1620","targetHints":{"allow":["GET"]}}],"collection":[{"href":"https:\/\/www.cedol.org.ar\/logistica\/wp-json\/wp\/v2\/posts"}],"about":[{"href":"https:\/\/www.cedol.org.ar\/logistica\/wp-json\/wp\/v2\/types\/post"}],"author":[{"embeddable":true,"href":"https:\/\/www.cedol.org.ar\/logistica\/wp-json\/wp\/v2\/users\/1"}],"replies":[{"embeddable":true,"href":"https:\/\/www.cedol.org.ar\/logistica\/wp-json\/wp\/v2\/comments?post=1620"}],"version-history":[{"count":1,"href":"https:\/\/www.cedol.org.ar\/logistica\/wp-json\/wp\/v2\/posts\/1620\/revisions"}],"predecessor-version":[{"id":1621,"href":"https:\/\/www.cedol.org.ar\/logistica\/wp-json\/wp\/v2\/posts\/1620\/revisions\/1621"}],"wp:attachment":[{"href":"https:\/\/www.cedol.org.ar\/logistica\/wp-json\/wp\/v2\/media?parent=1620"}],"wp:term":[{"taxonomy":"category","embeddable":true,"href":"https:\/\/www.cedol.org.ar\/logistica\/wp-json\/wp\/v2\/categories?post=1620"},{"taxonomy":"post_tag","embeddable":true,"href":"https:\/\/www.cedol.org.ar\/logistica\/wp-json\/wp\/v2\/tags?post=1620"}],"curies":[{"name":"wp","href":"https:\/\/api.w.org\/{rel}","templated":true}]}}