{"id":1618,"date":"2017-06-28T15:53:00","date_gmt":"2017-06-28T15:53:00","guid":{"rendered":"http:\/\/www.cedol.org.ar\/logistica\/?p=1618"},"modified":"2017-06-28T15:53:00","modified_gmt":"2017-06-28T15:53:00","slug":"5-encuentro-comercio-electronico","status":"publish","type":"post","link":"https:\/\/www.cedol.org.ar\/logistica\/5-encuentro-comercio-electronico\/","title":{"rendered":"5\u00b0 Encuentro de Comercio Electr\u00f3nico"},"content":{"rendered":"<p>El <strong>Grupo Log\u00edstico Andreani<\/strong> y la Fundaci\u00f3n Mediterr\u00e1nea cerraron con \u00e9xito el 5\u00b0 encuentro de Comercio Electr\u00f3nico, que tuvo lugar en la ciudad de C\u00f3rdoba, el pasado martes 6 de junio, alcanzando una convocatoria de m\u00e1s de 1.000 asistentes.<\/p>\n<p>Referentes del E-Commerce en Argentina expusieron sobre tendencias, casos de \u00e9xito y panorama digital, ante un auditorio de l\u00edderes empresariales, profesionales del Marketing, periodistas y emprendedores que buscan mejorar o implementar una estrategia online.<\/p>\n<p><em>\u201cEsta clase de encuentros son sumamente provechosos ya que nos actualizan, nos abren los ojos sobre lo que vendr\u00e1 y escuchamos en primera persona proyectos exitosos que nos inspiran y nos permiten continuar con nuestra especializaci\u00f3n en E-Commerce, con la complejidad que conlleva este canal de ventas tan din\u00e1mico y creciente\u201d<\/em>, asegur\u00f3 Maximiliano Ganin, Gerente Comercial de Andreani, quien dio la bienvenida de la jornada.<\/p>\n<p>Entre las diversas charlas que se abordaron en esta edici\u00f3n, los representantes del Grupo Log\u00edstico Andreani, Juan Pablo Cornejo (gerente de TI) y Victoria Cuevas (responsable comercial) desarrollaron su m\u00f3dulo, \u201cSer o no ser Mobile &#8211; C\u00f3mo evolucionan los negocios en un mundo hiperconectado\u201d, en la que dieron cuenta de c\u00f3mo vivimos e interactuamos en la actualidad y la importancia de brindar informaci\u00f3n en tiempo real para lograr experiencias positivas para el cliente.<\/p>\n","protected":false},"excerpt":{"rendered":"<p>El Grupo Log\u00edstico Andreani y la Fundaci\u00f3n Mediterr\u00e1nea cerraron con \u00e9xito el 5\u00b0 encuentro de Comercio Electr\u00f3nico, que tuvo lugar en la ciudad de C\u00f3rdoba, [&hellip;]<\/p>\n","protected":false},"author":1,"featured_media":0,"comment_status":"open","ping_status":"open","sticky":false,"template":"","format":"standard","meta":{"_monsterinsights_skip_tracking":false,"_monsterinsights_sitenote_active":false,"_monsterinsights_sitenote_note":"","_monsterinsights_sitenote_category":0,"footnotes":""},"categories":[4],"tags":[],"class_list":["post-1618","post","type-post","status-publish","format-standard","hentry","category-noticias"],"yoast_head":"<!-- This site is optimized with the Yoast SEO plugin v22.3 - https:\/\/yoast.com\/wordpress\/plugins\/seo\/ -->\n<title>5\u00b0 Encuentro de Comercio Electr\u00f3nico &#187; CEDOL<\/title>\n<meta name=\"description\" content=\"El Grupo Log\u00edstico Andreani y la Fundaci\u00f3n Mediterr\u00e1nea cerraron con \u00e9xito el 5\u00b0 encuentro de Comercio Electr\u00f3nico, que tuvo lugar en la ciudad de\" \/>\n<meta name=\"robots\" content=\"index, follow, max-snippet:-1, max-image-preview:large, max-video-preview:-1\" \/>\n<link rel=\"canonical\" href=\"https:\/\/www.cedol.org.ar\/logistica\/5-encuentro-comercio-electronico\/\" \/>\n<meta property=\"og:locale\" content=\"es_ES\" \/>\n<meta property=\"og:type\" content=\"article\" \/>\n<meta property=\"og:title\" content=\"5\u00b0 Encuentro de Comercio Electr\u00f3nico &#187; CEDOL\" \/>\n<meta property=\"og:description\" content=\"El Grupo Log\u00edstico Andreani y la Fundaci\u00f3n Mediterr\u00e1nea cerraron con \u00e9xito el 5\u00b0 encuentro de Comercio Electr\u00f3nico, que tuvo lugar en la ciudad de\" \/>\n<meta property=\"og:url\" content=\"https:\/\/www.cedol.org.ar\/logistica\/5-encuentro-comercio-electronico\/\" \/>\n<meta property=\"og:site_name\" content=\"CEDOL\" \/>\n<meta property=\"article:published_time\" content=\"2017-06-28T15:53:00+00:00\" \/>\n<meta name=\"author\" content=\"admin\" \/>\n<meta name=\"twitter:card\" content=\"summary_large_image\" \/>\n<meta name=\"twitter:label1\" content=\"Escrito por\" \/>\n\t<meta name=\"twitter:data1\" content=\"admin\" \/>\n\t<meta name=\"twitter:label2\" content=\"Tiempo de lectura\" \/>\n\t<meta name=\"twitter:data2\" content=\"1 minuto\" \/>\n<script type=\"application\/ld+json\" class=\"yoast-schema-graph\">{\"@context\":\"https:\/\/schema.org\",\"@graph\":[{\"@type\":\"WebPage\",\"@id\":\"https:\/\/www.cedol.org.ar\/logistica\/5-encuentro-comercio-electronico\/\",\"url\":\"https:\/\/www.cedol.org.ar\/logistica\/5-encuentro-comercio-electronico\/\",\"name\":\"5\u00b0 Encuentro de Comercio Electr\u00f3nico &#187; CEDOL\",\"isPartOf\":{\"@id\":\"https:\/\/www.cedol.org.ar\/logistica\/#website\"},\"datePublished\":\"2017-06-28T15:53:00+00:00\",\"dateModified\":\"2017-06-28T15:53:00+00:00\",\"author\":{\"@id\":\"https:\/\/www.cedol.org.ar\/logistica\/#\/schema\/person\/40275bdb20446824fc74d51aabe22e83\"},\"description\":\"El Grupo Log\u00edstico Andreani y la Fundaci\u00f3n Mediterr\u00e1nea cerraron con \u00e9xito el 5\u00b0 encuentro de Comercio Electr\u00f3nico, que tuvo lugar en la ciudad de\",\"breadcrumb\":{\"@id\":\"https:\/\/www.cedol.org.ar\/logistica\/5-encuentro-comercio-electronico\/#breadcrumb\"},\"inLanguage\":\"es\",\"potentialAction\":[{\"@type\":\"ReadAction\",\"target\":[\"https:\/\/www.cedol.org.ar\/logistica\/5-encuentro-comercio-electronico\/\"]}]},{\"@type\":\"BreadcrumbList\",\"@id\":\"https:\/\/www.cedol.org.ar\/logistica\/5-encuentro-comercio-electronico\/#breadcrumb\",\"itemListElement\":[{\"@type\":\"ListItem\",\"position\":1,\"name\":\"Home\",\"item\":\"https:\/\/www.cedol.org.ar\/logistica\/\"},{\"@type\":\"ListItem\",\"position\":2,\"name\":\"5\u00b0 Encuentro de Comercio Electr\u00f3nico\"}]},{\"@type\":\"WebSite\",\"@id\":\"https:\/\/www.cedol.org.ar\/logistica\/#website\",\"url\":\"https:\/\/www.cedol.org.ar\/logistica\/\",\"name\":\"CEDOL\",\"description\":\"C\u00c1MARA EMPRESARIA DE OPERADORES LOG\u00cdSTICOS\",\"potentialAction\":[{\"@type\":\"SearchAction\",\"target\":{\"@type\":\"EntryPoint\",\"urlTemplate\":\"https:\/\/www.cedol.org.ar\/logistica\/?s={search_term_string}\"},\"query-input\":\"required name=search_term_string\"}],\"inLanguage\":\"es\"},{\"@type\":\"Person\",\"@id\":\"https:\/\/www.cedol.org.ar\/logistica\/#\/schema\/person\/40275bdb20446824fc74d51aabe22e83\",\"name\":\"admin\"}]}<\/script>\n<!-- \/ Yoast SEO plugin. -->","yoast_head_json":{"title":"5\u00b0 Encuentro de Comercio Electr\u00f3nico &#187; CEDOL","description":"El Grupo Log\u00edstico Andreani y la Fundaci\u00f3n Mediterr\u00e1nea cerraron con \u00e9xito el 5\u00b0 encuentro de Comercio Electr\u00f3nico, que tuvo lugar en la ciudad de","robots":{"index":"index","follow":"follow","max-snippet":"max-snippet:-1","max-image-preview":"max-image-preview:large","max-video-preview":"max-video-preview:-1"},"canonical":"https:\/\/www.cedol.org.ar\/logistica\/5-encuentro-comercio-electronico\/","og_locale":"es_ES","og_type":"article","og_title":"5\u00b0 Encuentro de Comercio Electr\u00f3nico &#187; CEDOL","og_description":"El Grupo Log\u00edstico Andreani y la Fundaci\u00f3n Mediterr\u00e1nea cerraron con \u00e9xito el 5\u00b0 encuentro de Comercio Electr\u00f3nico, que tuvo lugar en la ciudad de","og_url":"https:\/\/www.cedol.org.ar\/logistica\/5-encuentro-comercio-electronico\/","og_site_name":"CEDOL","article_published_time":"2017-06-28T15:53:00+00:00","author":"admin","twitter_card":"summary_large_image","twitter_misc":{"Escrito por":"admin","Tiempo de lectura":"1 minuto"},"schema":{"@context":"https:\/\/schema.org","@graph":[{"@type":"WebPage","@id":"https:\/\/www.cedol.org.ar\/logistica\/5-encuentro-comercio-electronico\/","url":"https:\/\/www.cedol.org.ar\/logistica\/5-encuentro-comercio-electronico\/","name":"5\u00b0 Encuentro de Comercio Electr\u00f3nico &#187; CEDOL","isPartOf":{"@id":"https:\/\/www.cedol.org.ar\/logistica\/#website"},"datePublished":"2017-06-28T15:53:00+00:00","dateModified":"2017-06-28T15:53:00+00:00","author":{"@id":"https:\/\/www.cedol.org.ar\/logistica\/#\/schema\/person\/40275bdb20446824fc74d51aabe22e83"},"description":"El Grupo Log\u00edstico Andreani y la Fundaci\u00f3n Mediterr\u00e1nea cerraron con \u00e9xito el 5\u00b0 encuentro de Comercio Electr\u00f3nico, que tuvo lugar en la ciudad de","breadcrumb":{"@id":"https:\/\/www.cedol.org.ar\/logistica\/5-encuentro-comercio-electronico\/#breadcrumb"},"inLanguage":"es","potentialAction":[{"@type":"ReadAction","target":["https:\/\/www.cedol.org.ar\/logistica\/5-encuentro-comercio-electronico\/"]}]},{"@type":"BreadcrumbList","@id":"https:\/\/www.cedol.org.ar\/logistica\/5-encuentro-comercio-electronico\/#breadcrumb","itemListElement":[{"@type":"ListItem","position":1,"name":"Home","item":"https:\/\/www.cedol.org.ar\/logistica\/"},{"@type":"ListItem","position":2,"name":"5\u00b0 Encuentro de Comercio Electr\u00f3nico"}]},{"@type":"WebSite","@id":"https:\/\/www.cedol.org.ar\/logistica\/#website","url":"https:\/\/www.cedol.org.ar\/logistica\/","name":"CEDOL","description":"C\u00c1MARA EMPRESARIA DE OPERADORES LOG\u00cdSTICOS","potentialAction":[{"@type":"SearchAction","target":{"@type":"EntryPoint","urlTemplate":"https:\/\/www.cedol.org.ar\/logistica\/?s={search_term_string}"},"query-input":"required name=search_term_string"}],"inLanguage":"es"},{"@type":"Person","@id":"https:\/\/www.cedol.org.ar\/logistica\/#\/schema\/person\/40275bdb20446824fc74d51aabe22e83","name":"admin"}]}},"_links":{"self":[{"href":"https:\/\/www.cedol.org.ar\/logistica\/wp-json\/wp\/v2\/posts\/1618","targetHints":{"allow":["GET"]}}],"collection":[{"href":"https:\/\/www.cedol.org.ar\/logistica\/wp-json\/wp\/v2\/posts"}],"about":[{"href":"https:\/\/www.cedol.org.ar\/logistica\/wp-json\/wp\/v2\/types\/post"}],"author":[{"embeddable":true,"href":"https:\/\/www.cedol.org.ar\/logistica\/wp-json\/wp\/v2\/users\/1"}],"replies":[{"embeddable":true,"href":"https:\/\/www.cedol.org.ar\/logistica\/wp-json\/wp\/v2\/comments?post=1618"}],"version-history":[{"count":1,"href":"https:\/\/www.cedol.org.ar\/logistica\/wp-json\/wp\/v2\/posts\/1618\/revisions"}],"predecessor-version":[{"id":1619,"href":"https:\/\/www.cedol.org.ar\/logistica\/wp-json\/wp\/v2\/posts\/1618\/revisions\/1619"}],"wp:attachment":[{"href":"https:\/\/www.cedol.org.ar\/logistica\/wp-json\/wp\/v2\/media?parent=1618"}],"wp:term":[{"taxonomy":"category","embeddable":true,"href":"https:\/\/www.cedol.org.ar\/logistica\/wp-json\/wp\/v2\/categories?post=1618"},{"taxonomy":"post_tag","embeddable":true,"href":"https:\/\/www.cedol.org.ar\/logistica\/wp-json\/wp\/v2\/tags?post=1618"}],"curies":[{"name":"wp","href":"https:\/\/api.w.org\/{rel}","templated":true}]}}