{"id":1591,"date":"2017-05-28T22:58:09","date_gmt":"2017-05-28T22:58:09","guid":{"rendered":"http:\/\/www.cedol.org.ar\/logistica\/?p=1591"},"modified":"2017-05-28T22:58:09","modified_gmt":"2017-05-28T22:58:09","slug":"ampliacion-de-flota","status":"publish","type":"post","link":"https:\/\/www.cedol.org.ar\/logistica\/ampliacion-de-flota\/","title":{"rendered":"Ampliaci\u00f3n de flota"},"content":{"rendered":"<p><strong>Grupo Log\u00edstico Andreani<\/strong> invertir\u00e1 $16.000.000 para ampliar su flota de Semirremolques Full, veh\u00edculos equipados con tecnolog\u00eda compleja espa\u00f1ola que contribuye a una mayor protecci\u00f3n de la mercader\u00eda y a la prevenci\u00f3n de accidentes. La compa\u00f1\u00eda sumar\u00e1 20 unidades para llegar a un total de 22.<img loading=\"lazy\" decoding=\"async\" class=\"aligncenter size-full wp-image-1592\" src=\"http:\/\/www.cedol.org.ar\/logistica\/wp-content\/uploads\/2017\/05\/profile.gif\" alt=\"\" width=\"250\" height=\"250\" \/><\/p>\n<p>Estas unidades, que poseen un volumen de carga aproximadamente 20% mayor que una regular, reducen la posibilidad de bloqueo de ruedas, vuelcos y \u201ctijeras\u201d -doblamiento de la unidad-, ya que est\u00e1n equipadas con frenos a disco con ABS, control de estabilidad y suspensi\u00f3n neum\u00e1tica, los cuales son comandados por la computadora de a bordo. \u201cLos Semirremolques Full favorecen a un mayor cuidado de la mercader\u00eda debido a su sistema de suspensi\u00f3n neum\u00e1tica, la cual absorbe un 58% m\u00e1s las imperfecciones del camino con respecto a un sistema de suspensi\u00f3n el\u00e1stica\u201d, explic\u00f3 Ricardo Cruz, Director del Grupo Log\u00edstico Andreani.<\/p>\n","protected":false},"excerpt":{"rendered":"<p>Grupo Log\u00edstico Andreani invertir\u00e1 $16.000.000 para ampliar su flota de Semirremolques Full, veh\u00edculos equipados con tecnolog\u00eda compleja espa\u00f1ola que contribuye a una mayor protecci\u00f3n de [&hellip;]<\/p>\n","protected":false},"author":1,"featured_media":0,"comment_status":"open","ping_status":"open","sticky":false,"template":"","format":"standard","meta":{"_monsterinsights_skip_tracking":false,"_monsterinsights_sitenote_active":false,"_monsterinsights_sitenote_note":"","_monsterinsights_sitenote_category":0,"footnotes":""},"categories":[4],"tags":[],"class_list":["post-1591","post","type-post","status-publish","format-standard","hentry","category-noticias"],"yoast_head":"<!-- This site is optimized with the Yoast SEO plugin v22.3 - https:\/\/yoast.com\/wordpress\/plugins\/seo\/ -->\n<title>Ampliaci\u00f3n de flota &#187; CEDOL<\/title>\n<meta name=\"description\" content=\"Grupo Log\u00edstico Andreani invertir\u00e1 $16.000.000 para ampliar su flota de Semirremolques Full, veh\u00edculos equipados con tecnolog\u00eda compleja espa\u00f1ola que\" \/>\n<meta name=\"robots\" content=\"index, follow, max-snippet:-1, max-image-preview:large, max-video-preview:-1\" \/>\n<link rel=\"canonical\" href=\"https:\/\/www.cedol.org.ar\/logistica\/ampliacion-de-flota\/\" \/>\n<meta property=\"og:locale\" content=\"es_ES\" \/>\n<meta property=\"og:type\" content=\"article\" \/>\n<meta property=\"og:title\" content=\"Ampliaci\u00f3n de flota &#187; CEDOL\" \/>\n<meta property=\"og:description\" content=\"Grupo Log\u00edstico Andreani invertir\u00e1 $16.000.000 para ampliar su flota de Semirremolques Full, veh\u00edculos equipados con tecnolog\u00eda compleja espa\u00f1ola que\" \/>\n<meta property=\"og:url\" content=\"https:\/\/www.cedol.org.ar\/logistica\/ampliacion-de-flota\/\" \/>\n<meta property=\"og:site_name\" content=\"CEDOL\" \/>\n<meta property=\"article:published_time\" content=\"2017-05-28T22:58:09+00:00\" \/>\n<meta property=\"og:image\" content=\"http:\/\/www.cedol.org.ar\/logistica\/wp-content\/uploads\/2017\/05\/profile.gif\" \/>\n<meta name=\"author\" content=\"admin\" \/>\n<meta name=\"twitter:card\" content=\"summary_large_image\" \/>\n<meta name=\"twitter:label1\" content=\"Escrito por\" \/>\n\t<meta name=\"twitter:data1\" content=\"admin\" \/>\n\t<meta name=\"twitter:label2\" content=\"Tiempo de lectura\" \/>\n\t<meta name=\"twitter:data2\" content=\"1 minuto\" \/>\n<script type=\"application\/ld+json\" class=\"yoast-schema-graph\">{\"@context\":\"https:\/\/schema.org\",\"@graph\":[{\"@type\":\"WebPage\",\"@id\":\"https:\/\/www.cedol.org.ar\/logistica\/ampliacion-de-flota\/\",\"url\":\"https:\/\/www.cedol.org.ar\/logistica\/ampliacion-de-flota\/\",\"name\":\"Ampliaci\u00f3n de flota &#187; CEDOL\",\"isPartOf\":{\"@id\":\"https:\/\/www.cedol.org.ar\/logistica\/#website\"},\"primaryImageOfPage\":{\"@id\":\"https:\/\/www.cedol.org.ar\/logistica\/ampliacion-de-flota\/#primaryimage\"},\"image\":{\"@id\":\"https:\/\/www.cedol.org.ar\/logistica\/ampliacion-de-flota\/#primaryimage\"},\"thumbnailUrl\":\"http:\/\/www.cedol.org.ar\/logistica\/wp-content\/uploads\/2017\/05\/profile.gif\",\"datePublished\":\"2017-05-28T22:58:09+00:00\",\"dateModified\":\"2017-05-28T22:58:09+00:00\",\"author\":{\"@id\":\"https:\/\/www.cedol.org.ar\/logistica\/#\/schema\/person\/40275bdb20446824fc74d51aabe22e83\"},\"description\":\"Grupo Log\u00edstico Andreani invertir\u00e1 $16.000.000 para ampliar su flota de Semirremolques Full, veh\u00edculos equipados con tecnolog\u00eda compleja espa\u00f1ola que\",\"breadcrumb\":{\"@id\":\"https:\/\/www.cedol.org.ar\/logistica\/ampliacion-de-flota\/#breadcrumb\"},\"inLanguage\":\"es\",\"potentialAction\":[{\"@type\":\"ReadAction\",\"target\":[\"https:\/\/www.cedol.org.ar\/logistica\/ampliacion-de-flota\/\"]}]},{\"@type\":\"ImageObject\",\"inLanguage\":\"es\",\"@id\":\"https:\/\/www.cedol.org.ar\/logistica\/ampliacion-de-flota\/#primaryimage\",\"url\":\"http:\/\/www.cedol.org.ar\/logistica\/wp-content\/uploads\/2017\/05\/profile.gif\",\"contentUrl\":\"http:\/\/www.cedol.org.ar\/logistica\/wp-content\/uploads\/2017\/05\/profile.gif\"},{\"@type\":\"BreadcrumbList\",\"@id\":\"https:\/\/www.cedol.org.ar\/logistica\/ampliacion-de-flota\/#breadcrumb\",\"itemListElement\":[{\"@type\":\"ListItem\",\"position\":1,\"name\":\"Home\",\"item\":\"https:\/\/www.cedol.org.ar\/logistica\/\"},{\"@type\":\"ListItem\",\"position\":2,\"name\":\"Ampliaci\u00f3n de flota\"}]},{\"@type\":\"WebSite\",\"@id\":\"https:\/\/www.cedol.org.ar\/logistica\/#website\",\"url\":\"https:\/\/www.cedol.org.ar\/logistica\/\",\"name\":\"CEDOL\",\"description\":\"C\u00c1MARA EMPRESARIA DE OPERADORES LOG\u00cdSTICOS\",\"potentialAction\":[{\"@type\":\"SearchAction\",\"target\":{\"@type\":\"EntryPoint\",\"urlTemplate\":\"https:\/\/www.cedol.org.ar\/logistica\/?s={search_term_string}\"},\"query-input\":\"required name=search_term_string\"}],\"inLanguage\":\"es\"},{\"@type\":\"Person\",\"@id\":\"https:\/\/www.cedol.org.ar\/logistica\/#\/schema\/person\/40275bdb20446824fc74d51aabe22e83\",\"name\":\"admin\"}]}<\/script>\n<!-- \/ Yoast SEO plugin. -->","yoast_head_json":{"title":"Ampliaci\u00f3n de flota &#187; CEDOL","description":"Grupo Log\u00edstico Andreani invertir\u00e1 $16.000.000 para ampliar su flota de Semirremolques Full, veh\u00edculos equipados con tecnolog\u00eda compleja espa\u00f1ola que","robots":{"index":"index","follow":"follow","max-snippet":"max-snippet:-1","max-image-preview":"max-image-preview:large","max-video-preview":"max-video-preview:-1"},"canonical":"https:\/\/www.cedol.org.ar\/logistica\/ampliacion-de-flota\/","og_locale":"es_ES","og_type":"article","og_title":"Ampliaci\u00f3n de flota &#187; CEDOL","og_description":"Grupo Log\u00edstico Andreani invertir\u00e1 $16.000.000 para ampliar su flota de Semirremolques Full, veh\u00edculos equipados con tecnolog\u00eda compleja espa\u00f1ola que","og_url":"https:\/\/www.cedol.org.ar\/logistica\/ampliacion-de-flota\/","og_site_name":"CEDOL","article_published_time":"2017-05-28T22:58:09+00:00","og_image":[{"url":"http:\/\/www.cedol.org.ar\/logistica\/wp-content\/uploads\/2017\/05\/profile.gif"}],"author":"admin","twitter_card":"summary_large_image","twitter_misc":{"Escrito por":"admin","Tiempo de lectura":"1 minuto"},"schema":{"@context":"https:\/\/schema.org","@graph":[{"@type":"WebPage","@id":"https:\/\/www.cedol.org.ar\/logistica\/ampliacion-de-flota\/","url":"https:\/\/www.cedol.org.ar\/logistica\/ampliacion-de-flota\/","name":"Ampliaci\u00f3n de flota &#187; CEDOL","isPartOf":{"@id":"https:\/\/www.cedol.org.ar\/logistica\/#website"},"primaryImageOfPage":{"@id":"https:\/\/www.cedol.org.ar\/logistica\/ampliacion-de-flota\/#primaryimage"},"image":{"@id":"https:\/\/www.cedol.org.ar\/logistica\/ampliacion-de-flota\/#primaryimage"},"thumbnailUrl":"http:\/\/www.cedol.org.ar\/logistica\/wp-content\/uploads\/2017\/05\/profile.gif","datePublished":"2017-05-28T22:58:09+00:00","dateModified":"2017-05-28T22:58:09+00:00","author":{"@id":"https:\/\/www.cedol.org.ar\/logistica\/#\/schema\/person\/40275bdb20446824fc74d51aabe22e83"},"description":"Grupo Log\u00edstico Andreani invertir\u00e1 $16.000.000 para ampliar su flota de Semirremolques Full, veh\u00edculos equipados con tecnolog\u00eda compleja espa\u00f1ola que","breadcrumb":{"@id":"https:\/\/www.cedol.org.ar\/logistica\/ampliacion-de-flota\/#breadcrumb"},"inLanguage":"es","potentialAction":[{"@type":"ReadAction","target":["https:\/\/www.cedol.org.ar\/logistica\/ampliacion-de-flota\/"]}]},{"@type":"ImageObject","inLanguage":"es","@id":"https:\/\/www.cedol.org.ar\/logistica\/ampliacion-de-flota\/#primaryimage","url":"http:\/\/www.cedol.org.ar\/logistica\/wp-content\/uploads\/2017\/05\/profile.gif","contentUrl":"http:\/\/www.cedol.org.ar\/logistica\/wp-content\/uploads\/2017\/05\/profile.gif"},{"@type":"BreadcrumbList","@id":"https:\/\/www.cedol.org.ar\/logistica\/ampliacion-de-flota\/#breadcrumb","itemListElement":[{"@type":"ListItem","position":1,"name":"Home","item":"https:\/\/www.cedol.org.ar\/logistica\/"},{"@type":"ListItem","position":2,"name":"Ampliaci\u00f3n de flota"}]},{"@type":"WebSite","@id":"https:\/\/www.cedol.org.ar\/logistica\/#website","url":"https:\/\/www.cedol.org.ar\/logistica\/","name":"CEDOL","description":"C\u00c1MARA EMPRESARIA DE OPERADORES LOG\u00cdSTICOS","potentialAction":[{"@type":"SearchAction","target":{"@type":"EntryPoint","urlTemplate":"https:\/\/www.cedol.org.ar\/logistica\/?s={search_term_string}"},"query-input":"required name=search_term_string"}],"inLanguage":"es"},{"@type":"Person","@id":"https:\/\/www.cedol.org.ar\/logistica\/#\/schema\/person\/40275bdb20446824fc74d51aabe22e83","name":"admin"}]}},"_links":{"self":[{"href":"https:\/\/www.cedol.org.ar\/logistica\/wp-json\/wp\/v2\/posts\/1591","targetHints":{"allow":["GET"]}}],"collection":[{"href":"https:\/\/www.cedol.org.ar\/logistica\/wp-json\/wp\/v2\/posts"}],"about":[{"href":"https:\/\/www.cedol.org.ar\/logistica\/wp-json\/wp\/v2\/types\/post"}],"author":[{"embeddable":true,"href":"https:\/\/www.cedol.org.ar\/logistica\/wp-json\/wp\/v2\/users\/1"}],"replies":[{"embeddable":true,"href":"https:\/\/www.cedol.org.ar\/logistica\/wp-json\/wp\/v2\/comments?post=1591"}],"version-history":[{"count":1,"href":"https:\/\/www.cedol.org.ar\/logistica\/wp-json\/wp\/v2\/posts\/1591\/revisions"}],"predecessor-version":[{"id":1593,"href":"https:\/\/www.cedol.org.ar\/logistica\/wp-json\/wp\/v2\/posts\/1591\/revisions\/1593"}],"wp:attachment":[{"href":"https:\/\/www.cedol.org.ar\/logistica\/wp-json\/wp\/v2\/media?parent=1591"}],"wp:term":[{"taxonomy":"category","embeddable":true,"href":"https:\/\/www.cedol.org.ar\/logistica\/wp-json\/wp\/v2\/categories?post=1591"},{"taxonomy":"post_tag","embeddable":true,"href":"https:\/\/www.cedol.org.ar\/logistica\/wp-json\/wp\/v2\/tags?post=1591"}],"curies":[{"name":"wp","href":"https:\/\/api.w.org\/{rel}","templated":true}]}}