{"id":1588,"date":"2017-05-28T22:56:00","date_gmt":"2017-05-28T22:56:00","guid":{"rendered":"http:\/\/www.cedol.org.ar\/logistica\/?p=1588"},"modified":"2017-05-28T22:56:00","modified_gmt":"2017-05-28T22:56:00","slug":"transporte-solidario","status":"publish","type":"post","link":"https:\/\/www.cedol.org.ar\/logistica\/transporte-solidario\/","title":{"rendered":"Transporte solidario"},"content":{"rendered":"<p>En este 2017, <strong>Cruz del Sur<\/strong> celebra 14 a\u00f1os de acompa\u00f1amiento a la Campa\u00f1a de Medio Ambiente y Reciclado de Fundaci\u00f3n Garrahan, siendo el principal operador log\u00edstico que traslada los materiales desde sus sucursales distribuidas en todo el pa\u00eds. Hasta hoy, la compa\u00f1\u00eda lleva transportados 2.987.200 kilos de papel, evitando la tala de 50.779 \u00e1rboles; 449.750 kilos de tapitas, que equivalen a 179.900.000 unidades; y 112 kilos de llaves, equivalentes a 11.660 de ellas.<\/p>\n<p><img loading=\"lazy\" decoding=\"async\" class=\"aligncenter  wp-image-1589\" src=\"http:\/\/www.cedol.org.ar\/logistica\/wp-content\/uploads\/2017\/05\/e00c579569f5a925c27c84e613a308a6.jpg\" alt=\"\" width=\"560\" height=\"242\" \/><\/p>\n<p>El operador log\u00edstico don\u00f3 un aproximado de 140 camiones semis, cada uno de los cuales transporta 25.000 kilogramos promedio. Mariela Menghini, Directora de Marketing de la compa\u00f1\u00eda, manifest\u00f3 que \u201ccada d\u00eda estamos m\u00e1s convencidos de que las empresas tenemos un rol social fundamental. El aporte, en recursos y transporte a la campa\u00f1a de Fundaci\u00f3n Garrahan forma parte de nuestra pol\u00edtica de sustentabilidad, que se complementa con otras acciones, como la conformaci\u00f3n de un reciente Comit\u00e9 y la elaboraci\u00f3n, en noviembre pasado, de nuestro segundo Reporte de Sustentabilidad\u201d.<\/p>\n","protected":false},"excerpt":{"rendered":"<p>En este 2017, Cruz del Sur celebra 14 a\u00f1os de acompa\u00f1amiento a la Campa\u00f1a de Medio Ambiente y Reciclado de Fundaci\u00f3n Garrahan, siendo el principal [&hellip;]<\/p>\n","protected":false},"author":1,"featured_media":0,"comment_status":"open","ping_status":"open","sticky":false,"template":"","format":"standard","meta":{"_monsterinsights_skip_tracking":false,"_monsterinsights_sitenote_active":false,"_monsterinsights_sitenote_note":"","_monsterinsights_sitenote_category":0,"footnotes":""},"categories":[4],"tags":[],"class_list":["post-1588","post","type-post","status-publish","format-standard","hentry","category-noticias"],"yoast_head":"<!-- This site is optimized with the Yoast SEO plugin v22.3 - https:\/\/yoast.com\/wordpress\/plugins\/seo\/ -->\n<title>Transporte solidario &#187; CEDOL<\/title>\n<meta name=\"description\" content=\"En este 2017, Cruz del Sur celebra 14 a\u00f1os de acompa\u00f1amiento a la Campa\u00f1a de Medio Ambiente y Reciclado de Fundaci\u00f3n Garrahan, siendo el principal\" \/>\n<meta name=\"robots\" content=\"index, follow, max-snippet:-1, max-image-preview:large, max-video-preview:-1\" \/>\n<link rel=\"canonical\" href=\"https:\/\/www.cedol.org.ar\/logistica\/transporte-solidario\/\" \/>\n<meta property=\"og:locale\" content=\"es_ES\" \/>\n<meta property=\"og:type\" content=\"article\" \/>\n<meta property=\"og:title\" content=\"Transporte solidario &#187; CEDOL\" \/>\n<meta property=\"og:description\" content=\"En este 2017, Cruz del Sur celebra 14 a\u00f1os de acompa\u00f1amiento a la Campa\u00f1a de Medio Ambiente y Reciclado de Fundaci\u00f3n Garrahan, siendo el principal\" \/>\n<meta property=\"og:url\" content=\"https:\/\/www.cedol.org.ar\/logistica\/transporte-solidario\/\" \/>\n<meta property=\"og:site_name\" content=\"CEDOL\" \/>\n<meta property=\"article:published_time\" content=\"2017-05-28T22:56:00+00:00\" \/>\n<meta property=\"og:image\" content=\"http:\/\/www.cedol.org.ar\/logistica\/wp-content\/uploads\/2017\/05\/e00c579569f5a925c27c84e613a308a6.jpg\" \/>\n<meta name=\"author\" content=\"admin\" \/>\n<meta name=\"twitter:card\" content=\"summary_large_image\" \/>\n<meta name=\"twitter:label1\" content=\"Escrito por\" \/>\n\t<meta name=\"twitter:data1\" content=\"admin\" \/>\n\t<meta name=\"twitter:label2\" content=\"Tiempo de lectura\" \/>\n\t<meta name=\"twitter:data2\" content=\"1 minuto\" \/>\n<script type=\"application\/ld+json\" class=\"yoast-schema-graph\">{\"@context\":\"https:\/\/schema.org\",\"@graph\":[{\"@type\":\"WebPage\",\"@id\":\"https:\/\/www.cedol.org.ar\/logistica\/transporte-solidario\/\",\"url\":\"https:\/\/www.cedol.org.ar\/logistica\/transporte-solidario\/\",\"name\":\"Transporte solidario &#187; CEDOL\",\"isPartOf\":{\"@id\":\"https:\/\/www.cedol.org.ar\/logistica\/#website\"},\"primaryImageOfPage\":{\"@id\":\"https:\/\/www.cedol.org.ar\/logistica\/transporte-solidario\/#primaryimage\"},\"image\":{\"@id\":\"https:\/\/www.cedol.org.ar\/logistica\/transporte-solidario\/#primaryimage\"},\"thumbnailUrl\":\"http:\/\/www.cedol.org.ar\/logistica\/wp-content\/uploads\/2017\/05\/e00c579569f5a925c27c84e613a308a6.jpg\",\"datePublished\":\"2017-05-28T22:56:00+00:00\",\"dateModified\":\"2017-05-28T22:56:00+00:00\",\"author\":{\"@id\":\"https:\/\/www.cedol.org.ar\/logistica\/#\/schema\/person\/40275bdb20446824fc74d51aabe22e83\"},\"description\":\"En este 2017, Cruz del Sur celebra 14 a\u00f1os de acompa\u00f1amiento a la Campa\u00f1a de Medio Ambiente y Reciclado de Fundaci\u00f3n Garrahan, siendo el principal\",\"breadcrumb\":{\"@id\":\"https:\/\/www.cedol.org.ar\/logistica\/transporte-solidario\/#breadcrumb\"},\"inLanguage\":\"es\",\"potentialAction\":[{\"@type\":\"ReadAction\",\"target\":[\"https:\/\/www.cedol.org.ar\/logistica\/transporte-solidario\/\"]}]},{\"@type\":\"ImageObject\",\"inLanguage\":\"es\",\"@id\":\"https:\/\/www.cedol.org.ar\/logistica\/transporte-solidario\/#primaryimage\",\"url\":\"http:\/\/www.cedol.org.ar\/logistica\/wp-content\/uploads\/2017\/05\/e00c579569f5a925c27c84e613a308a6.jpg\",\"contentUrl\":\"http:\/\/www.cedol.org.ar\/logistica\/wp-content\/uploads\/2017\/05\/e00c579569f5a925c27c84e613a308a6.jpg\"},{\"@type\":\"BreadcrumbList\",\"@id\":\"https:\/\/www.cedol.org.ar\/logistica\/transporte-solidario\/#breadcrumb\",\"itemListElement\":[{\"@type\":\"ListItem\",\"position\":1,\"name\":\"Home\",\"item\":\"https:\/\/www.cedol.org.ar\/logistica\/\"},{\"@type\":\"ListItem\",\"position\":2,\"name\":\"Transporte solidario\"}]},{\"@type\":\"WebSite\",\"@id\":\"https:\/\/www.cedol.org.ar\/logistica\/#website\",\"url\":\"https:\/\/www.cedol.org.ar\/logistica\/\",\"name\":\"CEDOL\",\"description\":\"C\u00c1MARA EMPRESARIA DE OPERADORES LOG\u00cdSTICOS\",\"potentialAction\":[{\"@type\":\"SearchAction\",\"target\":{\"@type\":\"EntryPoint\",\"urlTemplate\":\"https:\/\/www.cedol.org.ar\/logistica\/?s={search_term_string}\"},\"query-input\":\"required name=search_term_string\"}],\"inLanguage\":\"es\"},{\"@type\":\"Person\",\"@id\":\"https:\/\/www.cedol.org.ar\/logistica\/#\/schema\/person\/40275bdb20446824fc74d51aabe22e83\",\"name\":\"admin\"}]}<\/script>\n<!-- \/ Yoast SEO plugin. -->","yoast_head_json":{"title":"Transporte solidario &#187; CEDOL","description":"En este 2017, Cruz del Sur celebra 14 a\u00f1os de acompa\u00f1amiento a la Campa\u00f1a de Medio Ambiente y Reciclado de Fundaci\u00f3n Garrahan, siendo el principal","robots":{"index":"index","follow":"follow","max-snippet":"max-snippet:-1","max-image-preview":"max-image-preview:large","max-video-preview":"max-video-preview:-1"},"canonical":"https:\/\/www.cedol.org.ar\/logistica\/transporte-solidario\/","og_locale":"es_ES","og_type":"article","og_title":"Transporte solidario &#187; CEDOL","og_description":"En este 2017, Cruz del Sur celebra 14 a\u00f1os de acompa\u00f1amiento a la Campa\u00f1a de Medio Ambiente y Reciclado de Fundaci\u00f3n Garrahan, siendo el principal","og_url":"https:\/\/www.cedol.org.ar\/logistica\/transporte-solidario\/","og_site_name":"CEDOL","article_published_time":"2017-05-28T22:56:00+00:00","og_image":[{"url":"http:\/\/www.cedol.org.ar\/logistica\/wp-content\/uploads\/2017\/05\/e00c579569f5a925c27c84e613a308a6.jpg"}],"author":"admin","twitter_card":"summary_large_image","twitter_misc":{"Escrito por":"admin","Tiempo de lectura":"1 minuto"},"schema":{"@context":"https:\/\/schema.org","@graph":[{"@type":"WebPage","@id":"https:\/\/www.cedol.org.ar\/logistica\/transporte-solidario\/","url":"https:\/\/www.cedol.org.ar\/logistica\/transporte-solidario\/","name":"Transporte solidario &#187; CEDOL","isPartOf":{"@id":"https:\/\/www.cedol.org.ar\/logistica\/#website"},"primaryImageOfPage":{"@id":"https:\/\/www.cedol.org.ar\/logistica\/transporte-solidario\/#primaryimage"},"image":{"@id":"https:\/\/www.cedol.org.ar\/logistica\/transporte-solidario\/#primaryimage"},"thumbnailUrl":"http:\/\/www.cedol.org.ar\/logistica\/wp-content\/uploads\/2017\/05\/e00c579569f5a925c27c84e613a308a6.jpg","datePublished":"2017-05-28T22:56:00+00:00","dateModified":"2017-05-28T22:56:00+00:00","author":{"@id":"https:\/\/www.cedol.org.ar\/logistica\/#\/schema\/person\/40275bdb20446824fc74d51aabe22e83"},"description":"En este 2017, Cruz del Sur celebra 14 a\u00f1os de acompa\u00f1amiento a la Campa\u00f1a de Medio Ambiente y Reciclado de Fundaci\u00f3n Garrahan, siendo el principal","breadcrumb":{"@id":"https:\/\/www.cedol.org.ar\/logistica\/transporte-solidario\/#breadcrumb"},"inLanguage":"es","potentialAction":[{"@type":"ReadAction","target":["https:\/\/www.cedol.org.ar\/logistica\/transporte-solidario\/"]}]},{"@type":"ImageObject","inLanguage":"es","@id":"https:\/\/www.cedol.org.ar\/logistica\/transporte-solidario\/#primaryimage","url":"http:\/\/www.cedol.org.ar\/logistica\/wp-content\/uploads\/2017\/05\/e00c579569f5a925c27c84e613a308a6.jpg","contentUrl":"http:\/\/www.cedol.org.ar\/logistica\/wp-content\/uploads\/2017\/05\/e00c579569f5a925c27c84e613a308a6.jpg"},{"@type":"BreadcrumbList","@id":"https:\/\/www.cedol.org.ar\/logistica\/transporte-solidario\/#breadcrumb","itemListElement":[{"@type":"ListItem","position":1,"name":"Home","item":"https:\/\/www.cedol.org.ar\/logistica\/"},{"@type":"ListItem","position":2,"name":"Transporte solidario"}]},{"@type":"WebSite","@id":"https:\/\/www.cedol.org.ar\/logistica\/#website","url":"https:\/\/www.cedol.org.ar\/logistica\/","name":"CEDOL","description":"C\u00c1MARA EMPRESARIA DE OPERADORES LOG\u00cdSTICOS","potentialAction":[{"@type":"SearchAction","target":{"@type":"EntryPoint","urlTemplate":"https:\/\/www.cedol.org.ar\/logistica\/?s={search_term_string}"},"query-input":"required name=search_term_string"}],"inLanguage":"es"},{"@type":"Person","@id":"https:\/\/www.cedol.org.ar\/logistica\/#\/schema\/person\/40275bdb20446824fc74d51aabe22e83","name":"admin"}]}},"_links":{"self":[{"href":"https:\/\/www.cedol.org.ar\/logistica\/wp-json\/wp\/v2\/posts\/1588","targetHints":{"allow":["GET"]}}],"collection":[{"href":"https:\/\/www.cedol.org.ar\/logistica\/wp-json\/wp\/v2\/posts"}],"about":[{"href":"https:\/\/www.cedol.org.ar\/logistica\/wp-json\/wp\/v2\/types\/post"}],"author":[{"embeddable":true,"href":"https:\/\/www.cedol.org.ar\/logistica\/wp-json\/wp\/v2\/users\/1"}],"replies":[{"embeddable":true,"href":"https:\/\/www.cedol.org.ar\/logistica\/wp-json\/wp\/v2\/comments?post=1588"}],"version-history":[{"count":1,"href":"https:\/\/www.cedol.org.ar\/logistica\/wp-json\/wp\/v2\/posts\/1588\/revisions"}],"predecessor-version":[{"id":1590,"href":"https:\/\/www.cedol.org.ar\/logistica\/wp-json\/wp\/v2\/posts\/1588\/revisions\/1590"}],"wp:attachment":[{"href":"https:\/\/www.cedol.org.ar\/logistica\/wp-json\/wp\/v2\/media?parent=1588"}],"wp:term":[{"taxonomy":"category","embeddable":true,"href":"https:\/\/www.cedol.org.ar\/logistica\/wp-json\/wp\/v2\/categories?post=1588"},{"taxonomy":"post_tag","embeddable":true,"href":"https:\/\/www.cedol.org.ar\/logistica\/wp-json\/wp\/v2\/tags?post=1588"}],"curies":[{"name":"wp","href":"https:\/\/api.w.org\/{rel}","templated":true}]}}