{"id":1567,"date":"2017-04-28T13:41:14","date_gmt":"2017-04-28T13:41:14","guid":{"rendered":"http:\/\/www.cedol.org.ar\/logistica\/?p=1567"},"modified":"2017-04-28T13:41:14","modified_gmt":"2017-04-28T13:41:14","slug":"la-camara-exportadores-admiten-problema-la-baja-competitividad-la-economia","status":"publish","type":"post","link":"https:\/\/www.cedol.org.ar\/logistica\/la-camara-exportadores-admiten-problema-la-baja-competitividad-la-economia\/","title":{"rendered":"En la C\u00e1mara de Exportadores admiten que el problema es la baja competitividad de la econom\u00eda"},"content":{"rendered":"<p>El director del Instituto de Estrategia Internacional (IEI) de la C\u00e1mara de Exportadores de la Rep\u00fablica Argentina (CERA), Alonso Ferrando, consider\u00f3 que, si bien <em>\u201cpersiste la debilidad del comercio global, por el bajo dinamismo de la demanda, la ca\u00edda en los precios de las commodities, un menor ritmo de liberalizaci\u00f3n comercial y un freno en la expansi\u00f3n de las cadenas globales de valor\u201d<\/em>, el principal problema de la Argentina no pasa por el contexto internacional.<\/p>\n<p>Por el contrario, el experto subray\u00f3 que <em>\u201cel posicionamiento del pa\u00eds depende m\u00e1s de las reformas internas\u201d<\/em>. Al respecto, destac\u00f3 que debe <em>\u201catenderse el bajo grado de competitividad de la econom\u00eda, tal como lo demuestra la ca\u00edda en la participaci\u00f3n de las exportaciones locales en el total mundial\u201d<\/em>. Lo hizo en el marco del VII Congreso Internacional de Ciencias Econ\u00f3micas, organizado por la Universidad de Belgrano, el 19 y 20 de abril pasado.<\/p>\n<p>En el mismo panel, Alejandro Ramos Mart\u00ednez, especialista del Instituto para la Integraci\u00f3n de Am\u00e9rica latina y el Caribe (INTAL) del Banco Interamericano de Desarrollo (BID), manifest\u00f3 que <em>\u201cla apreciaci\u00f3n del d\u00f3lar contribuy\u00f3 a una \u2018nueva normalidad\u2019, identificada por un acompa\u00f1amiento en las tendencias de las tasas de crecimiento del comercio mundial y de las exportaciones de Am\u00e9rica latina, medidas ambas a valores constantes\u201d<\/em>. No obstante, fue cauto al pronosticar un horizonte a largo plazo, <em>\u201cdada la relativa debilidad de la demanda real\u201d<\/em>.<\/p>\n","protected":false},"excerpt":{"rendered":"<p>El director del Instituto de Estrategia Internacional (IEI) de la C\u00e1mara de Exportadores de la Rep\u00fablica Argentina (CERA), Alonso Ferrando, consider\u00f3 que, si bien \u201cpersiste [&hellip;]<\/p>\n","protected":false},"author":1,"featured_media":0,"comment_status":"open","ping_status":"open","sticky":false,"template":"","format":"standard","meta":{"_monsterinsights_skip_tracking":false,"_monsterinsights_sitenote_active":false,"_monsterinsights_sitenote_note":"","_monsterinsights_sitenote_category":0,"footnotes":""},"categories":[4],"tags":[],"class_list":["post-1567","post","type-post","status-publish","format-standard","hentry","category-noticias"],"yoast_head":"<!-- This site is optimized with the Yoast SEO plugin v22.3 - https:\/\/yoast.com\/wordpress\/plugins\/seo\/ -->\n<title>En la C\u00e1mara de Exportadores admiten que el problema es la baja competitividad de la econom\u00eda &#187; CEDOL<\/title>\n<meta name=\"description\" content=\"El director del Instituto de Estrategia Internacional (IEI) de la C\u00e1mara de Exportadores de la Rep\u00fablica Argentina (CERA), Alonso Ferrando, consider\u00f3 que,\" \/>\n<meta name=\"robots\" content=\"index, follow, max-snippet:-1, max-image-preview:large, max-video-preview:-1\" \/>\n<link rel=\"canonical\" href=\"https:\/\/www.cedol.org.ar\/logistica\/la-camara-exportadores-admiten-problema-la-baja-competitividad-la-economia\/\" \/>\n<meta property=\"og:locale\" content=\"es_ES\" \/>\n<meta property=\"og:type\" content=\"article\" \/>\n<meta property=\"og:title\" content=\"En la C\u00e1mara de Exportadores admiten que el problema es la baja competitividad de la econom\u00eda &#187; CEDOL\" \/>\n<meta property=\"og:description\" content=\"El director del Instituto de Estrategia Internacional (IEI) de la C\u00e1mara de Exportadores de la Rep\u00fablica Argentina (CERA), Alonso Ferrando, consider\u00f3 que,\" \/>\n<meta property=\"og:url\" content=\"https:\/\/www.cedol.org.ar\/logistica\/la-camara-exportadores-admiten-problema-la-baja-competitividad-la-economia\/\" \/>\n<meta property=\"og:site_name\" content=\"CEDOL\" \/>\n<meta property=\"article:published_time\" content=\"2017-04-28T13:41:14+00:00\" \/>\n<meta name=\"author\" content=\"admin\" \/>\n<meta name=\"twitter:card\" content=\"summary_large_image\" \/>\n<meta name=\"twitter:label1\" content=\"Escrito por\" \/>\n\t<meta name=\"twitter:data1\" content=\"admin\" \/>\n\t<meta name=\"twitter:label2\" content=\"Tiempo de lectura\" \/>\n\t<meta name=\"twitter:data2\" content=\"1 minuto\" \/>\n<script type=\"application\/ld+json\" class=\"yoast-schema-graph\">{\"@context\":\"https:\/\/schema.org\",\"@graph\":[{\"@type\":\"WebPage\",\"@id\":\"https:\/\/www.cedol.org.ar\/logistica\/la-camara-exportadores-admiten-problema-la-baja-competitividad-la-economia\/\",\"url\":\"https:\/\/www.cedol.org.ar\/logistica\/la-camara-exportadores-admiten-problema-la-baja-competitividad-la-economia\/\",\"name\":\"En la C\u00e1mara de Exportadores admiten que el problema es la baja competitividad de la econom\u00eda &#187; CEDOL\",\"isPartOf\":{\"@id\":\"https:\/\/www.cedol.org.ar\/logistica\/#website\"},\"datePublished\":\"2017-04-28T13:41:14+00:00\",\"dateModified\":\"2017-04-28T13:41:14+00:00\",\"author\":{\"@id\":\"https:\/\/www.cedol.org.ar\/logistica\/#\/schema\/person\/40275bdb20446824fc74d51aabe22e83\"},\"description\":\"El director del Instituto de Estrategia Internacional (IEI) de la C\u00e1mara de Exportadores de la Rep\u00fablica Argentina (CERA), Alonso Ferrando, consider\u00f3 que,\",\"breadcrumb\":{\"@id\":\"https:\/\/www.cedol.org.ar\/logistica\/la-camara-exportadores-admiten-problema-la-baja-competitividad-la-economia\/#breadcrumb\"},\"inLanguage\":\"es\",\"potentialAction\":[{\"@type\":\"ReadAction\",\"target\":[\"https:\/\/www.cedol.org.ar\/logistica\/la-camara-exportadores-admiten-problema-la-baja-competitividad-la-economia\/\"]}]},{\"@type\":\"BreadcrumbList\",\"@id\":\"https:\/\/www.cedol.org.ar\/logistica\/la-camara-exportadores-admiten-problema-la-baja-competitividad-la-economia\/#breadcrumb\",\"itemListElement\":[{\"@type\":\"ListItem\",\"position\":1,\"name\":\"Home\",\"item\":\"https:\/\/www.cedol.org.ar\/logistica\/\"},{\"@type\":\"ListItem\",\"position\":2,\"name\":\"En la C\u00e1mara de Exportadores admiten que el problema es la baja competitividad de la econom\u00eda\"}]},{\"@type\":\"WebSite\",\"@id\":\"https:\/\/www.cedol.org.ar\/logistica\/#website\",\"url\":\"https:\/\/www.cedol.org.ar\/logistica\/\",\"name\":\"CEDOL\",\"description\":\"C\u00c1MARA EMPRESARIA DE OPERADORES LOG\u00cdSTICOS\",\"potentialAction\":[{\"@type\":\"SearchAction\",\"target\":{\"@type\":\"EntryPoint\",\"urlTemplate\":\"https:\/\/www.cedol.org.ar\/logistica\/?s={search_term_string}\"},\"query-input\":\"required name=search_term_string\"}],\"inLanguage\":\"es\"},{\"@type\":\"Person\",\"@id\":\"https:\/\/www.cedol.org.ar\/logistica\/#\/schema\/person\/40275bdb20446824fc74d51aabe22e83\",\"name\":\"admin\"}]}<\/script>\n<!-- \/ Yoast SEO plugin. -->","yoast_head_json":{"title":"En la C\u00e1mara de Exportadores admiten que el problema es la baja competitividad de la econom\u00eda &#187; CEDOL","description":"El director del Instituto de Estrategia Internacional (IEI) de la C\u00e1mara de Exportadores de la Rep\u00fablica Argentina (CERA), Alonso Ferrando, consider\u00f3 que,","robots":{"index":"index","follow":"follow","max-snippet":"max-snippet:-1","max-image-preview":"max-image-preview:large","max-video-preview":"max-video-preview:-1"},"canonical":"https:\/\/www.cedol.org.ar\/logistica\/la-camara-exportadores-admiten-problema-la-baja-competitividad-la-economia\/","og_locale":"es_ES","og_type":"article","og_title":"En la C\u00e1mara de Exportadores admiten que el problema es la baja competitividad de la econom\u00eda &#187; CEDOL","og_description":"El director del Instituto de Estrategia Internacional (IEI) de la C\u00e1mara de Exportadores de la Rep\u00fablica Argentina (CERA), Alonso Ferrando, consider\u00f3 que,","og_url":"https:\/\/www.cedol.org.ar\/logistica\/la-camara-exportadores-admiten-problema-la-baja-competitividad-la-economia\/","og_site_name":"CEDOL","article_published_time":"2017-04-28T13:41:14+00:00","author":"admin","twitter_card":"summary_large_image","twitter_misc":{"Escrito por":"admin","Tiempo de lectura":"1 minuto"},"schema":{"@context":"https:\/\/schema.org","@graph":[{"@type":"WebPage","@id":"https:\/\/www.cedol.org.ar\/logistica\/la-camara-exportadores-admiten-problema-la-baja-competitividad-la-economia\/","url":"https:\/\/www.cedol.org.ar\/logistica\/la-camara-exportadores-admiten-problema-la-baja-competitividad-la-economia\/","name":"En la C\u00e1mara de Exportadores admiten que el problema es la baja competitividad de la econom\u00eda &#187; CEDOL","isPartOf":{"@id":"https:\/\/www.cedol.org.ar\/logistica\/#website"},"datePublished":"2017-04-28T13:41:14+00:00","dateModified":"2017-04-28T13:41:14+00:00","author":{"@id":"https:\/\/www.cedol.org.ar\/logistica\/#\/schema\/person\/40275bdb20446824fc74d51aabe22e83"},"description":"El director del Instituto de Estrategia Internacional (IEI) de la C\u00e1mara de Exportadores de la Rep\u00fablica Argentina (CERA), Alonso Ferrando, consider\u00f3 que,","breadcrumb":{"@id":"https:\/\/www.cedol.org.ar\/logistica\/la-camara-exportadores-admiten-problema-la-baja-competitividad-la-economia\/#breadcrumb"},"inLanguage":"es","potentialAction":[{"@type":"ReadAction","target":["https:\/\/www.cedol.org.ar\/logistica\/la-camara-exportadores-admiten-problema-la-baja-competitividad-la-economia\/"]}]},{"@type":"BreadcrumbList","@id":"https:\/\/www.cedol.org.ar\/logistica\/la-camara-exportadores-admiten-problema-la-baja-competitividad-la-economia\/#breadcrumb","itemListElement":[{"@type":"ListItem","position":1,"name":"Home","item":"https:\/\/www.cedol.org.ar\/logistica\/"},{"@type":"ListItem","position":2,"name":"En la C\u00e1mara de Exportadores admiten que el problema es la baja competitividad de la econom\u00eda"}]},{"@type":"WebSite","@id":"https:\/\/www.cedol.org.ar\/logistica\/#website","url":"https:\/\/www.cedol.org.ar\/logistica\/","name":"CEDOL","description":"C\u00c1MARA EMPRESARIA DE OPERADORES LOG\u00cdSTICOS","potentialAction":[{"@type":"SearchAction","target":{"@type":"EntryPoint","urlTemplate":"https:\/\/www.cedol.org.ar\/logistica\/?s={search_term_string}"},"query-input":"required name=search_term_string"}],"inLanguage":"es"},{"@type":"Person","@id":"https:\/\/www.cedol.org.ar\/logistica\/#\/schema\/person\/40275bdb20446824fc74d51aabe22e83","name":"admin"}]}},"_links":{"self":[{"href":"https:\/\/www.cedol.org.ar\/logistica\/wp-json\/wp\/v2\/posts\/1567","targetHints":{"allow":["GET"]}}],"collection":[{"href":"https:\/\/www.cedol.org.ar\/logistica\/wp-json\/wp\/v2\/posts"}],"about":[{"href":"https:\/\/www.cedol.org.ar\/logistica\/wp-json\/wp\/v2\/types\/post"}],"author":[{"embeddable":true,"href":"https:\/\/www.cedol.org.ar\/logistica\/wp-json\/wp\/v2\/users\/1"}],"replies":[{"embeddable":true,"href":"https:\/\/www.cedol.org.ar\/logistica\/wp-json\/wp\/v2\/comments?post=1567"}],"version-history":[{"count":1,"href":"https:\/\/www.cedol.org.ar\/logistica\/wp-json\/wp\/v2\/posts\/1567\/revisions"}],"predecessor-version":[{"id":1568,"href":"https:\/\/www.cedol.org.ar\/logistica\/wp-json\/wp\/v2\/posts\/1567\/revisions\/1568"}],"wp:attachment":[{"href":"https:\/\/www.cedol.org.ar\/logistica\/wp-json\/wp\/v2\/media?parent=1567"}],"wp:term":[{"taxonomy":"category","embeddable":true,"href":"https:\/\/www.cedol.org.ar\/logistica\/wp-json\/wp\/v2\/categories?post=1567"},{"taxonomy":"post_tag","embeddable":true,"href":"https:\/\/www.cedol.org.ar\/logistica\/wp-json\/wp\/v2\/tags?post=1567"}],"curies":[{"name":"wp","href":"https:\/\/api.w.org\/{rel}","templated":true}]}}