{"id":1522,"date":"2017-03-27T16:04:42","date_gmt":"2017-03-27T16:04:42","guid":{"rendered":"http:\/\/www.cedol.org.ar\/logistica\/?p=1522"},"modified":"2017-03-28T19:11:48","modified_gmt":"2017-03-28T19:11:48","slug":"jorge-lopez-ano-no-arranco-bien-la-logistica","status":"publish","type":"post","link":"https:\/\/www.cedol.org.ar\/logistica\/jorge-lopez-ano-no-arranco-bien-la-logistica\/","title":{"rendered":"Jorge L\u00f3pez: \u201cEl a\u00f1o no arranc\u00f3 bien para la log\u00edstica\u201d"},"content":{"rendered":"<p>En un comienzo de a\u00f1o signado por el aumento de tarifas en los servicios y otros insumos clave para el transporte y la log\u00edstica, el sector se encuentra inmerso en un clima enrarecido, dominado por la incertidumbre y la falta de medidas concretas frente a un mercado que no muestra se\u00f1ales claras de reactivaci\u00f3n, especialmente para una actividad clave en el desarrollo de la econom\u00eda y la productividad del pa\u00eds. En este sentido, Jorge L\u00f3pez, presidente de la C\u00e1mara Empresaria de Operadores Log\u00edsticos (Cedol), fue muy claro al respecto: \u201cEl sector no arranca bien el a\u00f1o, incluso deber\u00eda decir que comienza mal porque viene muy castigado por aumentos en tarifas de servicios, cargas impositivas, combustible, peajes, tasas municipales, etc.\u201d<\/p>\n<p><strong>\u00bfEl aumento de los peajes es lo que m\u00e1s molest\u00f3 al sector?<\/strong><\/p>\n<p>Es un disparate sin ninguna justificaci\u00f3n, porque los peajes de la Ciudad de Buenos Aires son autopistas que ya est\u00e1n amortizadas, o sea que se trata de cajas recaudatorias que inciden fuertemente en el costo de distribuci\u00f3n en la Ciudad. Tambi\u00e9n aumenta el combustible, la energ\u00eda y otros servicios. Suben los alquileres, las tasas en provincias y municipios, tasas de seguridad e higiene, o de ingresos brutos. Todo aumenta y la actividad no repunta, sigue recesiva.<\/p>\n<p><img loading=\"lazy\" decoding=\"async\" class=\"aligncenter size-large wp-image-1523\" src=\"http:\/\/www.cedol.org.ar\/logistica\/wp-content\/uploads\/2017\/03\/nota1-1-827x1024.jpg\" alt=\"\" width=\"584\" height=\"723\" srcset=\"https:\/\/www.cedol.org.ar\/logistica\/wp-content\/uploads\/2017\/03\/nota1-1-827x1024.jpg 827w, https:\/\/www.cedol.org.ar\/logistica\/wp-content\/uploads\/2017\/03\/nota1-1-242x300.jpg 242w, https:\/\/www.cedol.org.ar\/logistica\/wp-content\/uploads\/2017\/03\/nota1-1-768x951.jpg 768w, https:\/\/www.cedol.org.ar\/logistica\/wp-content\/uploads\/2017\/03\/nota1-1.jpg 1141w\" sizes=\"auto, (max-width: 584px) 100vw, 584px\" \/><\/p>\n<p><strong>\u00bfC\u00f3mo se enfrenta la log\u00edstica con esta realidad?<\/strong><\/p>\n<p>Es complicado para la actividad porque se enfrenta otra vez al desaf\u00edo de tener que trasladar esos aumentos que produce el Gobierno, a las tarifas. Porque no me canso de repetirlo, la log\u00edstica no es formadora de precios, sino que se ve afectada por decisiones gubernamentales que ajustan diferentes componentes de nuestro costo, y que nos ponen en la dif\u00edcil situaci\u00f3n de tener que trasladar urgentemente estas subas a las tarifas.<\/p>\n<p><strong>\u00bfQu\u00e9 opina cuando escucha desde algunos sectores que la log\u00edstica y el transporte son caros o afectan a la competitividad de los productos?<\/strong><\/p>\n<p>Esos dichos muestran un total desconocimiento de la realidad, es un discurso falso. El costo log\u00edstico puede incidir m\u00e1s o menos en los productos, pero insisto, surge de una serie de valores que no dependen del sector, como la enorme carga impositiva, el precio del combustible, peajes, tasas nacionales, provinciales y municipales o la mano de obra. Son todos costos que siguen aumentando y que sufrimos en el sector pero que incluso no siempre podemos trasladar a las tarifas. De hecho, las empresas de transporte, en el 95% de los casos, son de baj\u00edsima rentabilidad.<\/p>\n<p><strong>\u00bfC\u00f3mo est\u00e1n las empresas de transporte? <\/strong><\/p>\n<p>Es un sector al que le cuesta mucho sobrevivir porque la gran mayor\u00eda son empresas peque\u00f1as o familiares, de gente de trabajo. No es un sector de grandes empresarios. Y los que ven otra cosa, no est\u00e1n observando la realidad. Porque se trata de miles de compa\u00f1\u00edas peque\u00f1as que se debaten d\u00eda a d\u00eda para llegar a fin de mes, que est\u00e1n en rojo.<\/p>\n<p><strong>\u00bfY cu\u00e1l es el problema de fondo entonces?<\/strong><\/p>\n<p>El problema est\u00e1 en que los valores de los componentes que hacen al costo de la actividad son muy elevados y no se hace nada para reducirlos, como por ejemplo, con el alto costo impositivo que tiene el sector. Adem\u00e1s, frente a esta problem\u00e1tica, se aumenta la marginalidad, la informalidad. Por eso, el sector no est\u00e1 bien econ\u00f3mica y financieramente.<\/p>\n<p><strong>\u00bfQu\u00e9 respuesta ven desde el Gobierno?<\/strong><\/p>\n<p>La respuesta est\u00e1 en las acciones que implementa. No hace nada para cambiar la situaci\u00f3n, sino lo contrario: aumenta el combustible, peaje, energ\u00eda o cargas impositivas. Todo el tiempo encontramos provincias que suben ingresos brutos o municipios que incrementan tasas al transporte. Por lo tanto, suben los costos. Se hace todo al rev\u00e9s. Antes ten\u00edamos el REFOP que funcionaba como un incentivo que retornaba parte de las cargas sociales que pagaba el empleador, lo que ayud\u00f3 a las empresas y gener\u00f3 un alto blanqueamiento en la actividad. Pero se anul\u00f3 y ahora vuelve a crecer la informalidad. Habr\u00eda que retomar ese tipo de pol\u00edticas.<\/p>\n<p><strong>\u00bfQu\u00e9 porcentaje de las tarifas corresponden a rentabilidad?<\/strong><\/p>\n<p>No hay nadie en este sector que llegue a dos cifras en su rentabilidad. Siempre hablamos de porcentajes de una cifra. En general, el sector no llega al 5% de rentabilidad, antes de impuesto a las ganancias. Pero por desgracia, much\u00edsimas empresas no alcanzan ni eso.<\/p>\n<p><strong>Entonces, \u00bfcu\u00e1l es el futuro de la actividad?<\/strong><\/p>\n<p>Se seguir\u00e1n trasladando los aumentos de costos a las tarifas y habr\u00e1 alg\u00fan sector que continuar\u00e1 diciendo que el costo del transporte es muy alto, aunque realmente no lo sea. El \u00fanico camino es trabajar en reducir la cargaimpositiva para dejar de fomentar la informalidad y simplificar las cosas para las empresas que funcionan correctamente. Esa es la forma de buscar m\u00e1s productividad y m\u00e1s eficiencia.<\/p>\n<p><strong>\u00a0<\/strong><\/p>\n<p><strong>\u00a0<\/strong><\/p>\n<p>&nbsp;<\/p>\n<p><strong>\u00a0<\/strong><\/p>\n<p><strong>\u00a0<\/strong><\/p>\n","protected":false},"excerpt":{"rendered":"<p>En un comienzo de a\u00f1o signado por el aumento de tarifas en los servicios y otros insumos clave para el transporte y la log\u00edstica, el [&hellip;]<\/p>\n","protected":false},"author":1,"featured_media":0,"comment_status":"open","ping_status":"open","sticky":false,"template":"","format":"standard","meta":{"_monsterinsights_skip_tracking":false,"_monsterinsights_sitenote_active":false,"_monsterinsights_sitenote_note":"","_monsterinsights_sitenote_category":0,"footnotes":""},"categories":[4],"tags":[],"class_list":["post-1522","post","type-post","status-publish","format-standard","hentry","category-noticias"],"yoast_head":"<!-- This site is optimized with the Yoast SEO plugin v22.3 - https:\/\/yoast.com\/wordpress\/plugins\/seo\/ -->\n<title>Jorge L\u00f3pez: \u201cEl a\u00f1o no arranc\u00f3 bien para la log\u00edstica\u201d &#187; CEDOL<\/title>\n<meta name=\"description\" content=\"En un comienzo de a\u00f1o signado por el aumento de tarifas en los servicios y otros insumos clave para el transporte y la log\u00edstica, el sector se encuentra\" \/>\n<meta name=\"robots\" content=\"index, follow, max-snippet:-1, max-image-preview:large, max-video-preview:-1\" \/>\n<link rel=\"canonical\" href=\"https:\/\/www.cedol.org.ar\/logistica\/jorge-lopez-ano-no-arranco-bien-la-logistica\/\" \/>\n<meta property=\"og:locale\" content=\"es_ES\" \/>\n<meta property=\"og:type\" content=\"article\" \/>\n<meta property=\"og:title\" content=\"Jorge L\u00f3pez: \u201cEl a\u00f1o no arranc\u00f3 bien para la log\u00edstica\u201d &#187; CEDOL\" \/>\n<meta property=\"og:description\" content=\"En un comienzo de a\u00f1o signado por el aumento de tarifas en los servicios y otros insumos clave para el transporte y la log\u00edstica, el sector se encuentra\" \/>\n<meta property=\"og:url\" content=\"https:\/\/www.cedol.org.ar\/logistica\/jorge-lopez-ano-no-arranco-bien-la-logistica\/\" \/>\n<meta property=\"og:site_name\" content=\"CEDOL\" \/>\n<meta property=\"article:published_time\" content=\"2017-03-27T16:04:42+00:00\" \/>\n<meta property=\"article:modified_time\" content=\"2017-03-28T19:11:48+00:00\" \/>\n<meta property=\"og:image\" content=\"http:\/\/www.cedol.org.ar\/logistica\/wp-content\/uploads\/2017\/03\/nota1-1-827x1024.jpg\" \/>\n<meta name=\"author\" content=\"admin\" \/>\n<meta name=\"twitter:card\" content=\"summary_large_image\" \/>\n<meta name=\"twitter:label1\" content=\"Escrito por\" \/>\n\t<meta name=\"twitter:data1\" content=\"admin\" \/>\n\t<meta name=\"twitter:label2\" content=\"Tiempo de lectura\" \/>\n\t<meta name=\"twitter:data2\" content=\"4 minutos\" \/>\n<script type=\"application\/ld+json\" class=\"yoast-schema-graph\">{\"@context\":\"https:\/\/schema.org\",\"@graph\":[{\"@type\":\"WebPage\",\"@id\":\"https:\/\/www.cedol.org.ar\/logistica\/jorge-lopez-ano-no-arranco-bien-la-logistica\/\",\"url\":\"https:\/\/www.cedol.org.ar\/logistica\/jorge-lopez-ano-no-arranco-bien-la-logistica\/\",\"name\":\"Jorge L\u00f3pez: \u201cEl a\u00f1o no arranc\u00f3 bien para la log\u00edstica\u201d &#187; CEDOL\",\"isPartOf\":{\"@id\":\"https:\/\/www.cedol.org.ar\/logistica\/#website\"},\"primaryImageOfPage\":{\"@id\":\"https:\/\/www.cedol.org.ar\/logistica\/jorge-lopez-ano-no-arranco-bien-la-logistica\/#primaryimage\"},\"image\":{\"@id\":\"https:\/\/www.cedol.org.ar\/logistica\/jorge-lopez-ano-no-arranco-bien-la-logistica\/#primaryimage\"},\"thumbnailUrl\":\"http:\/\/www.cedol.org.ar\/logistica\/wp-content\/uploads\/2017\/03\/nota1-1-827x1024.jpg\",\"datePublished\":\"2017-03-27T16:04:42+00:00\",\"dateModified\":\"2017-03-28T19:11:48+00:00\",\"author\":{\"@id\":\"https:\/\/www.cedol.org.ar\/logistica\/#\/schema\/person\/40275bdb20446824fc74d51aabe22e83\"},\"description\":\"En un comienzo de a\u00f1o signado por el aumento de tarifas en los servicios y otros insumos clave para el transporte y la log\u00edstica, el sector se encuentra\",\"breadcrumb\":{\"@id\":\"https:\/\/www.cedol.org.ar\/logistica\/jorge-lopez-ano-no-arranco-bien-la-logistica\/#breadcrumb\"},\"inLanguage\":\"es\",\"potentialAction\":[{\"@type\":\"ReadAction\",\"target\":[\"https:\/\/www.cedol.org.ar\/logistica\/jorge-lopez-ano-no-arranco-bien-la-logistica\/\"]}]},{\"@type\":\"ImageObject\",\"inLanguage\":\"es\",\"@id\":\"https:\/\/www.cedol.org.ar\/logistica\/jorge-lopez-ano-no-arranco-bien-la-logistica\/#primaryimage\",\"url\":\"http:\/\/www.cedol.org.ar\/logistica\/wp-content\/uploads\/2017\/03\/nota1-1-827x1024.jpg\",\"contentUrl\":\"http:\/\/www.cedol.org.ar\/logistica\/wp-content\/uploads\/2017\/03\/nota1-1-827x1024.jpg\"},{\"@type\":\"BreadcrumbList\",\"@id\":\"https:\/\/www.cedol.org.ar\/logistica\/jorge-lopez-ano-no-arranco-bien-la-logistica\/#breadcrumb\",\"itemListElement\":[{\"@type\":\"ListItem\",\"position\":1,\"name\":\"Home\",\"item\":\"https:\/\/www.cedol.org.ar\/logistica\/\"},{\"@type\":\"ListItem\",\"position\":2,\"name\":\"Jorge L\u00f3pez: \u201cEl a\u00f1o no arranc\u00f3 bien para la log\u00edstica\u201d\"}]},{\"@type\":\"WebSite\",\"@id\":\"https:\/\/www.cedol.org.ar\/logistica\/#website\",\"url\":\"https:\/\/www.cedol.org.ar\/logistica\/\",\"name\":\"CEDOL\",\"description\":\"C\u00c1MARA EMPRESARIA DE OPERADORES LOG\u00cdSTICOS\",\"potentialAction\":[{\"@type\":\"SearchAction\",\"target\":{\"@type\":\"EntryPoint\",\"urlTemplate\":\"https:\/\/www.cedol.org.ar\/logistica\/?s={search_term_string}\"},\"query-input\":\"required name=search_term_string\"}],\"inLanguage\":\"es\"},{\"@type\":\"Person\",\"@id\":\"https:\/\/www.cedol.org.ar\/logistica\/#\/schema\/person\/40275bdb20446824fc74d51aabe22e83\",\"name\":\"admin\"}]}<\/script>\n<!-- \/ Yoast SEO plugin. -->","yoast_head_json":{"title":"Jorge L\u00f3pez: \u201cEl a\u00f1o no arranc\u00f3 bien para la log\u00edstica\u201d &#187; CEDOL","description":"En un comienzo de a\u00f1o signado por el aumento de tarifas en los servicios y otros insumos clave para el transporte y la log\u00edstica, el sector se encuentra","robots":{"index":"index","follow":"follow","max-snippet":"max-snippet:-1","max-image-preview":"max-image-preview:large","max-video-preview":"max-video-preview:-1"},"canonical":"https:\/\/www.cedol.org.ar\/logistica\/jorge-lopez-ano-no-arranco-bien-la-logistica\/","og_locale":"es_ES","og_type":"article","og_title":"Jorge L\u00f3pez: \u201cEl a\u00f1o no arranc\u00f3 bien para la log\u00edstica\u201d &#187; CEDOL","og_description":"En un comienzo de a\u00f1o signado por el aumento de tarifas en los servicios y otros insumos clave para el transporte y la log\u00edstica, el sector se encuentra","og_url":"https:\/\/www.cedol.org.ar\/logistica\/jorge-lopez-ano-no-arranco-bien-la-logistica\/","og_site_name":"CEDOL","article_published_time":"2017-03-27T16:04:42+00:00","article_modified_time":"2017-03-28T19:11:48+00:00","og_image":[{"url":"http:\/\/www.cedol.org.ar\/logistica\/wp-content\/uploads\/2017\/03\/nota1-1-827x1024.jpg"}],"author":"admin","twitter_card":"summary_large_image","twitter_misc":{"Escrito por":"admin","Tiempo de lectura":"4 minutos"},"schema":{"@context":"https:\/\/schema.org","@graph":[{"@type":"WebPage","@id":"https:\/\/www.cedol.org.ar\/logistica\/jorge-lopez-ano-no-arranco-bien-la-logistica\/","url":"https:\/\/www.cedol.org.ar\/logistica\/jorge-lopez-ano-no-arranco-bien-la-logistica\/","name":"Jorge L\u00f3pez: \u201cEl a\u00f1o no arranc\u00f3 bien para la log\u00edstica\u201d &#187; CEDOL","isPartOf":{"@id":"https:\/\/www.cedol.org.ar\/logistica\/#website"},"primaryImageOfPage":{"@id":"https:\/\/www.cedol.org.ar\/logistica\/jorge-lopez-ano-no-arranco-bien-la-logistica\/#primaryimage"},"image":{"@id":"https:\/\/www.cedol.org.ar\/logistica\/jorge-lopez-ano-no-arranco-bien-la-logistica\/#primaryimage"},"thumbnailUrl":"http:\/\/www.cedol.org.ar\/logistica\/wp-content\/uploads\/2017\/03\/nota1-1-827x1024.jpg","datePublished":"2017-03-27T16:04:42+00:00","dateModified":"2017-03-28T19:11:48+00:00","author":{"@id":"https:\/\/www.cedol.org.ar\/logistica\/#\/schema\/person\/40275bdb20446824fc74d51aabe22e83"},"description":"En un comienzo de a\u00f1o signado por el aumento de tarifas en los servicios y otros insumos clave para el transporte y la log\u00edstica, el sector se encuentra","breadcrumb":{"@id":"https:\/\/www.cedol.org.ar\/logistica\/jorge-lopez-ano-no-arranco-bien-la-logistica\/#breadcrumb"},"inLanguage":"es","potentialAction":[{"@type":"ReadAction","target":["https:\/\/www.cedol.org.ar\/logistica\/jorge-lopez-ano-no-arranco-bien-la-logistica\/"]}]},{"@type":"ImageObject","inLanguage":"es","@id":"https:\/\/www.cedol.org.ar\/logistica\/jorge-lopez-ano-no-arranco-bien-la-logistica\/#primaryimage","url":"http:\/\/www.cedol.org.ar\/logistica\/wp-content\/uploads\/2017\/03\/nota1-1-827x1024.jpg","contentUrl":"http:\/\/www.cedol.org.ar\/logistica\/wp-content\/uploads\/2017\/03\/nota1-1-827x1024.jpg"},{"@type":"BreadcrumbList","@id":"https:\/\/www.cedol.org.ar\/logistica\/jorge-lopez-ano-no-arranco-bien-la-logistica\/#breadcrumb","itemListElement":[{"@type":"ListItem","position":1,"name":"Home","item":"https:\/\/www.cedol.org.ar\/logistica\/"},{"@type":"ListItem","position":2,"name":"Jorge L\u00f3pez: \u201cEl a\u00f1o no arranc\u00f3 bien para la log\u00edstica\u201d"}]},{"@type":"WebSite","@id":"https:\/\/www.cedol.org.ar\/logistica\/#website","url":"https:\/\/www.cedol.org.ar\/logistica\/","name":"CEDOL","description":"C\u00c1MARA EMPRESARIA DE OPERADORES LOG\u00cdSTICOS","potentialAction":[{"@type":"SearchAction","target":{"@type":"EntryPoint","urlTemplate":"https:\/\/www.cedol.org.ar\/logistica\/?s={search_term_string}"},"query-input":"required name=search_term_string"}],"inLanguage":"es"},{"@type":"Person","@id":"https:\/\/www.cedol.org.ar\/logistica\/#\/schema\/person\/40275bdb20446824fc74d51aabe22e83","name":"admin"}]}},"_links":{"self":[{"href":"https:\/\/www.cedol.org.ar\/logistica\/wp-json\/wp\/v2\/posts\/1522","targetHints":{"allow":["GET"]}}],"collection":[{"href":"https:\/\/www.cedol.org.ar\/logistica\/wp-json\/wp\/v2\/posts"}],"about":[{"href":"https:\/\/www.cedol.org.ar\/logistica\/wp-json\/wp\/v2\/types\/post"}],"author":[{"embeddable":true,"href":"https:\/\/www.cedol.org.ar\/logistica\/wp-json\/wp\/v2\/users\/1"}],"replies":[{"embeddable":true,"href":"https:\/\/www.cedol.org.ar\/logistica\/wp-json\/wp\/v2\/comments?post=1522"}],"version-history":[{"count":3,"href":"https:\/\/www.cedol.org.ar\/logistica\/wp-json\/wp\/v2\/posts\/1522\/revisions"}],"predecessor-version":[{"id":1542,"href":"https:\/\/www.cedol.org.ar\/logistica\/wp-json\/wp\/v2\/posts\/1522\/revisions\/1542"}],"wp:attachment":[{"href":"https:\/\/www.cedol.org.ar\/logistica\/wp-json\/wp\/v2\/media?parent=1522"}],"wp:term":[{"taxonomy":"category","embeddable":true,"href":"https:\/\/www.cedol.org.ar\/logistica\/wp-json\/wp\/v2\/categories?post=1522"},{"taxonomy":"post_tag","embeddable":true,"href":"https:\/\/www.cedol.org.ar\/logistica\/wp-json\/wp\/v2\/tags?post=1522"}],"curies":[{"name":"wp","href":"https:\/\/api.w.org\/{rel}","templated":true}]}}