{"id":1257,"date":"2015-12-15T20:48:58","date_gmt":"2015-12-15T20:48:58","guid":{"rendered":"http:\/\/www.cedol.org.ar\/logistica\/?p=1257"},"modified":"2015-12-15T20:48:58","modified_gmt":"2015-12-15T20:48:58","slug":"arlog-celebro-sus-25-anos","status":"publish","type":"post","link":"https:\/\/www.cedol.org.ar\/logistica\/arlog-celebro-sus-25-anos\/","title":{"rendered":"ARLOG celebr\u00f3 sus 25 a\u00f1os"},"content":{"rendered":"<p><a href=\"http:\/\/www.cedol.org.ar\/logistica\/wp-content\/uploads\/2015\/12\/FOTO-2-NL-CEDOL-Diciembre.jpg\"><img loading=\"lazy\" decoding=\"async\" class=\"aligncenter wp-image-1258 size-full\" title=\"25 a\u00f1os ARLOG\" src=\"http:\/\/www.cedol.org.ar\/logistica\/wp-content\/uploads\/2015\/12\/FOTO-2-NL-CEDOL-Diciembre.jpg\" alt=\"25 a\u00f1os ARLOG\" width=\"1000\" height=\"667\" srcset=\"https:\/\/www.cedol.org.ar\/logistica\/wp-content\/uploads\/2015\/12\/FOTO-2-NL-CEDOL-Diciembre.jpg 1000w, https:\/\/www.cedol.org.ar\/logistica\/wp-content\/uploads\/2015\/12\/FOTO-2-NL-CEDOL-Diciembre-300x200.jpg 300w, https:\/\/www.cedol.org.ar\/logistica\/wp-content\/uploads\/2015\/12\/FOTO-2-NL-CEDOL-Diciembre-449x300.jpg 449w\" sizes=\"auto, (max-width: 1000px) 100vw, 1000px\" \/><\/a><\/p>\n<p>Con la presencia de 200 personas, se llevaron a cabo el pasado 25 de\u00a0noviembre en el sal\u00f3n La Escondida de Palermo los festejos por los 25 a\u00f1os de\u00a0la <a title=\"Asociaci\u00f3n Argentina de Log\u00edstica Empresaria\" href=\"http:\/\/arlog.org\/\" target=\"_blank\">Asociaci\u00f3n Argentina de <strong>Log\u00edstica<\/strong> Empresaria<\/a>. El evento cont\u00f3 con la\u00a0presencia de las autoridades de la instituci\u00f3n, encabezadas por su presidente\u00a0Hern\u00e1n S\u00e1nchez, sus socios, profesores y otros protagonistas del <strong>sector\u00a0log\u00edstico<\/strong>, entre ellos Daniel Indart, presidente de Fadeaac; Alejandro\u00a0Rodr\u00edguez, presidente de GS1 Argentina, y Jorge L\u00f3pez, presidente de CEDOL.\u00a0El presidente de ARLOG destac\u00f3 que la fundaci\u00f3n de la asociaci\u00f3n, ocurrida el\u00a031 de octubre de 1990, fue el fruto de un proceso que hab\u00eda nacido un par de\u00a0a\u00f1os antes: \u201cEsta iniciativa fue impulsada por un grupo de profesionales y\u00a0empresarios que, con una visi\u00f3n acertada, comprendieron que era necesario\u00a0ponerse de acuerdo en cuestiones b\u00e1sicas que para la \u00e9poca eran\u00a0fundacionales: las tarimas de madera que dar\u00eda lugar al Pallet ARLOG, el\u00a0aprovechamiento de los veh\u00edculos y los primeros sistemas de administraci\u00f3n de\u00a0dep\u00f3sitos\u201d.<\/p>\n<p><!--more--><\/p>\n<p>ARLOG naci\u00f3 as\u00ed como una asociaci\u00f3n sin fines de lucro ni intereses pol\u00edticos,\u00a0con un objetivo primordial: difundir y profesionalizar las pr\u00e1cticas <strong>log\u00edsticas<\/strong> en\u00a0nuestro pa\u00eds. \u201cEste primer objetivo, que termin\u00f3 acu\u00f1ando la identidad de la\u00a0instituci\u00f3n \u2018El lugar del encuentro, estudio y profesionalizaci\u00f3n de la <strong>log\u00edstica<\/strong>\u2019,\u00a0es sin lugar a dudas lo que tenemos que mantener\u201d, asegur\u00f3.<\/p>\n<p>\u201cEn un cuarto de siglo, el mundo cambi\u00f3 notablemente, pero el relacionamiento\u00a0interpersonal, el intercambio de experiencias, las distintas pol\u00edticas aplicadas\u00a0en forma exitosa y m\u00e1s a\u00fan los fracasos siguen siendo la gran fuente de\u00a0conocimiento de la que se nutren los profesionales inteligentes\u201d, afirm\u00f3. Y\u00a0agreg\u00f3: \u201cEso es lo que promov\u00edan los visionarios que fundaron ARLOG y lo\u00a0que, d\u00eda tras d\u00eda, tratamos de hacer los que tenemos la suerte de formar parte\u00a0de la actual Comisi\u00f3n Directiva\u201d.<\/p>\n<p>Sobre el presente de la asociaci\u00f3n, S\u00e1nchez subray\u00f3 que \u201cnos encontramos\u00a0m\u00e1s fuertes que nunca en \u00e1reas como capacitaci\u00f3n, terminando el 2015 con un\u00a0nuevo r\u00e9cord de horas c\u00e1tedra dictadas y alumnos sido capacitados\u201d. En este\u00a0sentido, reconoci\u00f3 a Roberto Dest\u00e9fano y a Alejandro Leiras, ex y actual\u00a0director de capacitaci\u00f3n de la asociaci\u00f3n.<\/p>\n<p>En adici\u00f3n, el presidente de ARLOG coment\u00f3 las distintas iniciativas que est\u00e1\u00a0llevando a cabo la asociaci\u00f3n: la creaci\u00f3n del observatorio <strong>log\u00edstico<\/strong>; el\u00a0programa de capacitaci\u00f3n de operarios; la fusi\u00f3n con AACAM para dar lugar a\u00a0una nueva ARLOG fortalecida por la suma del proceso de compras; el cl\u00e1sico\u00a0encuentro anual; los desayunos de actualizaci\u00f3n, y las visitas de campo a\u00a0puntos de inter\u00e9s como la Terminal R\u00edo de la Plata y los <a title=\"El mercado de los Centros Log\u00edsticos\" href=\"http:\/\/www.cedol.org.ar\/logistica\/el-mercado-de-los-centros-logisticos\/\" target=\"_blank\">centros <strong>log\u00edsticos<\/strong><\/a> de\u00a0Exolog\u00edstica y Andreani.<\/p>\n<p>Adem\u00e1s S\u00e1nchez acentu\u00f3 que: \u201ctodos los candidatos presidenciales hablaron\u00a0de <strong>log\u00edstica<\/strong> en sus campa\u00f1as. Mauricio Macri, nuestro Presidente electo y su\u00a0equipo de colaboradores nos recibieron meses atr\u00e1s para escuchar nuestra\u00a0visi\u00f3n sobre la problem\u00e1tica <strong>log\u00edstica<\/strong> del pa\u00eds\u201d.<\/p>\n<p>La celebraci\u00f3n incluy\u00f3 el reconocimiento de los socios fundadores Alberto\u00a0Ibarrola, Manuel D\u00edaz, Eduardo Miranda, Claudia Liatis en representaci\u00f3n de\u00a0<a title=\"UTN present\u00f3 libro sobre historia de la log\u00edstica\" href=\"http:\/\/www.cedol.org.ar\/logistica\/utn-presento-libro-sobre-historia-de-la-logistica\/\" target=\"_blank\">Roberto Liatis<\/a>, Jorge Ader, Jorge L\u00f3pez y Pablo Doregger, junto con el socio\u00a0vitalicio Hugo Membrive. Adem\u00e1s hubo una menci\u00f3n especial para Carlos\u00a0Musante, quien ocup\u00f3 el cargo de vicepresidente de la instituci\u00f3n. Tambi\u00e9n se\u00a0distingui\u00f3 la labor del staff de la asociaci\u00f3n y se enfatiz\u00f3 en la tarea de Katy\u00a0Fern\u00e1ndez qui\u00e9n se desempe\u00f1a en la asociaci\u00f3n desde sus inicios. Y se\u00a0descubri\u00f3 una placa que menciona a todos los presidentes de la instituci\u00f3n:\u00a0Osvaldo Fern\u00e1ndez, Jorge Garramu\u00f1o, Jorge Marchesotti, Jos\u00e9 Luis Losada,\u00a0Fernando Balzarini, Mauro Sperperato, Marcelo Arce y Hern\u00e1n S\u00e1nchez.<\/p>\n","protected":false},"excerpt":{"rendered":"<p>Con la presencia de 200 personas, se llevaron a cabo el pasado 25 de\u00a0noviembre en el sal\u00f3n La Escondida de Palermo los festejos por los [&hellip;]<\/p>\n","protected":false},"author":1,"featured_media":0,"comment_status":"open","ping_status":"open","sticky":false,"template":"","format":"standard","meta":{"_monsterinsights_skip_tracking":false,"_monsterinsights_sitenote_active":false,"_monsterinsights_sitenote_note":"","_monsterinsights_sitenote_category":0,"footnotes":""},"categories":[4],"tags":[],"class_list":["post-1257","post","type-post","status-publish","format-standard","hentry","category-noticias"],"yoast_head":"<!-- This site is optimized with the Yoast SEO plugin v22.3 - https:\/\/yoast.com\/wordpress\/plugins\/seo\/ -->\n<title>ARLOG celebr\u00f3 sus 25 a\u00f1os &#187; CEDOL<\/title>\n<meta name=\"description\" content=\"Con la presencia de 200 personas, se llevaron a cabo el pasado 25 de\u00a0noviembre en el sal\u00f3n La Escondida de Palermo los festejos por los 25 a\u00f1os de\u00a0la\" \/>\n<meta name=\"robots\" content=\"index, follow, max-snippet:-1, max-image-preview:large, max-video-preview:-1\" \/>\n<link rel=\"canonical\" href=\"https:\/\/www.cedol.org.ar\/logistica\/arlog-celebro-sus-25-anos\/\" \/>\n<meta property=\"og:locale\" content=\"es_ES\" \/>\n<meta property=\"og:type\" content=\"article\" \/>\n<meta property=\"og:title\" content=\"ARLOG celebr\u00f3 sus 25 a\u00f1os &#187; CEDOL\" \/>\n<meta property=\"og:description\" content=\"Con la presencia de 200 personas, se llevaron a cabo el pasado 25 de\u00a0noviembre en el sal\u00f3n La Escondida de Palermo los festejos por los 25 a\u00f1os de\u00a0la\" \/>\n<meta property=\"og:url\" content=\"https:\/\/www.cedol.org.ar\/logistica\/arlog-celebro-sus-25-anos\/\" \/>\n<meta property=\"og:site_name\" content=\"CEDOL\" \/>\n<meta property=\"article:published_time\" content=\"2015-12-15T20:48:58+00:00\" \/>\n<meta property=\"og:image\" content=\"http:\/\/www.cedol.org.ar\/logistica\/wp-content\/uploads\/2015\/12\/FOTO-2-NL-CEDOL-Diciembre.jpg\" \/>\n<meta name=\"author\" content=\"admin\" \/>\n<meta name=\"twitter:card\" content=\"summary_large_image\" \/>\n<meta name=\"twitter:label1\" content=\"Escrito por\" \/>\n\t<meta name=\"twitter:data1\" content=\"admin\" \/>\n\t<meta name=\"twitter:label2\" content=\"Tiempo de lectura\" \/>\n\t<meta name=\"twitter:data2\" content=\"3 minutos\" \/>\n<script type=\"application\/ld+json\" class=\"yoast-schema-graph\">{\"@context\":\"https:\/\/schema.org\",\"@graph\":[{\"@type\":\"WebPage\",\"@id\":\"https:\/\/www.cedol.org.ar\/logistica\/arlog-celebro-sus-25-anos\/\",\"url\":\"https:\/\/www.cedol.org.ar\/logistica\/arlog-celebro-sus-25-anos\/\",\"name\":\"ARLOG celebr\u00f3 sus 25 a\u00f1os &#187; CEDOL\",\"isPartOf\":{\"@id\":\"https:\/\/www.cedol.org.ar\/logistica\/#website\"},\"primaryImageOfPage\":{\"@id\":\"https:\/\/www.cedol.org.ar\/logistica\/arlog-celebro-sus-25-anos\/#primaryimage\"},\"image\":{\"@id\":\"https:\/\/www.cedol.org.ar\/logistica\/arlog-celebro-sus-25-anos\/#primaryimage\"},\"thumbnailUrl\":\"http:\/\/www.cedol.org.ar\/logistica\/wp-content\/uploads\/2015\/12\/FOTO-2-NL-CEDOL-Diciembre.jpg\",\"datePublished\":\"2015-12-15T20:48:58+00:00\",\"dateModified\":\"2015-12-15T20:48:58+00:00\",\"author\":{\"@id\":\"https:\/\/www.cedol.org.ar\/logistica\/#\/schema\/person\/40275bdb20446824fc74d51aabe22e83\"},\"description\":\"Con la presencia de 200 personas, se llevaron a cabo el pasado 25 de\u00a0noviembre en el sal\u00f3n La Escondida de Palermo los festejos por los 25 a\u00f1os de\u00a0la\",\"breadcrumb\":{\"@id\":\"https:\/\/www.cedol.org.ar\/logistica\/arlog-celebro-sus-25-anos\/#breadcrumb\"},\"inLanguage\":\"es\",\"potentialAction\":[{\"@type\":\"ReadAction\",\"target\":[\"https:\/\/www.cedol.org.ar\/logistica\/arlog-celebro-sus-25-anos\/\"]}]},{\"@type\":\"ImageObject\",\"inLanguage\":\"es\",\"@id\":\"https:\/\/www.cedol.org.ar\/logistica\/arlog-celebro-sus-25-anos\/#primaryimage\",\"url\":\"http:\/\/www.cedol.org.ar\/logistica\/wp-content\/uploads\/2015\/12\/FOTO-2-NL-CEDOL-Diciembre.jpg\",\"contentUrl\":\"http:\/\/www.cedol.org.ar\/logistica\/wp-content\/uploads\/2015\/12\/FOTO-2-NL-CEDOL-Diciembre.jpg\"},{\"@type\":\"BreadcrumbList\",\"@id\":\"https:\/\/www.cedol.org.ar\/logistica\/arlog-celebro-sus-25-anos\/#breadcrumb\",\"itemListElement\":[{\"@type\":\"ListItem\",\"position\":1,\"name\":\"Home\",\"item\":\"https:\/\/www.cedol.org.ar\/logistica\/\"},{\"@type\":\"ListItem\",\"position\":2,\"name\":\"ARLOG celebr\u00f3 sus 25 a\u00f1os\"}]},{\"@type\":\"WebSite\",\"@id\":\"https:\/\/www.cedol.org.ar\/logistica\/#website\",\"url\":\"https:\/\/www.cedol.org.ar\/logistica\/\",\"name\":\"CEDOL\",\"description\":\"C\u00c1MARA EMPRESARIA DE OPERADORES LOG\u00cdSTICOS\",\"potentialAction\":[{\"@type\":\"SearchAction\",\"target\":{\"@type\":\"EntryPoint\",\"urlTemplate\":\"https:\/\/www.cedol.org.ar\/logistica\/?s={search_term_string}\"},\"query-input\":\"required name=search_term_string\"}],\"inLanguage\":\"es\"},{\"@type\":\"Person\",\"@id\":\"https:\/\/www.cedol.org.ar\/logistica\/#\/schema\/person\/40275bdb20446824fc74d51aabe22e83\",\"name\":\"admin\"}]}<\/script>\n<!-- \/ Yoast SEO plugin. -->","yoast_head_json":{"title":"ARLOG celebr\u00f3 sus 25 a\u00f1os &#187; CEDOL","description":"Con la presencia de 200 personas, se llevaron a cabo el pasado 25 de\u00a0noviembre en el sal\u00f3n La Escondida de Palermo los festejos por los 25 a\u00f1os de\u00a0la","robots":{"index":"index","follow":"follow","max-snippet":"max-snippet:-1","max-image-preview":"max-image-preview:large","max-video-preview":"max-video-preview:-1"},"canonical":"https:\/\/www.cedol.org.ar\/logistica\/arlog-celebro-sus-25-anos\/","og_locale":"es_ES","og_type":"article","og_title":"ARLOG celebr\u00f3 sus 25 a\u00f1os &#187; CEDOL","og_description":"Con la presencia de 200 personas, se llevaron a cabo el pasado 25 de\u00a0noviembre en el sal\u00f3n La Escondida de Palermo los festejos por los 25 a\u00f1os de\u00a0la","og_url":"https:\/\/www.cedol.org.ar\/logistica\/arlog-celebro-sus-25-anos\/","og_site_name":"CEDOL","article_published_time":"2015-12-15T20:48:58+00:00","og_image":[{"url":"http:\/\/www.cedol.org.ar\/logistica\/wp-content\/uploads\/2015\/12\/FOTO-2-NL-CEDOL-Diciembre.jpg"}],"author":"admin","twitter_card":"summary_large_image","twitter_misc":{"Escrito por":"admin","Tiempo de lectura":"3 minutos"},"schema":{"@context":"https:\/\/schema.org","@graph":[{"@type":"WebPage","@id":"https:\/\/www.cedol.org.ar\/logistica\/arlog-celebro-sus-25-anos\/","url":"https:\/\/www.cedol.org.ar\/logistica\/arlog-celebro-sus-25-anos\/","name":"ARLOG celebr\u00f3 sus 25 a\u00f1os &#187; CEDOL","isPartOf":{"@id":"https:\/\/www.cedol.org.ar\/logistica\/#website"},"primaryImageOfPage":{"@id":"https:\/\/www.cedol.org.ar\/logistica\/arlog-celebro-sus-25-anos\/#primaryimage"},"image":{"@id":"https:\/\/www.cedol.org.ar\/logistica\/arlog-celebro-sus-25-anos\/#primaryimage"},"thumbnailUrl":"http:\/\/www.cedol.org.ar\/logistica\/wp-content\/uploads\/2015\/12\/FOTO-2-NL-CEDOL-Diciembre.jpg","datePublished":"2015-12-15T20:48:58+00:00","dateModified":"2015-12-15T20:48:58+00:00","author":{"@id":"https:\/\/www.cedol.org.ar\/logistica\/#\/schema\/person\/40275bdb20446824fc74d51aabe22e83"},"description":"Con la presencia de 200 personas, se llevaron a cabo el pasado 25 de\u00a0noviembre en el sal\u00f3n La Escondida de Palermo los festejos por los 25 a\u00f1os de\u00a0la","breadcrumb":{"@id":"https:\/\/www.cedol.org.ar\/logistica\/arlog-celebro-sus-25-anos\/#breadcrumb"},"inLanguage":"es","potentialAction":[{"@type":"ReadAction","target":["https:\/\/www.cedol.org.ar\/logistica\/arlog-celebro-sus-25-anos\/"]}]},{"@type":"ImageObject","inLanguage":"es","@id":"https:\/\/www.cedol.org.ar\/logistica\/arlog-celebro-sus-25-anos\/#primaryimage","url":"http:\/\/www.cedol.org.ar\/logistica\/wp-content\/uploads\/2015\/12\/FOTO-2-NL-CEDOL-Diciembre.jpg","contentUrl":"http:\/\/www.cedol.org.ar\/logistica\/wp-content\/uploads\/2015\/12\/FOTO-2-NL-CEDOL-Diciembre.jpg"},{"@type":"BreadcrumbList","@id":"https:\/\/www.cedol.org.ar\/logistica\/arlog-celebro-sus-25-anos\/#breadcrumb","itemListElement":[{"@type":"ListItem","position":1,"name":"Home","item":"https:\/\/www.cedol.org.ar\/logistica\/"},{"@type":"ListItem","position":2,"name":"ARLOG celebr\u00f3 sus 25 a\u00f1os"}]},{"@type":"WebSite","@id":"https:\/\/www.cedol.org.ar\/logistica\/#website","url":"https:\/\/www.cedol.org.ar\/logistica\/","name":"CEDOL","description":"C\u00c1MARA EMPRESARIA DE OPERADORES LOG\u00cdSTICOS","potentialAction":[{"@type":"SearchAction","target":{"@type":"EntryPoint","urlTemplate":"https:\/\/www.cedol.org.ar\/logistica\/?s={search_term_string}"},"query-input":"required name=search_term_string"}],"inLanguage":"es"},{"@type":"Person","@id":"https:\/\/www.cedol.org.ar\/logistica\/#\/schema\/person\/40275bdb20446824fc74d51aabe22e83","name":"admin"}]}},"_links":{"self":[{"href":"https:\/\/www.cedol.org.ar\/logistica\/wp-json\/wp\/v2\/posts\/1257","targetHints":{"allow":["GET"]}}],"collection":[{"href":"https:\/\/www.cedol.org.ar\/logistica\/wp-json\/wp\/v2\/posts"}],"about":[{"href":"https:\/\/www.cedol.org.ar\/logistica\/wp-json\/wp\/v2\/types\/post"}],"author":[{"embeddable":true,"href":"https:\/\/www.cedol.org.ar\/logistica\/wp-json\/wp\/v2\/users\/1"}],"replies":[{"embeddable":true,"href":"https:\/\/www.cedol.org.ar\/logistica\/wp-json\/wp\/v2\/comments?post=1257"}],"version-history":[{"count":1,"href":"https:\/\/www.cedol.org.ar\/logistica\/wp-json\/wp\/v2\/posts\/1257\/revisions"}],"predecessor-version":[{"id":1259,"href":"https:\/\/www.cedol.org.ar\/logistica\/wp-json\/wp\/v2\/posts\/1257\/revisions\/1259"}],"wp:attachment":[{"href":"https:\/\/www.cedol.org.ar\/logistica\/wp-json\/wp\/v2\/media?parent=1257"}],"wp:term":[{"taxonomy":"category","embeddable":true,"href":"https:\/\/www.cedol.org.ar\/logistica\/wp-json\/wp\/v2\/categories?post=1257"},{"taxonomy":"post_tag","embeddable":true,"href":"https:\/\/www.cedol.org.ar\/logistica\/wp-json\/wp\/v2\/tags?post=1257"}],"curies":[{"name":"wp","href":"https:\/\/api.w.org\/{rel}","templated":true}]}}