{"id":1062,"date":"2015-01-16T14:33:39","date_gmt":"2015-01-16T14:33:39","guid":{"rendered":"http:\/\/www.cedol.org.ar\/logistica\/?p=1062"},"modified":"2015-01-16T14:33:39","modified_gmt":"2015-01-16T14:33:39","slug":"innovacion-y-grado-de-outsourcing-en-las-operaciones-logisticas-ejes-del-7o-encuentro-de-intercambio-profesional-de-cedol-2","status":"publish","type":"post","link":"https:\/\/www.cedol.org.ar\/logistica\/innovacion-y-grado-de-outsourcing-en-las-operaciones-logisticas-ejes-del-7o-encuentro-de-intercambio-profesional-de-cedol-2\/","title":{"rendered":"Innovaci\u00f3n y grado de outsourcing en las operaciones log\u00edsticas, ejes del 7\u00ba Encuentro de Intercambio Profesional de CEDOL"},"content":{"rendered":"<p><a href=\"http:\/\/www.cedol.org.ar\/logistica\/wp-content\/uploads\/2014\/12\/cedol-7-copia.jpg\"><img loading=\"lazy\" decoding=\"async\" class=\"aligncenter size-full wp-image-1054\" src=\"http:\/\/www.cedol.org.ar\/logistica\/wp-content\/uploads\/2014\/12\/cedol-7-copia.jpg\" alt=\"Encuentro logistico\" width=\"600\" height=\"405\" srcset=\"https:\/\/www.cedol.org.ar\/logistica\/wp-content\/uploads\/2014\/12\/cedol-7-copia.jpg 600w, https:\/\/www.cedol.org.ar\/logistica\/wp-content\/uploads\/2014\/12\/cedol-7-copia-300x202.jpg 300w, https:\/\/www.cedol.org.ar\/logistica\/wp-content\/uploads\/2014\/12\/cedol-7-copia-444x300.jpg 444w\" sizes=\"auto, (max-width: 600px) 100vw, 600px\" \/><\/a>La C\u00e1mara Empresaria de <strong>Operadores Log\u00edsticos<\/strong> (<a title=\"CEDOL\" href=\"http:\/\/www.cedol.org.ar\" target=\"_blank\">CEDOL<\/a>) anuncia que se llevar\u00e1 a cabo su 7mo Encuentro de Intercambio Profesional \u201cInnovaci\u00f3n y Grado de Outsourcing en las <strong>Operaciones Log\u00edsticas<\/strong>\u201d el 22 de abril pr\u00f3ximo en la sede de la UCA en Puerto Madero, ciudad de Buenos Aires.<!--more--><\/p>\n<p>\u201cEn el encuentro se analizar\u00e1 una encuesta realizada por la Asociaci\u00f3n Argentina de <strong>Log\u00edstica<\/strong> Empresaria (ARLOG) sobre el grado de tercerizaci\u00f3n de las industrias dentro de nuestro pa\u00eds. Adem\u00e1s, el evento contar\u00e1 con un experto internacional que analizar\u00e1 un caso de producci\u00f3n y customizaci\u00f3n\u00a0de motos. Tambi\u00e9n se dar\u00e1n a conocer los resultados de la actividad de los 3PL\u201d, anticipa Carlos Musante, director t\u00e9cnico de CEDOL.<\/p>\n<p>La apertura contar\u00e1 con las palabras de <a title=\"CEDOL \u2013 JORGE L\u00d3PEZ\" href=\"http:\/\/www.cedol.org.ar\/logistica\/cedol-jorge-lopez\/\" target=\"_blank\">Jorge L\u00f3pez<\/a>, presidente de CEDOL; Hern\u00e1n S\u00e1nchez, presidente de ARLOG y Juan Carlos Rodr\u00edguez, presidente de ALALOG.<\/p>\n<p>Durante el encuentro, se prev\u00e9n dos m\u00f3dulos.<\/p>\n<p><strong>Modulo I<\/strong><\/p>\n<p><strong>\u201cGrado de Tercerizaci\u00f3n de Operaciones\u201d<\/strong><\/p>\n<p>En ese m\u00f3dulo, las autoridades de ARLOG se referir\u00e1n a la investigaci\u00f3n 2014 realizada dentro del territorio nacional para algunos sectores generadores de carga.<\/p>\n<p>Las autoridades de la Asociaci\u00f3n Argentina de <strong>Log\u00edstica<\/strong> Empresaria (ARLOG) se referir\u00e1n a la investigaci\u00f3n 2014, realizada dentro del territorio nacional, para algunos sectores generadores de carga, con el objetivo de verificar el estado del grado de tercerizaci\u00f3n de operaciones en que se hallan los mismos.<\/p>\n<p>La disertaci\u00f3n estar\u00e1 a cargo de Hern\u00e1n S\u00e1nchez, presidente de ARLOG, y de Alejandro Leiras, director de estudios y responsable de la investigaci\u00f3n. El moderador ser\u00e1 Rub\u00e9n El\u00edas, director delegado de CEDOL.<strong>\u00a0<\/strong><\/p>\n<p>&nbsp;<\/p>\n<p><strong>\u201cCambios en los Vol\u00famenes y la Operaci\u00f3n de Servicios durante el 2014\u201d<\/strong><\/p>\n<p>Luego se expondr\u00e1n dos tipos de mediciones relativas a los servicios que hoy brinda la oferta de los 3PL:<\/p>\n<p>-Vol\u00famenes movidos por los operadores durante 2014 frente periodos anteriores.<\/p>\n<p>-An\u00e1lisis t\u00e9cnico 2014 de los 3PL: facturaci\u00f3n, metros cuadrados operados, mano de obra, sectores a quienes se brindan servicios y tipo de actividades.<\/p>\n<p>La presentaci\u00f3n estar\u00e1 a cargo de Rub\u00e9n El\u00edas y Carlos Musante.<strong>\u00a0<\/strong><\/p>\n<p>&nbsp;<\/p>\n<p><strong>M\u00f3dulo II<\/strong><\/p>\n<p><strong>\u201cInnovaci\u00f3n en Procesos Log\u00edsticos y Benchmarking<\/strong>\u201d<\/p>\n<p>La segunda parte ser\u00e1 desarrollada por Carlos Musante, qui\u00e9n profundizar\u00e1 en el concepto de funci\u00f3n <strong>log\u00edstica<\/strong> m\u00e1s relacionada al proceso de negocios.<\/p>\n<p><strong>\u00a0<\/strong><\/p>\n<p><strong>\u201cCaso de Innovaci\u00f3n en Operaciones: Log\u00edstica de motos\u201d. <\/strong>Puente entre el proceso de fabricaci\u00f3n y la distinta segmentaci\u00f3n de la demanda y tipos de clientes.<\/p>\n<p>El tema estar\u00e1 a cargo de Gaxan Casta\u00f1os Ruesga, jefe de divisi\u00f3n <strong>log\u00edstica<\/strong> del Grupo CAT.<\/p>\n<p>&nbsp;<\/p>\n<p>Informes e inscripci\u00f3n:<strong> C\u00e1mara Empresaria de Operadores Log\u00edsticos<\/strong>, S\u00e1nchez de Bustamante 54, Buenos Aires, (011) 4860-7775\/6, <a href=\"http:\/\/www.cedol.org.ar\/\">www.cedol.org.ar<\/a><\/p>\n","protected":false},"excerpt":{"rendered":"<p>La C\u00e1mara Empresaria de Operadores Log\u00edsticos (CEDOL) anuncia que se llevar\u00e1 a cabo su 7mo Encuentro de Intercambio Profesional \u201cInnovaci\u00f3n y Grado de Outsourcing en [&hellip;]<\/p>\n","protected":false},"author":1,"featured_media":0,"comment_status":"open","ping_status":"open","sticky":false,"template":"","format":"standard","meta":{"_monsterinsights_skip_tracking":false,"_monsterinsights_sitenote_active":false,"_monsterinsights_sitenote_note":"","_monsterinsights_sitenote_category":0,"footnotes":""},"categories":[20],"tags":[18,9,31,19],"class_list":["post-1062","post","type-post","status-publish","format-standard","hentry","category-eventos-logisticos","tag-encuentro-de-intercambio-profesional","tag-logistica","tag-operadores-logisticos","tag-supply-chain"],"yoast_head":"<!-- This site is optimized with the Yoast SEO plugin v22.3 - https:\/\/yoast.com\/wordpress\/plugins\/seo\/ -->\n<title>Innovaci\u00f3n y grado de outsourcing en las operaciones log\u00edsticas, ejes del 7\u00ba Encuentro de Intercambio Profesional de CEDOL  &#187; CEDOL<\/title>\n<meta name=\"description\" content=\"La C\u00e1mara Empresaria de Operadores Log\u00edsticos (CEDOL) anuncia que se llevar\u00e1 a cabo su 7mo Encuentro de Intercambio Profesional \u201cInnovaci\u00f3n y Grado de\" \/>\n<meta name=\"robots\" content=\"index, follow, max-snippet:-1, max-image-preview:large, max-video-preview:-1\" \/>\n<link rel=\"canonical\" href=\"https:\/\/www.cedol.org.ar\/logistica\/innovacion-y-grado-de-outsourcing-en-las-operaciones-logisticas-ejes-del-7o-encuentro-de-intercambio-profesional-de-cedol-2\/\" \/>\n<meta property=\"og:locale\" content=\"es_ES\" \/>\n<meta property=\"og:type\" content=\"article\" \/>\n<meta property=\"og:title\" content=\"Innovaci\u00f3n y grado de outsourcing en las operaciones log\u00edsticas, ejes del 7\u00ba Encuentro de Intercambio Profesional de CEDOL  &#187; CEDOL\" \/>\n<meta property=\"og:description\" content=\"La C\u00e1mara Empresaria de Operadores Log\u00edsticos (CEDOL) anuncia que se llevar\u00e1 a cabo su 7mo Encuentro de Intercambio Profesional \u201cInnovaci\u00f3n y Grado de\" \/>\n<meta property=\"og:url\" content=\"https:\/\/www.cedol.org.ar\/logistica\/innovacion-y-grado-de-outsourcing-en-las-operaciones-logisticas-ejes-del-7o-encuentro-de-intercambio-profesional-de-cedol-2\/\" \/>\n<meta property=\"og:site_name\" content=\"CEDOL\" \/>\n<meta property=\"article:published_time\" content=\"2015-01-16T14:33:39+00:00\" \/>\n<meta property=\"og:image\" content=\"http:\/\/www.cedol.org.ar\/logistica\/wp-content\/uploads\/2014\/12\/cedol-7-copia.jpg\" \/>\n<meta name=\"author\" content=\"admin\" \/>\n<meta name=\"twitter:card\" content=\"summary_large_image\" \/>\n<meta name=\"twitter:label1\" content=\"Escrito por\" \/>\n\t<meta name=\"twitter:data1\" content=\"admin\" \/>\n\t<meta name=\"twitter:label2\" content=\"Tiempo de lectura\" \/>\n\t<meta name=\"twitter:data2\" content=\"2 minutos\" \/>\n<script type=\"application\/ld+json\" class=\"yoast-schema-graph\">{\"@context\":\"https:\/\/schema.org\",\"@graph\":[{\"@type\":\"WebPage\",\"@id\":\"https:\/\/www.cedol.org.ar\/logistica\/innovacion-y-grado-de-outsourcing-en-las-operaciones-logisticas-ejes-del-7o-encuentro-de-intercambio-profesional-de-cedol-2\/\",\"url\":\"https:\/\/www.cedol.org.ar\/logistica\/innovacion-y-grado-de-outsourcing-en-las-operaciones-logisticas-ejes-del-7o-encuentro-de-intercambio-profesional-de-cedol-2\/\",\"name\":\"Innovaci\u00f3n y grado de outsourcing en las operaciones log\u00edsticas, ejes del 7\u00ba Encuentro de Intercambio Profesional de CEDOL &#187; CEDOL\",\"isPartOf\":{\"@id\":\"https:\/\/www.cedol.org.ar\/logistica\/#website\"},\"primaryImageOfPage\":{\"@id\":\"https:\/\/www.cedol.org.ar\/logistica\/innovacion-y-grado-de-outsourcing-en-las-operaciones-logisticas-ejes-del-7o-encuentro-de-intercambio-profesional-de-cedol-2\/#primaryimage\"},\"image\":{\"@id\":\"https:\/\/www.cedol.org.ar\/logistica\/innovacion-y-grado-de-outsourcing-en-las-operaciones-logisticas-ejes-del-7o-encuentro-de-intercambio-profesional-de-cedol-2\/#primaryimage\"},\"thumbnailUrl\":\"http:\/\/www.cedol.org.ar\/logistica\/wp-content\/uploads\/2014\/12\/cedol-7-copia.jpg\",\"datePublished\":\"2015-01-16T14:33:39+00:00\",\"dateModified\":\"2015-01-16T14:33:39+00:00\",\"author\":{\"@id\":\"https:\/\/www.cedol.org.ar\/logistica\/#\/schema\/person\/40275bdb20446824fc74d51aabe22e83\"},\"description\":\"La C\u00e1mara Empresaria de Operadores Log\u00edsticos (CEDOL) anuncia que se llevar\u00e1 a cabo su 7mo Encuentro de Intercambio Profesional \u201cInnovaci\u00f3n y Grado de\",\"breadcrumb\":{\"@id\":\"https:\/\/www.cedol.org.ar\/logistica\/innovacion-y-grado-de-outsourcing-en-las-operaciones-logisticas-ejes-del-7o-encuentro-de-intercambio-profesional-de-cedol-2\/#breadcrumb\"},\"inLanguage\":\"es\",\"potentialAction\":[{\"@type\":\"ReadAction\",\"target\":[\"https:\/\/www.cedol.org.ar\/logistica\/innovacion-y-grado-de-outsourcing-en-las-operaciones-logisticas-ejes-del-7o-encuentro-de-intercambio-profesional-de-cedol-2\/\"]}]},{\"@type\":\"ImageObject\",\"inLanguage\":\"es\",\"@id\":\"https:\/\/www.cedol.org.ar\/logistica\/innovacion-y-grado-de-outsourcing-en-las-operaciones-logisticas-ejes-del-7o-encuentro-de-intercambio-profesional-de-cedol-2\/#primaryimage\",\"url\":\"http:\/\/www.cedol.org.ar\/logistica\/wp-content\/uploads\/2014\/12\/cedol-7-copia.jpg\",\"contentUrl\":\"http:\/\/www.cedol.org.ar\/logistica\/wp-content\/uploads\/2014\/12\/cedol-7-copia.jpg\"},{\"@type\":\"BreadcrumbList\",\"@id\":\"https:\/\/www.cedol.org.ar\/logistica\/innovacion-y-grado-de-outsourcing-en-las-operaciones-logisticas-ejes-del-7o-encuentro-de-intercambio-profesional-de-cedol-2\/#breadcrumb\",\"itemListElement\":[{\"@type\":\"ListItem\",\"position\":1,\"name\":\"Home\",\"item\":\"https:\/\/www.cedol.org.ar\/logistica\/\"},{\"@type\":\"ListItem\",\"position\":2,\"name\":\"Innovaci\u00f3n y grado de outsourcing en las operaciones log\u00edsticas, ejes del 7\u00ba Encuentro de Intercambio Profesional de CEDOL\"}]},{\"@type\":\"WebSite\",\"@id\":\"https:\/\/www.cedol.org.ar\/logistica\/#website\",\"url\":\"https:\/\/www.cedol.org.ar\/logistica\/\",\"name\":\"CEDOL\",\"description\":\"C\u00c1MARA EMPRESARIA DE OPERADORES LOG\u00cdSTICOS\",\"potentialAction\":[{\"@type\":\"SearchAction\",\"target\":{\"@type\":\"EntryPoint\",\"urlTemplate\":\"https:\/\/www.cedol.org.ar\/logistica\/?s={search_term_string}\"},\"query-input\":\"required name=search_term_string\"}],\"inLanguage\":\"es\"},{\"@type\":\"Person\",\"@id\":\"https:\/\/www.cedol.org.ar\/logistica\/#\/schema\/person\/40275bdb20446824fc74d51aabe22e83\",\"name\":\"admin\"}]}<\/script>\n<!-- \/ Yoast SEO plugin. -->","yoast_head_json":{"title":"Innovaci\u00f3n y grado de outsourcing en las operaciones log\u00edsticas, ejes del 7\u00ba Encuentro de Intercambio Profesional de CEDOL  &#187; CEDOL","description":"La C\u00e1mara Empresaria de Operadores Log\u00edsticos (CEDOL) anuncia que se llevar\u00e1 a cabo su 7mo Encuentro de Intercambio Profesional \u201cInnovaci\u00f3n y Grado de","robots":{"index":"index","follow":"follow","max-snippet":"max-snippet:-1","max-image-preview":"max-image-preview:large","max-video-preview":"max-video-preview:-1"},"canonical":"https:\/\/www.cedol.org.ar\/logistica\/innovacion-y-grado-de-outsourcing-en-las-operaciones-logisticas-ejes-del-7o-encuentro-de-intercambio-profesional-de-cedol-2\/","og_locale":"es_ES","og_type":"article","og_title":"Innovaci\u00f3n y grado de outsourcing en las operaciones log\u00edsticas, ejes del 7\u00ba Encuentro de Intercambio Profesional de CEDOL  &#187; CEDOL","og_description":"La C\u00e1mara Empresaria de Operadores Log\u00edsticos (CEDOL) anuncia que se llevar\u00e1 a cabo su 7mo Encuentro de Intercambio Profesional \u201cInnovaci\u00f3n y Grado de","og_url":"https:\/\/www.cedol.org.ar\/logistica\/innovacion-y-grado-de-outsourcing-en-las-operaciones-logisticas-ejes-del-7o-encuentro-de-intercambio-profesional-de-cedol-2\/","og_site_name":"CEDOL","article_published_time":"2015-01-16T14:33:39+00:00","og_image":[{"url":"http:\/\/www.cedol.org.ar\/logistica\/wp-content\/uploads\/2014\/12\/cedol-7-copia.jpg"}],"author":"admin","twitter_card":"summary_large_image","twitter_misc":{"Escrito por":"admin","Tiempo de lectura":"2 minutos"},"schema":{"@context":"https:\/\/schema.org","@graph":[{"@type":"WebPage","@id":"https:\/\/www.cedol.org.ar\/logistica\/innovacion-y-grado-de-outsourcing-en-las-operaciones-logisticas-ejes-del-7o-encuentro-de-intercambio-profesional-de-cedol-2\/","url":"https:\/\/www.cedol.org.ar\/logistica\/innovacion-y-grado-de-outsourcing-en-las-operaciones-logisticas-ejes-del-7o-encuentro-de-intercambio-profesional-de-cedol-2\/","name":"Innovaci\u00f3n y grado de outsourcing en las operaciones log\u00edsticas, ejes del 7\u00ba Encuentro de Intercambio Profesional de CEDOL &#187; CEDOL","isPartOf":{"@id":"https:\/\/www.cedol.org.ar\/logistica\/#website"},"primaryImageOfPage":{"@id":"https:\/\/www.cedol.org.ar\/logistica\/innovacion-y-grado-de-outsourcing-en-las-operaciones-logisticas-ejes-del-7o-encuentro-de-intercambio-profesional-de-cedol-2\/#primaryimage"},"image":{"@id":"https:\/\/www.cedol.org.ar\/logistica\/innovacion-y-grado-de-outsourcing-en-las-operaciones-logisticas-ejes-del-7o-encuentro-de-intercambio-profesional-de-cedol-2\/#primaryimage"},"thumbnailUrl":"http:\/\/www.cedol.org.ar\/logistica\/wp-content\/uploads\/2014\/12\/cedol-7-copia.jpg","datePublished":"2015-01-16T14:33:39+00:00","dateModified":"2015-01-16T14:33:39+00:00","author":{"@id":"https:\/\/www.cedol.org.ar\/logistica\/#\/schema\/person\/40275bdb20446824fc74d51aabe22e83"},"description":"La C\u00e1mara Empresaria de Operadores Log\u00edsticos (CEDOL) anuncia que se llevar\u00e1 a cabo su 7mo Encuentro de Intercambio Profesional \u201cInnovaci\u00f3n y Grado de","breadcrumb":{"@id":"https:\/\/www.cedol.org.ar\/logistica\/innovacion-y-grado-de-outsourcing-en-las-operaciones-logisticas-ejes-del-7o-encuentro-de-intercambio-profesional-de-cedol-2\/#breadcrumb"},"inLanguage":"es","potentialAction":[{"@type":"ReadAction","target":["https:\/\/www.cedol.org.ar\/logistica\/innovacion-y-grado-de-outsourcing-en-las-operaciones-logisticas-ejes-del-7o-encuentro-de-intercambio-profesional-de-cedol-2\/"]}]},{"@type":"ImageObject","inLanguage":"es","@id":"https:\/\/www.cedol.org.ar\/logistica\/innovacion-y-grado-de-outsourcing-en-las-operaciones-logisticas-ejes-del-7o-encuentro-de-intercambio-profesional-de-cedol-2\/#primaryimage","url":"http:\/\/www.cedol.org.ar\/logistica\/wp-content\/uploads\/2014\/12\/cedol-7-copia.jpg","contentUrl":"http:\/\/www.cedol.org.ar\/logistica\/wp-content\/uploads\/2014\/12\/cedol-7-copia.jpg"},{"@type":"BreadcrumbList","@id":"https:\/\/www.cedol.org.ar\/logistica\/innovacion-y-grado-de-outsourcing-en-las-operaciones-logisticas-ejes-del-7o-encuentro-de-intercambio-profesional-de-cedol-2\/#breadcrumb","itemListElement":[{"@type":"ListItem","position":1,"name":"Home","item":"https:\/\/www.cedol.org.ar\/logistica\/"},{"@type":"ListItem","position":2,"name":"Innovaci\u00f3n y grado de outsourcing en las operaciones log\u00edsticas, ejes del 7\u00ba Encuentro de Intercambio Profesional de CEDOL"}]},{"@type":"WebSite","@id":"https:\/\/www.cedol.org.ar\/logistica\/#website","url":"https:\/\/www.cedol.org.ar\/logistica\/","name":"CEDOL","description":"C\u00c1MARA EMPRESARIA DE OPERADORES LOG\u00cdSTICOS","potentialAction":[{"@type":"SearchAction","target":{"@type":"EntryPoint","urlTemplate":"https:\/\/www.cedol.org.ar\/logistica\/?s={search_term_string}"},"query-input":"required name=search_term_string"}],"inLanguage":"es"},{"@type":"Person","@id":"https:\/\/www.cedol.org.ar\/logistica\/#\/schema\/person\/40275bdb20446824fc74d51aabe22e83","name":"admin"}]}},"_links":{"self":[{"href":"https:\/\/www.cedol.org.ar\/logistica\/wp-json\/wp\/v2\/posts\/1062","targetHints":{"allow":["GET"]}}],"collection":[{"href":"https:\/\/www.cedol.org.ar\/logistica\/wp-json\/wp\/v2\/posts"}],"about":[{"href":"https:\/\/www.cedol.org.ar\/logistica\/wp-json\/wp\/v2\/types\/post"}],"author":[{"embeddable":true,"href":"https:\/\/www.cedol.org.ar\/logistica\/wp-json\/wp\/v2\/users\/1"}],"replies":[{"embeddable":true,"href":"https:\/\/www.cedol.org.ar\/logistica\/wp-json\/wp\/v2\/comments?post=1062"}],"version-history":[{"count":1,"href":"https:\/\/www.cedol.org.ar\/logistica\/wp-json\/wp\/v2\/posts\/1062\/revisions"}],"predecessor-version":[{"id":1063,"href":"https:\/\/www.cedol.org.ar\/logistica\/wp-json\/wp\/v2\/posts\/1062\/revisions\/1063"}],"wp:attachment":[{"href":"https:\/\/www.cedol.org.ar\/logistica\/wp-json\/wp\/v2\/media?parent=1062"}],"wp:term":[{"taxonomy":"category","embeddable":true,"href":"https:\/\/www.cedol.org.ar\/logistica\/wp-json\/wp\/v2\/categories?post=1062"},{"taxonomy":"post_tag","embeddable":true,"href":"https:\/\/www.cedol.org.ar\/logistica\/wp-json\/wp\/v2\/tags?post=1062"}],"curies":[{"name":"wp","href":"https:\/\/api.w.org\/{rel}","templated":true}]}}