{"id":1022,"date":"2014-11-19T18:39:09","date_gmt":"2014-11-19T18:39:09","guid":{"rendered":"http:\/\/www.cedol.org.ar\/logistica\/?p=1022"},"modified":"2014-11-20T17:44:34","modified_gmt":"2014-11-20T17:44:34","slug":"los-departamento-de-rr-hh-operaciones-y-transporte-de-cedol-visitaron-el-centro-de-capacitacion-de-escobar","status":"publish","type":"post","link":"https:\/\/www.cedol.org.ar\/logistica\/los-departamento-de-rr-hh-operaciones-y-transporte-de-cedol-visitaron-el-centro-de-capacitacion-de-escobar\/","title":{"rendered":"Los Departamentos de RR.HH, Operaciones y Transporte de CEDOL visitaron el Centro de Capacitaci\u00f3n de Escobar"},"content":{"rendered":"<p><a href=\"http:\/\/www.cedol.org.ar\/logistica\/wp-content\/uploads\/2014\/11\/Fotos-Visita-Escobar-1.jpg\"><img loading=\"lazy\" decoding=\"async\" class=\"aligncenter size-large wp-image-1023\" src=\"http:\/\/www.cedol.org.ar\/logistica\/wp-content\/uploads\/2014\/11\/Fotos-Visita-Escobar-1-1024x576.jpg\" alt=\"Servicios logisticos\" width=\"584\" height=\"328\" srcset=\"https:\/\/www.cedol.org.ar\/logistica\/wp-content\/uploads\/2014\/11\/Fotos-Visita-Escobar-1-1024x576.jpg 1024w, https:\/\/www.cedol.org.ar\/logistica\/wp-content\/uploads\/2014\/11\/Fotos-Visita-Escobar-1-300x168.jpg 300w, https:\/\/www.cedol.org.ar\/logistica\/wp-content\/uploads\/2014\/11\/Fotos-Visita-Escobar-1-500x281.jpg 500w\" sizes=\"auto, (max-width: 584px) 100vw, 584px\" \/><\/a><\/p>\n<p>Los integrantes del Departamento de Recursos Humanos y Acci\u00f3n Laboral, Operaciones y Transporte de <strong>CEDOL<\/strong> visitaron en octubre pasado el flamante Centro de Capacitaci\u00f3n de Escobar, incluyendo sus 27 hect\u00e1reas, 1.600 metros de pista, cinco aulas te\u00f3ricas con tecnolog\u00eda de \u00faltima generaci\u00f3n, tres aulas con simuladores y cinco aulas destinadas a talleres, un dep\u00f3sito para <a title=\"Dep\u00f3sitos premium: un mercado que sigue subofertado\" href=\"http:\/\/www.cedol.org.ar\/logistica\/depositos-premium-un-mercado-que-sigue-subofertado\/\" target=\"_blank\">pr\u00e1cticas de almacenamiento<\/a>, autoelevadores y elementos de carga, y el estacionamiento de camiones.<!--more--><\/p>\n<p><a href=\"http:\/\/www.cedol.org.ar\/logistica\/wp-content\/uploads\/2014\/11\/Foto-Visita-Escobar-2.jpg\"><img loading=\"lazy\" decoding=\"async\" class=\"aligncenter size-large wp-image-1024\" src=\"http:\/\/www.cedol.org.ar\/logistica\/wp-content\/uploads\/2014\/11\/Foto-Visita-Escobar-2-1024x576.jpg\" alt=\"Logistica\" width=\"584\" height=\"328\" srcset=\"https:\/\/www.cedol.org.ar\/logistica\/wp-content\/uploads\/2014\/11\/Foto-Visita-Escobar-2-1024x576.jpg 1024w, https:\/\/www.cedol.org.ar\/logistica\/wp-content\/uploads\/2014\/11\/Foto-Visita-Escobar-2-300x168.jpg 300w, https:\/\/www.cedol.org.ar\/logistica\/wp-content\/uploads\/2014\/11\/Foto-Visita-Escobar-2-500x281.jpg 500w\" sizes=\"auto, (max-width: 584px) 100vw, 584px\" \/><\/a><\/p>\n<p>De la partida fueron Carlos Musante y Daniel Carranza, representantes de <strong>CEDOL<\/strong>, Juan Furrones, Pablo Sancho (Andreani <strong>Log\u00edstica<\/strong>), Gustavo Cangiani (OCA), Federico Garat (ID), Julio Sardi y Emilio Korton (CAT Argentina), Carlos Eiroa, Juan Manuel Valcarcel (TRF), Tomas Garc\u00eda (Loginter), Natalio Haylli (Provinter), Marcos Campo (DHL), Sebasti\u00e1n Hauser y Adri\u00e1n Katz (Andreani), Jorge Vera (Interbook) y Rafael Ohrnialian (Exo<strong>log\u00edstica<\/strong>), quienes pudieron conocer los <a title=\"Las ventas de los operadores log\u00edsticos crecieron un 30%\" href=\"http:\/\/www.cedol.org.ar\/logistica\/las-ventas-de-los-operadores-logisticos-crecieron-un-30\/\" target=\"_blank\">beneficios de la capacitaci\u00f3n<\/a> operativa, un tema clave para la actividad <strong>log\u00edstica<\/strong>, que se abren para nuestra c\u00e1mara con las nuevas instalaciones.<\/p>\n<p>Las actividades que ya se comenzaron a desarrollar en el centro incluyen los cursos de:<\/p>\n<ul>\n<li>Chofer Profesional, orientado a brindar al chofer las herramientas necesarias para una operaci\u00f3n segura y eficiente del veh\u00edculo; te\u00f3rico y pr\u00e1ctico, utiliza simuladores de \u00faltima generaci\u00f3n y se completa con recorridos por rutas nacionales;<\/li>\n<li>Perfeccionamiento para Conductores de Veh\u00edculos de Carga, destinado a incorporar y profundizar en conceptos fundamentales para una conducci\u00f3n econ\u00f3mica y eficiente siempre dentro de las leyes de tr\u00e1nsito;<\/li>\n<li>Inicial de Operador de Autoelevadores, destinado a personas sin experiencia previa, abarcando no s\u00f3lo autoelevadores sino tambi\u00e9n transpaletas manuales, y<\/li>\n<li><a title=\"El operador log\u00edstico en alianza con el cliente es un facilitador del desarrollo del negocio\" href=\"http:\/\/www.cedol.org.ar\/logistica\/el-operador-logistico-en-alianza-con-el-cliente-es-un-facilitador-del-desarrollo-del-negocio-2\/\" target=\"_blank\">Perfeccionamiento de Operador<\/a> de Autoelevadores, para los que ya tienen experiencia, con el prop\u00f3sito de aumentar la seguridad y la eficacia en el manejo.<\/li>\n<\/ul>\n","protected":false},"excerpt":{"rendered":"<p>Los integrantes del Departamento de Recursos Humanos y Acci\u00f3n Laboral, Operaciones y Transporte de CEDOL visitaron en octubre pasado el flamante Centro de Capacitaci\u00f3n de [&hellip;]<\/p>\n","protected":false},"author":1,"featured_media":0,"comment_status":"open","ping_status":"open","sticky":false,"template":"","format":"standard","meta":{"_monsterinsights_skip_tracking":false,"_monsterinsights_sitenote_active":false,"_monsterinsights_sitenote_note":"","_monsterinsights_sitenote_category":0,"footnotes":""},"categories":[4],"tags":[13,9,31,24],"class_list":["post-1022","post","type-post","status-publish","format-standard","hentry","category-noticias","tag-distribucion-y-logistica","tag-logistica","tag-operadores-logisticos","tag-servicios-logisticos"],"yoast_head":"<!-- This site is optimized with the Yoast SEO plugin v22.3 - https:\/\/yoast.com\/wordpress\/plugins\/seo\/ -->\n<title>Los Departamentos de RR.HH, Operaciones y Transporte de CEDOL visitaron el Centro de Capacitaci\u00f3n de Escobar &#187; CEDOL<\/title>\n<meta name=\"description\" content=\"Los integrantes del Departamento de Recursos Humanos y Acci\u00f3n Laboral, Operaciones y Transporte de CEDOL visitaron en octubre pasado el flamante Centro de\" \/>\n<meta name=\"robots\" content=\"index, follow, max-snippet:-1, max-image-preview:large, max-video-preview:-1\" \/>\n<link rel=\"canonical\" href=\"https:\/\/www.cedol.org.ar\/logistica\/los-departamento-de-rr-hh-operaciones-y-transporte-de-cedol-visitaron-el-centro-de-capacitacion-de-escobar\/\" \/>\n<meta property=\"og:locale\" content=\"es_ES\" \/>\n<meta property=\"og:type\" content=\"article\" \/>\n<meta property=\"og:title\" content=\"Los Departamentos de RR.HH, Operaciones y Transporte de CEDOL visitaron el Centro de Capacitaci\u00f3n de Escobar &#187; CEDOL\" \/>\n<meta property=\"og:description\" content=\"Los integrantes del Departamento de Recursos Humanos y Acci\u00f3n Laboral, Operaciones y Transporte de CEDOL visitaron en octubre pasado el flamante Centro de\" \/>\n<meta property=\"og:url\" content=\"https:\/\/www.cedol.org.ar\/logistica\/los-departamento-de-rr-hh-operaciones-y-transporte-de-cedol-visitaron-el-centro-de-capacitacion-de-escobar\/\" \/>\n<meta property=\"og:site_name\" content=\"CEDOL\" \/>\n<meta property=\"article:published_time\" content=\"2014-11-19T18:39:09+00:00\" \/>\n<meta property=\"article:modified_time\" content=\"2014-11-20T17:44:34+00:00\" \/>\n<meta property=\"og:image\" content=\"http:\/\/www.cedol.org.ar\/logistica\/wp-content\/uploads\/2014\/11\/Fotos-Visita-Escobar-1-1024x576.jpg\" \/>\n<meta name=\"author\" content=\"admin\" \/>\n<meta name=\"twitter:card\" content=\"summary_large_image\" \/>\n<meta name=\"twitter:label1\" content=\"Escrito por\" \/>\n\t<meta name=\"twitter:data1\" content=\"admin\" \/>\n\t<meta name=\"twitter:label2\" content=\"Tiempo de lectura\" \/>\n\t<meta name=\"twitter:data2\" content=\"2 minutos\" \/>\n<script type=\"application\/ld+json\" class=\"yoast-schema-graph\">{\"@context\":\"https:\/\/schema.org\",\"@graph\":[{\"@type\":\"WebPage\",\"@id\":\"https:\/\/www.cedol.org.ar\/logistica\/los-departamento-de-rr-hh-operaciones-y-transporte-de-cedol-visitaron-el-centro-de-capacitacion-de-escobar\/\",\"url\":\"https:\/\/www.cedol.org.ar\/logistica\/los-departamento-de-rr-hh-operaciones-y-transporte-de-cedol-visitaron-el-centro-de-capacitacion-de-escobar\/\",\"name\":\"Los Departamentos de RR.HH, Operaciones y Transporte de CEDOL visitaron el Centro de Capacitaci\u00f3n de Escobar &#187; CEDOL\",\"isPartOf\":{\"@id\":\"https:\/\/www.cedol.org.ar\/logistica\/#website\"},\"primaryImageOfPage\":{\"@id\":\"https:\/\/www.cedol.org.ar\/logistica\/los-departamento-de-rr-hh-operaciones-y-transporte-de-cedol-visitaron-el-centro-de-capacitacion-de-escobar\/#primaryimage\"},\"image\":{\"@id\":\"https:\/\/www.cedol.org.ar\/logistica\/los-departamento-de-rr-hh-operaciones-y-transporte-de-cedol-visitaron-el-centro-de-capacitacion-de-escobar\/#primaryimage\"},\"thumbnailUrl\":\"http:\/\/www.cedol.org.ar\/logistica\/wp-content\/uploads\/2014\/11\/Fotos-Visita-Escobar-1-1024x576.jpg\",\"datePublished\":\"2014-11-19T18:39:09+00:00\",\"dateModified\":\"2014-11-20T17:44:34+00:00\",\"author\":{\"@id\":\"https:\/\/www.cedol.org.ar\/logistica\/#\/schema\/person\/40275bdb20446824fc74d51aabe22e83\"},\"description\":\"Los integrantes del Departamento de Recursos Humanos y Acci\u00f3n Laboral, Operaciones y Transporte de CEDOL visitaron en octubre pasado el flamante Centro de\",\"breadcrumb\":{\"@id\":\"https:\/\/www.cedol.org.ar\/logistica\/los-departamento-de-rr-hh-operaciones-y-transporte-de-cedol-visitaron-el-centro-de-capacitacion-de-escobar\/#breadcrumb\"},\"inLanguage\":\"es\",\"potentialAction\":[{\"@type\":\"ReadAction\",\"target\":[\"https:\/\/www.cedol.org.ar\/logistica\/los-departamento-de-rr-hh-operaciones-y-transporte-de-cedol-visitaron-el-centro-de-capacitacion-de-escobar\/\"]}]},{\"@type\":\"ImageObject\",\"inLanguage\":\"es\",\"@id\":\"https:\/\/www.cedol.org.ar\/logistica\/los-departamento-de-rr-hh-operaciones-y-transporte-de-cedol-visitaron-el-centro-de-capacitacion-de-escobar\/#primaryimage\",\"url\":\"http:\/\/www.cedol.org.ar\/logistica\/wp-content\/uploads\/2014\/11\/Fotos-Visita-Escobar-1-1024x576.jpg\",\"contentUrl\":\"http:\/\/www.cedol.org.ar\/logistica\/wp-content\/uploads\/2014\/11\/Fotos-Visita-Escobar-1-1024x576.jpg\"},{\"@type\":\"BreadcrumbList\",\"@id\":\"https:\/\/www.cedol.org.ar\/logistica\/los-departamento-de-rr-hh-operaciones-y-transporte-de-cedol-visitaron-el-centro-de-capacitacion-de-escobar\/#breadcrumb\",\"itemListElement\":[{\"@type\":\"ListItem\",\"position\":1,\"name\":\"Home\",\"item\":\"https:\/\/www.cedol.org.ar\/logistica\/\"},{\"@type\":\"ListItem\",\"position\":2,\"name\":\"Los Departamentos de RR.HH, Operaciones y Transporte de CEDOL visitaron el Centro de Capacitaci\u00f3n de Escobar\"}]},{\"@type\":\"WebSite\",\"@id\":\"https:\/\/www.cedol.org.ar\/logistica\/#website\",\"url\":\"https:\/\/www.cedol.org.ar\/logistica\/\",\"name\":\"CEDOL\",\"description\":\"C\u00c1MARA EMPRESARIA DE OPERADORES LOG\u00cdSTICOS\",\"potentialAction\":[{\"@type\":\"SearchAction\",\"target\":{\"@type\":\"EntryPoint\",\"urlTemplate\":\"https:\/\/www.cedol.org.ar\/logistica\/?s={search_term_string}\"},\"query-input\":\"required name=search_term_string\"}],\"inLanguage\":\"es\"},{\"@type\":\"Person\",\"@id\":\"https:\/\/www.cedol.org.ar\/logistica\/#\/schema\/person\/40275bdb20446824fc74d51aabe22e83\",\"name\":\"admin\"}]}<\/script>\n<!-- \/ Yoast SEO plugin. -->","yoast_head_json":{"title":"Los Departamentos de RR.HH, Operaciones y Transporte de CEDOL visitaron el Centro de Capacitaci\u00f3n de Escobar &#187; CEDOL","description":"Los integrantes del Departamento de Recursos Humanos y Acci\u00f3n Laboral, Operaciones y Transporte de CEDOL visitaron en octubre pasado el flamante Centro de","robots":{"index":"index","follow":"follow","max-snippet":"max-snippet:-1","max-image-preview":"max-image-preview:large","max-video-preview":"max-video-preview:-1"},"canonical":"https:\/\/www.cedol.org.ar\/logistica\/los-departamento-de-rr-hh-operaciones-y-transporte-de-cedol-visitaron-el-centro-de-capacitacion-de-escobar\/","og_locale":"es_ES","og_type":"article","og_title":"Los Departamentos de RR.HH, Operaciones y Transporte de CEDOL visitaron el Centro de Capacitaci\u00f3n de Escobar &#187; CEDOL","og_description":"Los integrantes del Departamento de Recursos Humanos y Acci\u00f3n Laboral, Operaciones y Transporte de CEDOL visitaron en octubre pasado el flamante Centro de","og_url":"https:\/\/www.cedol.org.ar\/logistica\/los-departamento-de-rr-hh-operaciones-y-transporte-de-cedol-visitaron-el-centro-de-capacitacion-de-escobar\/","og_site_name":"CEDOL","article_published_time":"2014-11-19T18:39:09+00:00","article_modified_time":"2014-11-20T17:44:34+00:00","og_image":[{"url":"http:\/\/www.cedol.org.ar\/logistica\/wp-content\/uploads\/2014\/11\/Fotos-Visita-Escobar-1-1024x576.jpg"}],"author":"admin","twitter_card":"summary_large_image","twitter_misc":{"Escrito por":"admin","Tiempo de lectura":"2 minutos"},"schema":{"@context":"https:\/\/schema.org","@graph":[{"@type":"WebPage","@id":"https:\/\/www.cedol.org.ar\/logistica\/los-departamento-de-rr-hh-operaciones-y-transporte-de-cedol-visitaron-el-centro-de-capacitacion-de-escobar\/","url":"https:\/\/www.cedol.org.ar\/logistica\/los-departamento-de-rr-hh-operaciones-y-transporte-de-cedol-visitaron-el-centro-de-capacitacion-de-escobar\/","name":"Los Departamentos de RR.HH, Operaciones y Transporte de CEDOL visitaron el Centro de Capacitaci\u00f3n de Escobar &#187; CEDOL","isPartOf":{"@id":"https:\/\/www.cedol.org.ar\/logistica\/#website"},"primaryImageOfPage":{"@id":"https:\/\/www.cedol.org.ar\/logistica\/los-departamento-de-rr-hh-operaciones-y-transporte-de-cedol-visitaron-el-centro-de-capacitacion-de-escobar\/#primaryimage"},"image":{"@id":"https:\/\/www.cedol.org.ar\/logistica\/los-departamento-de-rr-hh-operaciones-y-transporte-de-cedol-visitaron-el-centro-de-capacitacion-de-escobar\/#primaryimage"},"thumbnailUrl":"http:\/\/www.cedol.org.ar\/logistica\/wp-content\/uploads\/2014\/11\/Fotos-Visita-Escobar-1-1024x576.jpg","datePublished":"2014-11-19T18:39:09+00:00","dateModified":"2014-11-20T17:44:34+00:00","author":{"@id":"https:\/\/www.cedol.org.ar\/logistica\/#\/schema\/person\/40275bdb20446824fc74d51aabe22e83"},"description":"Los integrantes del Departamento de Recursos Humanos y Acci\u00f3n Laboral, Operaciones y Transporte de CEDOL visitaron en octubre pasado el flamante Centro de","breadcrumb":{"@id":"https:\/\/www.cedol.org.ar\/logistica\/los-departamento-de-rr-hh-operaciones-y-transporte-de-cedol-visitaron-el-centro-de-capacitacion-de-escobar\/#breadcrumb"},"inLanguage":"es","potentialAction":[{"@type":"ReadAction","target":["https:\/\/www.cedol.org.ar\/logistica\/los-departamento-de-rr-hh-operaciones-y-transporte-de-cedol-visitaron-el-centro-de-capacitacion-de-escobar\/"]}]},{"@type":"ImageObject","inLanguage":"es","@id":"https:\/\/www.cedol.org.ar\/logistica\/los-departamento-de-rr-hh-operaciones-y-transporte-de-cedol-visitaron-el-centro-de-capacitacion-de-escobar\/#primaryimage","url":"http:\/\/www.cedol.org.ar\/logistica\/wp-content\/uploads\/2014\/11\/Fotos-Visita-Escobar-1-1024x576.jpg","contentUrl":"http:\/\/www.cedol.org.ar\/logistica\/wp-content\/uploads\/2014\/11\/Fotos-Visita-Escobar-1-1024x576.jpg"},{"@type":"BreadcrumbList","@id":"https:\/\/www.cedol.org.ar\/logistica\/los-departamento-de-rr-hh-operaciones-y-transporte-de-cedol-visitaron-el-centro-de-capacitacion-de-escobar\/#breadcrumb","itemListElement":[{"@type":"ListItem","position":1,"name":"Home","item":"https:\/\/www.cedol.org.ar\/logistica\/"},{"@type":"ListItem","position":2,"name":"Los Departamentos de RR.HH, Operaciones y Transporte de CEDOL visitaron el Centro de Capacitaci\u00f3n de Escobar"}]},{"@type":"WebSite","@id":"https:\/\/www.cedol.org.ar\/logistica\/#website","url":"https:\/\/www.cedol.org.ar\/logistica\/","name":"CEDOL","description":"C\u00c1MARA EMPRESARIA DE OPERADORES LOG\u00cdSTICOS","potentialAction":[{"@type":"SearchAction","target":{"@type":"EntryPoint","urlTemplate":"https:\/\/www.cedol.org.ar\/logistica\/?s={search_term_string}"},"query-input":"required name=search_term_string"}],"inLanguage":"es"},{"@type":"Person","@id":"https:\/\/www.cedol.org.ar\/logistica\/#\/schema\/person\/40275bdb20446824fc74d51aabe22e83","name":"admin"}]}},"_links":{"self":[{"href":"https:\/\/www.cedol.org.ar\/logistica\/wp-json\/wp\/v2\/posts\/1022","targetHints":{"allow":["GET"]}}],"collection":[{"href":"https:\/\/www.cedol.org.ar\/logistica\/wp-json\/wp\/v2\/posts"}],"about":[{"href":"https:\/\/www.cedol.org.ar\/logistica\/wp-json\/wp\/v2\/types\/post"}],"author":[{"embeddable":true,"href":"https:\/\/www.cedol.org.ar\/logistica\/wp-json\/wp\/v2\/users\/1"}],"replies":[{"embeddable":true,"href":"https:\/\/www.cedol.org.ar\/logistica\/wp-json\/wp\/v2\/comments?post=1022"}],"version-history":[{"count":2,"href":"https:\/\/www.cedol.org.ar\/logistica\/wp-json\/wp\/v2\/posts\/1022\/revisions"}],"predecessor-version":[{"id":1038,"href":"https:\/\/www.cedol.org.ar\/logistica\/wp-json\/wp\/v2\/posts\/1022\/revisions\/1038"}],"wp:attachment":[{"href":"https:\/\/www.cedol.org.ar\/logistica\/wp-json\/wp\/v2\/media?parent=1022"}],"wp:term":[{"taxonomy":"category","embeddable":true,"href":"https:\/\/www.cedol.org.ar\/logistica\/wp-json\/wp\/v2\/categories?post=1022"},{"taxonomy":"post_tag","embeddable":true,"href":"https:\/\/www.cedol.org.ar\/logistica\/wp-json\/wp\/v2\/tags?post=1022"}],"curies":[{"name":"wp","href":"https:\/\/api.w.org\/{rel}","templated":true}]}}